{"id":977,"date":"2014-05-28T08:54:44","date_gmt":"2014-05-28T07:54:44","guid":{"rendered":"http:\/\/www.fetz-racing.de\/wordpress\/?p=977"},"modified":"2014-05-28T08:54:44","modified_gmt":"2014-05-28T07:54:44","slug":"adac-mini-bike-cup-einfuehrungslahrgang-2014","status":"publish","type":"post","link":"https:\/\/www.fetz-racing.de\/wordpress\/?p=977","title":{"rendered":"ADAC Mini Bike Cup, Einf\u00fchrungslahrgang 2014"},"content":{"rendered":"<p>Am Samstag und Sonntag, 26. +\u00a027.04.2014 startete f\u00fcr Marco die Mini Bike Saison 2014. Der Einf\u00fchrungslehrgang f\u00fcr die Mini- und Pocketbiker fand erneut im Fahrsicherheitszentrum des ADAC Nordbayern in Schl\u00fcsselfeld statt.<\/p>\n<p>In diesen 2 Tagen wurde nat\u00fcrlich auf der Strecke trainiert, ebenso stand auch Verhalten auf und neben der Strecke, Fr\u00fchsport, usw\u2026. auf dem Programm.<\/p>\n<p>&nbsp;<\/p>\n<p>Marco f\u00e4hrt dieses Jahr nach 3 Jahren in der Einsteigerklasse NSR50 und NSF100 seine erste Saison in der Nachwuchsklasse mit der NSF 100.<\/p>\n<p>Wir freuen uns dieses Jahr wieder im Team ADAC Nordbayern\u00a0an den Start gehen zu k\u00f6nnen und m\u00f6chten uns daf\u00fcr bei allen unseren Sponsoren f\u00fcr die Unterst\u00fctzung bedanken!<\/p>\n<p>Fliesen Neusesser &#8211; Reifen Heinrich &#8211; KFZ Schletterer &#8211; Tisberger Motor &#8211; ADAC Nordbayern<\/p>\n<p>Und ab 2014 werden wir auch von der Fahrschule Heinlein aus Ansbach unterst\u00fctzt !!!<\/p>\n<p>Die Termine der Rennen\u00a0findet ihr unter <a href=\"https:\/\/www.fetz-racing.de\/\">www.fetz-racing.de\u00a0<\/a><\/p>\n<p>&nbsp;<\/p>\n<p>Bis bald an der Strecke !<\/p>\n<p>Mit motorsportlichen Gr\u00fc\u00dfen !<\/p>\n<p>Marco #33<\/p>\n<p>&amp; G\u00fcnter Fetz<\/p>\nngg_shortcode_0_placeholder\n","protected":false},"excerpt":{"rendered":"<p>Am Samstag und Sonntag, 26. +\u00a027.04.2014 startete f\u00fcr Marco die Mini Bike Saison 2014. Der Einf\u00fchrungslehrgang f\u00fcr die Mini- und Pocketbiker fand erneut im Fahrsicherheitszentrum des ADAC Nordbayern in Schl\u00fcsselfeld statt. In diesen 2 Tagen wurde nat\u00fcrlich auf der Strecke trainiert, ebenso stand auch Verhalten auf und neben der Strecke,\u2026 <a class=\"continue-reading-link\" href=\"https:\/\/www.fetz-racing.de\/wordpress\/?p=977\">Weiterlesen<\/a><\/p>\n","protected":false},"author":2,"featured_media":0,"comment_status":"open","ping_status":"open","sticky":false,"template":"","format":"standard","meta":{"ngg_post_thumbnail":0,"jetpack_post_was_ever_published":false,"_jetpack_newsletter_access":"","_jetpack_dont_email_post_to_subs":false,"_jetpack_newsletter_tier_id":0,"_jetpack_memberships_contains_paywalled_content":false,"_jetpack_memberships_contains_paid_content":false,"footnotes":"","jetpack_publicize_message":"","jetpack_publicize_feature_enabled":true,"jetpack_social_post_already_shared":false,"jetpack_social_options":{"image_generator_settings":{"template":"highway","default_image_id":0,"font":"","enabled":false},"version":2}},"categories":[1],"tags":[],"class_list":["post-977","post","type-post","status-publish","format-standard","hentry","category-allgemein"],"jetpack_publicize_connections":[],"jetpack_featured_media_url":"","jetpack_sharing_enabled":true,"jetpack_shortlink":"https:\/\/wp.me\/p8UkLO-fL","jetpack-related-posts":[],"_links":{"self":[{"href":"https:\/\/www.fetz-racing.de\/wordpress\/index.php?rest_route=\/wp\/v2\/posts\/977","targetHints":{"allow":["GET"]}}],"collection":[{"href":"https:\/\/www.fetz-racing.de\/wordpress\/index.php?rest_route=\/wp\/v2\/posts"}],"about":[{"href":"https:\/\/www.fetz-racing.de\/wordpress\/index.php?rest_route=\/wp\/v2\/types\/post"}],"author":[{"embeddable":true,"href":"https:\/\/www.fetz-racing.de\/wordpress\/index.php?rest_route=\/wp\/v2\/users\/2"}],"replies":[{"embeddable":true,"href":"https:\/\/www.fetz-racing.de\/wordpress\/index.php?rest_route=%2Fwp%2Fv2%2Fcomments&post=977"}],"version-history":[{"count":0,"href":"https:\/\/www.fetz-racing.de\/wordpress\/index.php?rest_route=\/wp\/v2\/posts\/977\/revisions"}],"wp:attachment":[{"href":"https:\/\/www.fetz-racing.de\/wordpress\/index.php?rest_route=%2Fwp%2Fv2%2Fmedia&parent=977"}],"wp:term":[{"taxonomy":"category","embeddable":true,"href":"https:\/\/www.fetz-racing.de\/wordpress\/index.php?rest_route=%2Fwp%2Fv2%2Fcategories&post=977"},{"taxonomy":"post_tag","embeddable":true,"href":"https:\/\/www.fetz-racing.de\/wordpress\/index.php?rest_route=%2Fwp%2Fv2%2Ftags&post=977"}],"curies":[{"name":"wp","href":"https:\/\/api.w.org\/{rel}","templated":true}]}}