{"id":861,"date":"2013-12-15T20:23:41","date_gmt":"2013-12-15T19:23:41","guid":{"rendered":"http:\/\/www.fetz-racing.de\/wordpress\/?p=861"},"modified":"2013-12-15T20:24:56","modified_gmt":"2013-12-15T19:24:56","slug":"fetz-racing-abschlussfeier-2013","status":"publish","type":"post","link":"https:\/\/www.fetz-racing.de\/wordpress\/?p=861","title":{"rendered":"Fetz-Racing Abschlussfeier 2013"},"content":{"rendered":"<p>Mit dem 7. Gesamtrang von Marco in der Einsteiger NSF waren wir auf Grund der starken und ausgeglichenen Konkurrenz voll und ganz zufrieden. Und da\u00df es sehr eng zuging hat mann auch an den Rennberichten und der Abschlusstabelle gesehen.<\/p>\n<p>Um uns f\u00fcr die Unterst\u00fctzung in der Saison im ADAC Mini Bike Cup 2013 zu bedanken, hatten wir am Samstag, den 30.11.2013, zu einer kleinen Abschlussfeier mit all unseren Sponsoren, Unterst\u00fctzern und G\u00f6nnern geladen. Es hat uns gefreut mit Euch einen sch\u00f6nen Abend in angenehmer Runde zu verbringen!<\/p>\n<p>Ein gro\u00dfes Dankesch\u00f6n nochmal an Fliesen Neusesser, Reifen Heinrich, KFZ-Schletterer und Tisberger Motor !!!!!!<\/p>\n<p>Erfreulicherweise haben Wir bereits die erste Zusage f\u00fcr Unterst\u00fctzung in der n\u00e4chsten Saison erhalten um in der Nachwuchsklasse des ADAC Mini Bike Cup 2014 wieder an den Start zu gehen \ud83d\ude42<\/p>\n<p>Euer Team Fetz-Racing<\/p>\n<p><a class=\"shutterset_\" title=\" \" href=\"https:\/\/i0.wp.com\/www.fetz-racing.de\/wordpress\/wp-content\/gallery\/fetz-racing-saisonabschluss-2013\/img_20131130_215138.jpg?ssl=1\" data-image-id=\"208\" data-src=\"https:\/\/www.fetz-racing.de\/wordpress\/wp-content\/gallery\/fetz-racing-saisonabschluss-2013\/img_20131130_215138.jpg\" data-thumbnail=\"https:\/\/www.fetz-racing.de\/wordpress\/wp-content\/gallery\/fetz-racing-saisonabschluss-2013\/thumbs\/thumbs_img_20131130_215138.jpg\" data-title=\"Marco #37 mit NSF100 auf Gesamt-P7\" data-description=\" \"><img data-recalc-dims=\"1\" decoding=\"async\" class=\"ngg-singlepic ngg-none\" alt=\"Marco #37 mit NSF100 auf Gesamt-P7\" src=\"https:\/\/i0.wp.com\/www.fetz-racing.de\/wordpress\/wp-content\/gallery\/fetz-racing-saisonabschluss-2013\/thumbs\/thumbs_img_20131130_215138.jpg?w=770&#038;ssl=1\" \/><\/a><\/p>\n","protected":false},"excerpt":{"rendered":"<p>Mit dem 7. Gesamtrang von Marco in der Einsteiger NSF waren wir auf Grund der starken und ausgeglichenen Konkurrenz voll und ganz zufrieden. Und da\u00df es sehr eng zuging hat mann auch an den Rennberichten und der Abschlusstabelle gesehen. Um uns f\u00fcr die Unterst\u00fctzung in der Saison im ADAC Mini\u2026 <a class=\"continue-reading-link\" href=\"https:\/\/www.fetz-racing.de\/wordpress\/?p=861\">Weiterlesen<\/a><\/p>\n","protected":false},"author":2,"featured_media":0,"comment_status":"open","ping_status":"open","sticky":false,"template":"","format":"standard","meta":{"ngg_post_thumbnail":0,"jetpack_post_was_ever_published":false,"_jetpack_newsletter_access":"","_jetpack_dont_email_post_to_subs":false,"_jetpack_newsletter_tier_id":0,"_jetpack_memberships_contains_paywalled_content":false,"_jetpack_memberships_contains_paid_content":false,"footnotes":"","jetpack_publicize_message":"","jetpack_publicize_feature_enabled":true,"jetpack_social_post_already_shared":false,"jetpack_social_options":{"image_generator_settings":{"template":"highway","default_image_id":0,"font":"","enabled":false},"version":2}},"categories":[1],"tags":[],"class_list":["post-861","post","type-post","status-publish","format-standard","hentry","category-allgemein"],"jetpack_publicize_connections":[],"jetpack_featured_media_url":"","jetpack_sharing_enabled":true,"jetpack_shortlink":"https:\/\/wp.me\/p8UkLO-dT","jetpack-related-posts":[],"_links":{"self":[{"href":"https:\/\/www.fetz-racing.de\/wordpress\/index.php?rest_route=\/wp\/v2\/posts\/861","targetHints":{"allow":["GET"]}}],"collection":[{"href":"https:\/\/www.fetz-racing.de\/wordpress\/index.php?rest_route=\/wp\/v2\/posts"}],"about":[{"href":"https:\/\/www.fetz-racing.de\/wordpress\/index.php?rest_route=\/wp\/v2\/types\/post"}],"author":[{"embeddable":true,"href":"https:\/\/www.fetz-racing.de\/wordpress\/index.php?rest_route=\/wp\/v2\/users\/2"}],"replies":[{"embeddable":true,"href":"https:\/\/www.fetz-racing.de\/wordpress\/index.php?rest_route=%2Fwp%2Fv2%2Fcomments&post=861"}],"version-history":[{"count":0,"href":"https:\/\/www.fetz-racing.de\/wordpress\/index.php?rest_route=\/wp\/v2\/posts\/861\/revisions"}],"wp:attachment":[{"href":"https:\/\/www.fetz-racing.de\/wordpress\/index.php?rest_route=%2Fwp%2Fv2%2Fmedia&parent=861"}],"wp:term":[{"taxonomy":"category","embeddable":true,"href":"https:\/\/www.fetz-racing.de\/wordpress\/index.php?rest_route=%2Fwp%2Fv2%2Fcategories&post=861"},{"taxonomy":"post_tag","embeddable":true,"href":"https:\/\/www.fetz-racing.de\/wordpress\/index.php?rest_route=%2Fwp%2Fv2%2Ftags&post=861"}],"curies":[{"name":"wp","href":"https:\/\/api.w.org\/{rel}","templated":true}]}}