{"id":812,"date":"2013-10-01T17:19:04","date_gmt":"2013-10-01T16:19:04","guid":{"rendered":"http:\/\/www.fetz-racing.de\/wordpress\/?p=812"},"modified":"2013-10-04T18:28:58","modified_gmt":"2013-10-04T17:28:58","slug":"saisonabschluss-in-wackersdorf-mit-p6-p8-und-gesamtplatz-7-in-der-jahreswertung","status":"publish","type":"post","link":"https:\/\/www.fetz-racing.de\/wordpress\/?p=812","title":{"rendered":"Saisonabschluss in Wackersdorf mit P6, P8 und Gesamtplatz 7 in der Jahreswertung !!"},"content":{"rendered":"<div><span style=\"font-family: Arial; font-size: medium;\">Hallo Motorsportfans, <\/span><\/div>\n<div><span style=\"font-size: medium;\">\u00a0<\/span><\/div>\n<div><span style=\"font-family: Arial; font-size: medium;\">am letzten Samstag, den 28.09.2013, waren wir in Wackersdorf um die letzten Rennen im ADAC Mini Bike Cup 2013 zu bestreiten. <\/span><\/div>\n<div><span style=\"font-family: Arial; font-size: medium;\">Bereits Freitagnachmittag, nach der Schule, machten wir uns auf den Weg. Marco konnte dann, wie viele Andere, auf der sehr rutschigen Strecke noch ein paar Turns fahren. <\/span><\/div>\n<div><span style=\"font-size: medium;\">\u00a0<\/span><\/div>\n<div><span style=\"font-family: Arial; font-size: medium;\">Samstag um 9:00 Uhr startete die Veranstaltung bei blauem Himmel, nach dem ersten Nachtfrost, brrrrrrr. <\/span><\/div>\n<div><span style=\"font-family: Arial; font-size: medium;\">Dementsprechend war die Strecke eiskalt und schwer fahrbar,\u00a0die Zeiten steigerten sich ebenso wie die Temperaturen nur langsam. <\/span><\/div>\n<div><span style=\"font-family: Arial; font-size: medium;\">Erst am Nachmittag gab\u00b4s richtig Grip.<\/span><\/div>\n<div><span style=\"font-family: Arial; font-size: medium;\">Nach 2 freien Trainings schaffte Marco im ersten Zeittraining eine Zeit von 1:07,193, \u00a0im 2. konnte er seine Zeit auf\u00a01:06,158 verbessern und belegte den 7. Startplatz.\u00a0<\/span><\/div>\n<div><span style=\"font-size: medium;\">\u00a0<\/span><\/div>\n<div><span style=\"font-family: Arial; font-size: medium;\">In Rennen1 konnte Marco beim Start an Cosic vorbei gehen und\u00a0sich um eine Position verbessern. <\/span><\/div>\n<div><span style=\"font-family: Arial; font-size: medium;\">Im Verlauf des Rennens war er\u00a0Sch\u00e4fer auf den Fersen und fuhr mit diesem sein eigenes Rennen bis zum Ziel.\u00a0Er konnte nicht mehr an ihm vorbeigehen und fuhr als Sechster mit\u00a06 sec. Vorsprung vor Cosic durchs Ziel. <\/span><\/div>\n<div><span style=\"font-size: medium;\">\u00a0<\/span><\/div>\n<div><span style=\"font-family: Arial; font-size: medium;\">Der Start im 2. Rennen gelang ihm dagegen \u00fcberhaupt nicht, er war auf P9 zur\u00fcckgefallen. In der ersten Runde st\u00fcrzte Zachmann auf einem der vorderen Pl\u00e4tze, so r\u00fcckten alle Folgenden einen Platz auf. <\/span><\/div>\n<div><span style=\"font-family: Arial; font-size: medium;\">Marco war letzter in einer 5er-Gruppe, konnte in den Anbremszonen und Kurven Boden gut machen, allerdings reichte es nicht zum \u00fcberholen, da er auf den Geraden zu viel Gewichtsnachteil hatte. Die F\u00fcnfergruppe mit Sch\u00e4fer (4.), Cosic (5.), Czyba (6.), Bude (7.)\u00a0und Marco (8.)\u00a0\u00fcberquerte innerhalb von 2 sec. die Ziellinie.<\/span><span style=\"font-size: medium;\"><br \/>\n<\/span><\/div>\n<div><span style=\"font-size: medium;\">\u00a0<\/span><\/div>\n<div><span style=\"font-family: Arial; font-size: medium;\">Bei Marco war es nach 2 Streichresultaten\u00a0in der Tabelle noch ziemlich knapp. Er konnte in Wackersdorf 2 mal vor Svoboda ins Ziel fahren und dieser fiel hinter Marco von Gesamtplatz 6\u00a0auf\u00a08 zur\u00fcck. Allerdings kam wiederum Cosic im 2. Rennen vor Marco ins Ziel und hatte somit Gesamtplatz 6 mit 2 Punkten Vorsprung. <\/span><\/div>\n<div><span style=\"font-family: Arial; font-size: medium;\">Bei der sehr starken Konkurrenz in dieser Saison sind Marco &amp; Team mit dem 7. Gesamtplatz zufrieden !<\/span><\/div>\n<div><span style=\"font-size: medium;\">\u00a0<\/span><\/div>\n<div><span style=\"font-family: Arial; font-size: medium;\">Samstagabend wurden dann bei der Meisterfeier vom ADAC die Cupsieger bzw. die drei Erstplatzieren in allen Klassen geehrt. <\/span><\/div>\n<div><span style=\"font-family: Arial; font-size: medium;\">Au\u00dferdem erhielten die Meister noch vom DMSJ\u00a0 (Deutsche Motorsport Jugend) einen Meisterpokal und den offiziellen Titel &#8222;Deutscher Meister&#8220;!<\/span><\/div>\n<div><span style=\"font-size: medium;\">\u00a0<\/span><\/div>\n<div><span style=\"font-family: Arial; font-size: medium;\">Die Saison ist jetzt vorbei, und Entschleunigung angesagt,\u00a0allerdings schielt man bereits ein klein wenig auf 2014&#8230;&#8230; \ud83d\ude42<\/span><\/div>\n<div><span style=\"font-size: medium;\">\u00a0<\/span><\/div>\n<div><span style=\"font-family: Arial; font-size: medium;\">Wir m\u00f6chten uns noch\u00a0bei allen Sponsoren, G\u00f6nnern, Freunden und Fans f\u00fcr die Unterst\u00fctzung in der Saison 2013 bedanken. <\/span><\/div>\n<div><span style=\"font-size: medium;\">\u00a0<\/span><\/div>\n<div><span style=\"font-family: Arial; font-size: medium;\">Bis bald !!! <\/span><\/div>\n<div><span style=\"font-size: medium;\">\u00a0<\/span><\/div>\n<div align=\"left\">\n<div align=\"left\"><span style=\"font-family: Comic Sans MS; font-size: medium;\">Mit motorsportlichen Gr\u00fc\u00dfen !<\/span><\/div>\n<div align=\"left\"><span style=\"font-size: medium;\">\u00a0<\/span><\/div>\n<div align=\"left\"><span style=\"font-family: Comic Sans MS; font-size: medium;\">Marco #37 <\/span><\/div>\n<div align=\"left\"><span style=\"font-family: Comic Sans MS; font-size: medium;\">\u00a0\u00a0\u00a0\u00a0\u00a0 &amp; G\u00fcnter Fetz<br \/>\n<\/span><\/div>\n<div align=\"left\"><\/div>\n<div align=\"left\">\u00a0ngg_shortcode_0_placeholder<\/div>\n<\/div>\n","protected":false},"excerpt":{"rendered":"<p>Hallo Motorsportfans, \u00a0 am letzten Samstag, den 28.09.2013, waren wir in Wackersdorf um die letzten Rennen im ADAC Mini Bike Cup 2013 zu bestreiten. Bereits Freitagnachmittag, nach der Schule, machten wir uns auf den Weg. Marco konnte dann, wie viele Andere, auf der sehr rutschigen Strecke noch ein paar Turns\u2026 <a class=\"continue-reading-link\" href=\"https:\/\/www.fetz-racing.de\/wordpress\/?p=812\">Weiterlesen<\/a><\/p>\n","protected":false},"author":2,"featured_media":0,"comment_status":"closed","ping_status":"closed","sticky":false,"template":"","format":"standard","meta":{"ngg_post_thumbnail":0,"jetpack_post_was_ever_published":false,"_jetpack_newsletter_access":"","_jetpack_dont_email_post_to_subs":false,"_jetpack_newsletter_tier_id":0,"_jetpack_memberships_contains_paywalled_content":false,"_jetpack_memberships_contains_paid_content":false,"footnotes":"","jetpack_publicize_message":"","jetpack_publicize_feature_enabled":true,"jetpack_social_post_already_shared":false,"jetpack_social_options":{"image_generator_settings":{"template":"highway","default_image_id":0,"font":"","enabled":false},"version":2}},"categories":[1,15],"tags":[],"class_list":["post-812","post","type-post","status-publish","format-standard","hentry","category-allgemein","category-rennen-2013"],"jetpack_publicize_connections":[],"jetpack_featured_media_url":"","jetpack_sharing_enabled":true,"jetpack_shortlink":"https:\/\/wp.me\/p8UkLO-d6","jetpack-related-posts":[],"_links":{"self":[{"href":"https:\/\/www.fetz-racing.de\/wordpress\/index.php?rest_route=\/wp\/v2\/posts\/812","targetHints":{"allow":["GET"]}}],"collection":[{"href":"https:\/\/www.fetz-racing.de\/wordpress\/index.php?rest_route=\/wp\/v2\/posts"}],"about":[{"href":"https:\/\/www.fetz-racing.de\/wordpress\/index.php?rest_route=\/wp\/v2\/types\/post"}],"author":[{"embeddable":true,"href":"https:\/\/www.fetz-racing.de\/wordpress\/index.php?rest_route=\/wp\/v2\/users\/2"}],"replies":[{"embeddable":true,"href":"https:\/\/www.fetz-racing.de\/wordpress\/index.php?rest_route=%2Fwp%2Fv2%2Fcomments&post=812"}],"version-history":[{"count":1,"href":"https:\/\/www.fetz-racing.de\/wordpress\/index.php?rest_route=\/wp\/v2\/posts\/812\/revisions"}],"predecessor-version":[{"id":6079,"href":"https:\/\/www.fetz-racing.de\/wordpress\/index.php?rest_route=\/wp\/v2\/posts\/812\/revisions\/6079"}],"wp:attachment":[{"href":"https:\/\/www.fetz-racing.de\/wordpress\/index.php?rest_route=%2Fwp%2Fv2%2Fmedia&parent=812"}],"wp:term":[{"taxonomy":"category","embeddable":true,"href":"https:\/\/www.fetz-racing.de\/wordpress\/index.php?rest_route=%2Fwp%2Fv2%2Fcategories&post=812"},{"taxonomy":"post_tag","embeddable":true,"href":"https:\/\/www.fetz-racing.de\/wordpress\/index.php?rest_route=%2Fwp%2Fv2%2Ftags&post=812"}],"curies":[{"name":"wp","href":"https:\/\/api.w.org\/{rel}","templated":true}]}}