{"id":685,"date":"2013-07-09T19:52:57","date_gmt":"2013-07-09T18:52:57","guid":{"rendered":"http:\/\/www.fetz-racing.de\/wordpress\/?p=685"},"modified":"2013-08-27T12:04:03","modified_gmt":"2013-08-27T11:04:03","slug":"magere-ausbeute-beim-heimrennen-9-10-in-schlusselfeld","status":"publish","type":"post","link":"https:\/\/www.fetz-racing.de\/wordpress\/?p=685","title":{"rendered":"Magere Ausbeute beim Heimrennen 9 &#038; 10 in Schl\u00fcsselfeld"},"content":{"rendered":"<div>\n<p><span style=\"font-size: small;\">Hallo Motorsportfeunde, <\/span><\/p>\n<p><span style=\"font-size: small;\">am\u00a0Samstag, den\u00a006.07.2013\u00a0waren wir auf\u00a0einer unserer &#8222;Heimstrecken&#8220;, und zwar dem Handlingskurs im Fahrsicherheitszentrum des ADAC Nordbayern in Schl\u00fcsselfeld. Es\u00a0wurde dort\u00a0die\u00a05. Rennveranstaltung des ADAC Mini Bike Cups\u00a0ausgetragen.\u00a0\u00a0Freitagnachmittag\u00a0ging\u00b4s los mit einem freien Training des Veranstalters, dem OC W\u00fcrzburg.\u00a0 <\/span><\/p>\n<p><span style=\"font-size: small;\">Am Samstag startete die Veranstaltung bei strahlend blauem Himmel mit 2 freien Trainings.\u00a0Gefolgt von 2 Zeittrainings bei denen Marco im ersten mit einer\u00a00:42,354 auf dem 6. Platz lag. Im zweiten konnte er sich nur um\u00a0 auf 0:42,320\u00a0verbessern und\u00a0stand\u00a0damit auf dem 11. Startplatz in Startreihe\u00a04. In dem starken und ausgeglichenem Feld lagen diesmal\u00a0die Starter\u00a0von der Pole (Fr\u00f6de, 0:41,379) bis Platz\u00a012 innerhalb von\u00a01 Sek.! <\/span><\/p>\n<p><span style=\"font-size: small;\">Beim ersten\u00a0Rennen\u00a0(A-Finale Einsteiger, 17 Runden)\u00a0kam\u00a0Marco\u00a0verh\u00e4ltnism\u00e4\u00dfig gut vom\u00a0Start\u00a0weg, jedoch wurde das Rennen gleich in der 1. Runde abgebrochen, da in der ersten Kurve zwei Fahrer schwer gest\u00fcrzt sind. Beim zweiten Anlauf ging dieses mal alles gut, jedoch verlor er diesmal einen Platz. Im Verlauf des Rennens konnte Marco seine Position nicht verbessern und fuhr hinter Troy Bude.\u00a0Als dieser in der vorletzten Runde\u00a0beim \u00fcberrunden eines Fahrers direkt\u00a0vor Marco st\u00fcrzte, hatte Marco keine Chance auszuweichen\u00a0und\u00a0kam ebenfalls zu\u00a0Fall.\u00a0Marco schnappte sich sein Motorrad und fuhr sofort wieder weiter, jedoch wurde das Rennen in der gleichen Runde noch abgebrochen, da an anderer Stelle ein Fahrer schwer gest\u00fcrzt ist. Durch den Rennabbruch, wurde die zuvor gefahrene Runde gewertet. Somit hatte er am Ende den 12. Platz. <\/span><\/p>\n<p><span style=\"font-size: small;\">Auch im zweiten Lauf wurde in der ersten Runde das Rennen abgebrochen, da im hinteren Feld ein Fahrer beim Start schwer zu Sturz kam. Beim &#8222;Restart&#8220; lag Marco diesmal auf Platz 13 und verlor somit zwei Pl\u00e4tze. Er konnte sich im Verlauf des Rennens nicht mehr verbessern, fuhr aber als Zw\u00f6lfter durchs Ziel, da der vor ihm liegende Fahrer gest\u00fcrzt ist. <\/span><\/p>\n<p><span style=\"font-size: small;\">Marco ist mit den beiden 12. Pl\u00e4tzen gar nicht zufrieden und mit der mageren Punkteausbeute aus Schl\u00fcsselfeld auf Platz 7 der Gesamtwertung zur\u00fcckgefallen.\u00a0 <\/span><\/p>\n<p><span style=\"font-size: small;\">Wir sind allerdings froh, da\u00df wir abends verletzungsfrei die Heimreise antreten konnten und haben uns sehr gefreut \u00fcber den Besuch einiger Fans !!!!!<\/span><\/p>\n<p><span style=\"font-size: small;\">Am 20.07.2013 finden die Rennen 11 und 12 in Cheb (CZ) statt.\u00a0<\/span><\/p>\n<p><span style=\"font-size: small;\">Weitere Infos und detaillierte Ergebnisse unter <a title=\"http:\/\/www.adac-motorsport.de\/adac-mini-bike-cup\/de\/\" href=\"http:\/\/www.adac-motorsport.de\/adac-mini-bike-cup\/de\/\"><span title=\"http:\/\/www.adac-motorsport.de\/adac-mini-bike-cup\/de\/\">http:\/\/www.adac-motorsport.de\/adac-mini-bike-cup\/de\/<\/span><\/a>\u00a0<\/span><\/p>\n<div align=\"left\">\n<div align=\"left\"><span style=\"font-family: Comic Sans MS; font-size: medium;\">Mit motorsportlichen Gr\u00fc\u00dfen !<\/span><\/div>\n<div align=\"left\"><span style=\"font-size: medium;\">\u00a0<\/span><\/div>\n<div align=\"left\"><span style=\"font-family: Comic Sans MS; font-size: medium;\">Marco #37 <\/span><\/div>\n<div align=\"left\"><span style=\"font-family: Comic Sans MS; font-size: medium;\">\u00a0\u00a0\u00a0\u00a0\u00a0 &amp; G\u00fcnter Fetz<\/span><\/div>\n<div align=\"left\"><span style=\"font-size: medium;\">\u00a0<\/span><\/div>\n<div align=\"left\"><span style=\"font-family: Arial;\"><span style=\"font-family: Comic Sans MS;\"><span style=\"font-family: Comic Sans MS; font-size: small;\"><a title=\"https:\/\/www.fetz-racing.de\/\" href=\"https:\/\/www.fetz-racing.de\/\">www.fetz-racing.de <\/a><\/span><\/span><\/span><\/div>\n<div align=\"left\"><\/div>\n<div align=\"left\">ngg_shortcode_0_placeholder<\/div>\n<\/div>\n<\/div>\n","protected":false},"excerpt":{"rendered":"<p>Hallo Motorsportfeunde, am\u00a0Samstag, den\u00a006.07.2013\u00a0waren wir auf\u00a0einer unserer &#8222;Heimstrecken&#8220;, und zwar dem Handlingskurs im Fahrsicherheitszentrum des ADAC Nordbayern in Schl\u00fcsselfeld. Es\u00a0wurde dort\u00a0die\u00a05. Rennveranstaltung des ADAC Mini Bike Cups\u00a0ausgetragen.\u00a0\u00a0Freitagnachmittag\u00a0ging\u00b4s los mit einem freien Training des Veranstalters, dem OC W\u00fcrzburg.\u00a0 Am Samstag startete die Veranstaltung bei strahlend blauem Himmel mit 2 freien Trainings.\u00a0Gefolgt\u2026 <a class=\"continue-reading-link\" href=\"https:\/\/www.fetz-racing.de\/wordpress\/?p=685\">Weiterlesen<\/a><\/p>\n","protected":false},"author":2,"featured_media":0,"comment_status":"open","ping_status":"open","sticky":false,"template":"","format":"standard","meta":{"ngg_post_thumbnail":0,"jetpack_post_was_ever_published":false,"_jetpack_newsletter_access":"","_jetpack_dont_email_post_to_subs":false,"_jetpack_newsletter_tier_id":0,"_jetpack_memberships_contains_paywalled_content":false,"_jetpack_memberships_contains_paid_content":false,"footnotes":"","jetpack_publicize_message":"","jetpack_publicize_feature_enabled":true,"jetpack_social_post_already_shared":false,"jetpack_social_options":{"image_generator_settings":{"template":"highway","default_image_id":0,"font":"","enabled":false},"version":2}},"categories":[15],"tags":[],"class_list":["post-685","post","type-post","status-publish","format-standard","hentry","category-rennen-2013"],"jetpack_publicize_connections":[],"jetpack_featured_media_url":"","jetpack_sharing_enabled":true,"jetpack_shortlink":"https:\/\/wp.me\/p8UkLO-b3","jetpack-related-posts":[],"_links":{"self":[{"href":"https:\/\/www.fetz-racing.de\/wordpress\/index.php?rest_route=\/wp\/v2\/posts\/685","targetHints":{"allow":["GET"]}}],"collection":[{"href":"https:\/\/www.fetz-racing.de\/wordpress\/index.php?rest_route=\/wp\/v2\/posts"}],"about":[{"href":"https:\/\/www.fetz-racing.de\/wordpress\/index.php?rest_route=\/wp\/v2\/types\/post"}],"author":[{"embeddable":true,"href":"https:\/\/www.fetz-racing.de\/wordpress\/index.php?rest_route=\/wp\/v2\/users\/2"}],"replies":[{"embeddable":true,"href":"https:\/\/www.fetz-racing.de\/wordpress\/index.php?rest_route=%2Fwp%2Fv2%2Fcomments&post=685"}],"version-history":[{"count":0,"href":"https:\/\/www.fetz-racing.de\/wordpress\/index.php?rest_route=\/wp\/v2\/posts\/685\/revisions"}],"wp:attachment":[{"href":"https:\/\/www.fetz-racing.de\/wordpress\/index.php?rest_route=%2Fwp%2Fv2%2Fmedia&parent=685"}],"wp:term":[{"taxonomy":"category","embeddable":true,"href":"https:\/\/www.fetz-racing.de\/wordpress\/index.php?rest_route=%2Fwp%2Fv2%2Fcategories&post=685"},{"taxonomy":"post_tag","embeddable":true,"href":"https:\/\/www.fetz-racing.de\/wordpress\/index.php?rest_route=%2Fwp%2Fv2%2Ftags&post=685"}],"curies":[{"name":"wp","href":"https:\/\/api.w.org\/{rel}","templated":true}]}}