{"id":6423,"date":"2026-04-26T11:59:29","date_gmt":"2026-04-26T10:59:29","guid":{"rendered":"https:\/\/www.fetz-racing.de\/wordpress\/?p=6423"},"modified":"2026-04-26T12:01:07","modified_gmt":"2026-04-26T11:01:07","slug":"so-waren-die-24h-von-le-mans-2026","status":"publish","type":"post","link":"https:\/\/www.fetz-racing.de\/wordpress\/?p=6423","title":{"rendered":"So waren die 24h von Le Mans 2026"},"content":{"rendered":"\n<p>Hallo Leute, hallo Motorsportfreunde,&nbsp;<\/p>\n<p>hier unser ausf\u00fchrlicher Nachbericht zum diesj\u00e4hrigen 24h-Rennen in Le Mans.<\/p>\n<p>Bei sonnigem Wetter startete am Mittwoch ab 14:00 Uhr die Pr\u00e4sentationsfahrt in die Innenstadt von Le Mans. Es war alles voller Besucher und die Fahrer haben den ganzen Nachmittag Autogramme geschrieben.&nbsp;Nach dem Ende war im Kino am Marktplatz noch Fahrer- und Teamchef Besprechung.&nbsp;&nbsp;<\/p>\n<p>Am Donnerstag, bei trockenem Wetter ca.15\u00b0 war vormittags noch ein freies Training welches weiter zum Abstimmen des Bikes genutzt wurde.&nbsp; <br>Ab 16:00 Uhr stand Quali 1 an. Die Qualis wurden Gruppenweise nach Armbandfarbe ausgetragen.&nbsp; <br>Marco fuhr in seiner Gruppe (blaues Armband) mit einer 1:38.5 eine solide Zeit mit der Honda.&nbsp;&nbsp;<\/p>\n<p>Sein Teamkollege Noan fuhr eine 1:37,39 in Qualy 1.&nbsp; <br>Beim anschlie\u00dfenden Nachttraining, 20:30 bis 22:00 Uhr, konnten alle Fahrer im Team noch ein paar schnelle Runden drehen und sich an die Dunkelheit gew\u00f6hnen. <br>&#8212;&#8212;&#8212;- <br>Dann am Freitag Vormittag, bei trockenem Wetter mit ca. 12\u00b0, stand noch Q2 auf dem Programm.&nbsp; <br>Marco konnte sich in seiner ersten gezeiteten Runde direkt auf eine 1:38.1 verbessern.<\/p>\n<p>Leider wurde Marco in der nachfolgenden Runde von einem \u00fcbermotivierten Fahrer abger\u00e4umt als dieser sich innen rein gebremst hat, doch zu schnell war und ihm das Vorderrad einklappte.<\/p>\n<p>Marco ist nichts passiert au\u00dfer ein paar Prellungen mit welchen er beim Rennen nat\u00fcrlich noch zu k\u00e4mpfen hatte.&nbsp;<\/p>\n<p>Mit der Zeitenkombination der beiden schnellsten Fahrer beider kombinierten Qualys, hatte das Team Startplatz 20 von 60 teilnehmenden Teams.&nbsp;<\/p>\n<p>&#8212;&#8212;&#8212;-<\/p>\n<p>Wie jedes Jahr war am Freitagabend beim Pitwalk mit jeder Menge Zuschauern f\u00fcr die Fahrer ca. 2 Stunden Autogramme schreiben angesagt!&nbsp;<\/p>\n<p>Am Samstag wurde der Franzose Kevin Jacob als Ersatzfahrer nominiert, da Killian Aebi wegen R\u00fcckenproblemen leider nicht am 24h Rennen teilnehmen konnte.&nbsp;<\/p>\n<p>Und Samstag, den 18.04.2026, war es dann soweit.&nbsp;<\/p>\n<p>Morgens von 09:30 bis 10:15 Uhr war WarmUp, bei dem sich die Fahrer ohne Probleme bei sonnigem Wetter noch kurz einrollten.&nbsp;<\/p>\n<p>Um 13:40 Uhr \u00f6ffnete die Boxengasse und f\u00fcr die Start-Fahrer gings in die Startaufstellung. F\u00fcr unser Team auf P20!&nbsp;<\/p>\n<p>Dort ging es nach der Aufstellung zum Le Mans-Start doch ziemlich turbulent zu und die Start-Zielgerade war voll mit Leuten, Fans und Teammitgliedern.<\/p>\n<p>Das Wetter war bis Sonntag komplett sonnig mit Tagestemperaturen von ca. 15\u00b0. Nachts und morgens k\u00fchlte es auf ca. 4-5\u00b0 ab.&nbsp;<\/p>\n<p>Den Start um 15:00 Uhr machte Marcos Fahrerkollege Noan Vasta.&nbsp;Er kam vom Start gut weg, konnte seinen Stint abspulen und lag auf P21.<\/p>\n<p>Als zweiter Fahrer ging Kevin Jacob auf die Strecke, war von den Zeiten jedoch ca. 1 bis 2 Sekunden langsamer als Marco und Noan.&nbsp;<\/p>\n<p>Danach ging es f\u00fcr Marco als dritter Fahrer los zum ersten Stint. Er kam super zurecht und drehte seine Runden. 34 Runden spulten die Jungs pro Stint ab.&nbsp;<\/p>\n<p>Es gab bei vielen Teams nat\u00fcrlich auch wieder technische Ausf\u00e4lle und St\u00fcrze!&nbsp;<br>Von Startplatz 20 ging&#8217;s los und die Jungs sind bis Mitternacht ohne Zwischenf\u00e4lle auf ca. P15 vorgefahren.&nbsp;<\/p>\n<p>Durch den konstanten und fehlerfreien Speed der Jungs sowie den super Boxenstopps des Teams wanderten sie platzierungsm\u00e4\u00dfig immer weiter nach vorne.&nbsp;<br>Sonntag zur Mittagszeit lagen sie auf P10.&nbsp;Marco und seine Kollegen konnten ihre Runden weiter sauber abspulen.&nbsp;<\/p>\n<p>Um Punkt 15:00 Uhr war es dann soweit, Marco hatte den letzten Turn und fuhr bei den 24h von Le Mans 2025 auf Gesamtplatz 9 und auf EWC-Platz 7 \u00fcber die Ziellinie!&nbsp;<\/p>\n<p>Die Freude war riesengro\u00df, denn darauf hatte man zwar gehofft, aber damit hatten weder die Fahrer noch das Team gerechnet!&nbsp;<\/p>\n<p>Wir stehen euch f\u00fcr Fragen und Infos nat\u00fcrlich wieder gerne jederzeit zur Verf\u00fcgung.&nbsp;<br>Und zum Wochenende gibt&#8217;s die n\u00e4chste Infomail wie es in der EURO MOTO weitergeht.&nbsp;<\/p>\n<p>Ein riesengro\u00dfes Dankesch\u00f6n geht an alle unsere Sponsoren, Unterst\u00fctzer und Helfer die das erm\u00f6glichen!<\/p>\n<p>Hier auch noch die Dokumente <a href=\"https:\/\/www.fetz-racing.de\/wordpress\/wp-content\/uploads\/2026\/04\/Provisional_Ranking_Quali_Lemans.pdf\">zum Quali-Endstand<\/a> und zum <a href=\"https:\/\/www.fetz-racing.de\/wordpress\/wp-content\/uploads\/2026\/04\/Final_Ranking_LeMans2026.pdf\">Gesamtergebnis des Rennens<\/a>.<\/p>\n\n\n\n<figure class=\"wp-block-gallery has-nested-images columns-default is-cropped wp-block-gallery-1 is-layout-flex wp-block-gallery-is-layout-flex\">\n<figure class=\"wp-block-image size-large\"><a href=\"https:\/\/i0.wp.com\/www.fetz-racing.de\/wordpress\/wp-content\/uploads\/2026\/04\/Fahrerfeld_LeMans2026.jpg?ssl=1\"><img data-recalc-dims=\"1\" loading=\"lazy\" decoding=\"async\" width=\"770\" height=\"514\" data-attachment-id=\"6421\" data-permalink=\"https:\/\/www.fetz-racing.de\/wordpress\/?attachment_id=6421\" data-orig-file=\"https:\/\/i0.wp.com\/www.fetz-racing.de\/wordpress\/wp-content\/uploads\/2026\/04\/Fahrerfeld_LeMans2026.jpg?fit=1500%2C1000&amp;ssl=1\" data-orig-size=\"1500,1000\" data-comments-opened=\"1\" data-image-meta=\"{&quot;aperture&quot;:&quot;0&quot;,&quot;credit&quot;:&quot;&quot;,&quot;camera&quot;:&quot;&quot;,&quot;caption&quot;:&quot;&quot;,&quot;created_timestamp&quot;:&quot;0&quot;,&quot;copyright&quot;:&quot;&quot;,&quot;focal_length&quot;:&quot;0&quot;,&quot;iso&quot;:&quot;0&quot;,&quot;shutter_speed&quot;:&quot;0&quot;,&quot;title&quot;:&quot;&quot;,&quot;orientation&quot;:&quot;0&quot;}\" data-image-title=\"Fahrerfeld_LeMans2026\" data-image-description=\"\" data-image-caption=\"\" data-large-file=\"https:\/\/i0.wp.com\/www.fetz-racing.de\/wordpress\/wp-content\/uploads\/2026\/04\/Fahrerfeld_LeMans2026.jpg?fit=770%2C514&amp;ssl=1\" data-id=\"6421\" src=\"https:\/\/i0.wp.com\/www.fetz-racing.de\/wordpress\/wp-content\/uploads\/2026\/04\/Fahrerfeld_LeMans2026.jpg?resize=770%2C514&#038;ssl=1\" alt=\"\" class=\"wp-image-6421\" srcset=\"https:\/\/i0.wp.com\/www.fetz-racing.de\/wordpress\/wp-content\/uploads\/2026\/04\/Fahrerfeld_LeMans2026.jpg?resize=1024%2C683&amp;ssl=1 1024w, https:\/\/i0.wp.com\/www.fetz-racing.de\/wordpress\/wp-content\/uploads\/2026\/04\/Fahrerfeld_LeMans2026.jpg?resize=300%2C200&amp;ssl=1 300w, https:\/\/i0.wp.com\/www.fetz-racing.de\/wordpress\/wp-content\/uploads\/2026\/04\/Fahrerfeld_LeMans2026.jpg?resize=768%2C512&amp;ssl=1 768w, https:\/\/i0.wp.com\/www.fetz-racing.de\/wordpress\/wp-content\/uploads\/2026\/04\/Fahrerfeld_LeMans2026.jpg?resize=225%2C150&amp;ssl=1 225w, https:\/\/i0.wp.com\/www.fetz-racing.de\/wordpress\/wp-content\/uploads\/2026\/04\/Fahrerfeld_LeMans2026.jpg?resize=150%2C100&amp;ssl=1 150w, https:\/\/i0.wp.com\/www.fetz-racing.de\/wordpress\/wp-content\/uploads\/2026\/04\/Fahrerfeld_LeMans2026.jpg?w=1500&amp;ssl=1 1500w\" sizes=\"auto, (max-width: 770px) 100vw, 770px\" \/><\/a><\/figure>\n\n\n\n<figure class=\"wp-block-image size-large\"><a href=\"https:\/\/i0.wp.com\/www.fetz-racing.de\/wordpress\/wp-content\/uploads\/2026\/04\/Marco_24hLeMans2026_02.jpg?ssl=1\"><img data-recalc-dims=\"1\" loading=\"lazy\" decoding=\"async\" width=\"770\" height=\"514\" data-attachment-id=\"6424\" data-permalink=\"https:\/\/www.fetz-racing.de\/wordpress\/?attachment_id=6424\" data-orig-file=\"https:\/\/i0.wp.com\/www.fetz-racing.de\/wordpress\/wp-content\/uploads\/2026\/04\/Marco_24hLeMans2026_02.jpg?fit=1500%2C1000&amp;ssl=1\" data-orig-size=\"1500,1000\" data-comments-opened=\"1\" data-image-meta=\"{&quot;aperture&quot;:&quot;0&quot;,&quot;credit&quot;:&quot;&quot;,&quot;camera&quot;:&quot;&quot;,&quot;caption&quot;:&quot;&quot;,&quot;created_timestamp&quot;:&quot;0&quot;,&quot;copyright&quot;:&quot;&quot;,&quot;focal_length&quot;:&quot;0&quot;,&quot;iso&quot;:&quot;0&quot;,&quot;shutter_speed&quot;:&quot;0&quot;,&quot;title&quot;:&quot;&quot;,&quot;orientation&quot;:&quot;0&quot;}\" data-image-title=\"Marco_24hLeMans2026_02\" data-image-description=\"\" data-image-caption=\"\" data-large-file=\"https:\/\/i0.wp.com\/www.fetz-racing.de\/wordpress\/wp-content\/uploads\/2026\/04\/Marco_24hLeMans2026_02.jpg?fit=770%2C514&amp;ssl=1\" data-id=\"6424\" src=\"https:\/\/i0.wp.com\/www.fetz-racing.de\/wordpress\/wp-content\/uploads\/2026\/04\/Marco_24hLeMans2026_02.jpg?resize=770%2C514&#038;ssl=1\" alt=\"\" class=\"wp-image-6424\" srcset=\"https:\/\/i0.wp.com\/www.fetz-racing.de\/wordpress\/wp-content\/uploads\/2026\/04\/Marco_24hLeMans2026_02.jpg?resize=1024%2C683&amp;ssl=1 1024w, https:\/\/i0.wp.com\/www.fetz-racing.de\/wordpress\/wp-content\/uploads\/2026\/04\/Marco_24hLeMans2026_02.jpg?resize=300%2C200&amp;ssl=1 300w, https:\/\/i0.wp.com\/www.fetz-racing.de\/wordpress\/wp-content\/uploads\/2026\/04\/Marco_24hLeMans2026_02.jpg?resize=768%2C512&amp;ssl=1 768w, https:\/\/i0.wp.com\/www.fetz-racing.de\/wordpress\/wp-content\/uploads\/2026\/04\/Marco_24hLeMans2026_02.jpg?resize=225%2C150&amp;ssl=1 225w, https:\/\/i0.wp.com\/www.fetz-racing.de\/wordpress\/wp-content\/uploads\/2026\/04\/Marco_24hLeMans2026_02.jpg?resize=150%2C100&amp;ssl=1 150w, https:\/\/i0.wp.com\/www.fetz-racing.de\/wordpress\/wp-content\/uploads\/2026\/04\/Marco_24hLeMans2026_02.jpg?w=1500&amp;ssl=1 1500w\" sizes=\"auto, (max-width: 770px) 100vw, 770px\" \/><\/a><\/figure>\n\n\n\n<figure class=\"wp-block-image size-large\"><a href=\"https:\/\/i0.wp.com\/www.fetz-racing.de\/wordpress\/wp-content\/uploads\/2026\/04\/Teambild_ManaAu_Competition_53_LeMans2026.jpg?ssl=1\"><img data-recalc-dims=\"1\" loading=\"lazy\" decoding=\"async\" width=\"770\" height=\"514\" data-attachment-id=\"6420\" data-permalink=\"https:\/\/www.fetz-racing.de\/wordpress\/?attachment_id=6420\" data-orig-file=\"https:\/\/i0.wp.com\/www.fetz-racing.de\/wordpress\/wp-content\/uploads\/2026\/04\/Teambild_ManaAu_Competition_53_LeMans2026.jpg?fit=1500%2C1000&amp;ssl=1\" data-orig-size=\"1500,1000\" data-comments-opened=\"1\" data-image-meta=\"{&quot;aperture&quot;:&quot;0&quot;,&quot;credit&quot;:&quot;&quot;,&quot;camera&quot;:&quot;&quot;,&quot;caption&quot;:&quot;&quot;,&quot;created_timestamp&quot;:&quot;0&quot;,&quot;copyright&quot;:&quot;&quot;,&quot;focal_length&quot;:&quot;0&quot;,&quot;iso&quot;:&quot;0&quot;,&quot;shutter_speed&quot;:&quot;0&quot;,&quot;title&quot;:&quot;&quot;,&quot;orientation&quot;:&quot;0&quot;}\" data-image-title=\"Teambild_ManaAu_Competition_53_LeMans2026\" data-image-description=\"\" data-image-caption=\"\" data-large-file=\"https:\/\/i0.wp.com\/www.fetz-racing.de\/wordpress\/wp-content\/uploads\/2026\/04\/Teambild_ManaAu_Competition_53_LeMans2026.jpg?fit=770%2C514&amp;ssl=1\" data-id=\"6420\" src=\"https:\/\/i0.wp.com\/www.fetz-racing.de\/wordpress\/wp-content\/uploads\/2026\/04\/Teambild_ManaAu_Competition_53_LeMans2026.jpg?resize=770%2C514&#038;ssl=1\" alt=\"\" class=\"wp-image-6420\" srcset=\"https:\/\/i0.wp.com\/www.fetz-racing.de\/wordpress\/wp-content\/uploads\/2026\/04\/Teambild_ManaAu_Competition_53_LeMans2026.jpg?resize=1024%2C683&amp;ssl=1 1024w, https:\/\/i0.wp.com\/www.fetz-racing.de\/wordpress\/wp-content\/uploads\/2026\/04\/Teambild_ManaAu_Competition_53_LeMans2026.jpg?resize=300%2C200&amp;ssl=1 300w, https:\/\/i0.wp.com\/www.fetz-racing.de\/wordpress\/wp-content\/uploads\/2026\/04\/Teambild_ManaAu_Competition_53_LeMans2026.jpg?resize=768%2C512&amp;ssl=1 768w, https:\/\/i0.wp.com\/www.fetz-racing.de\/wordpress\/wp-content\/uploads\/2026\/04\/Teambild_ManaAu_Competition_53_LeMans2026.jpg?resize=225%2C150&amp;ssl=1 225w, https:\/\/i0.wp.com\/www.fetz-racing.de\/wordpress\/wp-content\/uploads\/2026\/04\/Teambild_ManaAu_Competition_53_LeMans2026.jpg?resize=150%2C100&amp;ssl=1 150w, https:\/\/i0.wp.com\/www.fetz-racing.de\/wordpress\/wp-content\/uploads\/2026\/04\/Teambild_ManaAu_Competition_53_LeMans2026.jpg?w=1500&amp;ssl=1 1500w\" sizes=\"auto, (max-width: 770px) 100vw, 770px\" \/><\/a><\/figure>\n<\/figure>\n","protected":false},"excerpt":{"rendered":"<p>Hallo Leute, hallo Motorsportfreunde,&nbsp; hier unser ausf\u00fchrlicher Nachbericht zum diesj\u00e4hrigen 24h-Rennen in Le Mans. Bei sonnigem Wetter startete am Mittwoch ab 14:00 Uhr die Pr\u00e4sentationsfahrt in die Innenstadt von Le Mans. Es war alles voller Besucher und die Fahrer haben den ganzen Nachmittag Autogramme geschrieben.&nbsp;Nach dem Ende war im Kino\u2026 <a class=\"continue-reading-link\" href=\"https:\/\/www.fetz-racing.de\/wordpress\/?p=6423\">Weiterlesen<\/a><\/p>\n","protected":false},"author":1,"featured_media":0,"comment_status":"closed","ping_status":"closed","sticky":false,"template":"","format":"standard","meta":{"ngg_post_thumbnail":0,"jetpack_post_was_ever_published":false,"_jetpack_newsletter_access":"","_jetpack_dont_email_post_to_subs":false,"_jetpack_newsletter_tier_id":0,"_jetpack_memberships_contains_paywalled_content":false,"_jetpack_memberships_contains_paid_content":false,"footnotes":"","jetpack_publicize_message":"","jetpack_publicize_feature_enabled":true,"jetpack_social_post_already_shared":true,"jetpack_social_options":{"image_generator_settings":{"template":"highway","default_image_id":0,"font":"","enabled":false},"version":2}},"categories":[84,91],"tags":[82,81],"class_list":["post-6423","post","type-post","status-publish","format-standard","hentry","category-ewc","category-rennen-2026","tag-ewc","tag-le-mans"],"jetpack_publicize_connections":[],"jetpack_featured_media_url":"","jetpack_sharing_enabled":true,"jetpack_shortlink":"https:\/\/wp.me\/p8UkLO-1FB","jetpack-related-posts":[],"_links":{"self":[{"href":"https:\/\/www.fetz-racing.de\/wordpress\/index.php?rest_route=\/wp\/v2\/posts\/6423","targetHints":{"allow":["GET"]}}],"collection":[{"href":"https:\/\/www.fetz-racing.de\/wordpress\/index.php?rest_route=\/wp\/v2\/posts"}],"about":[{"href":"https:\/\/www.fetz-racing.de\/wordpress\/index.php?rest_route=\/wp\/v2\/types\/post"}],"author":[{"embeddable":true,"href":"https:\/\/www.fetz-racing.de\/wordpress\/index.php?rest_route=\/wp\/v2\/users\/1"}],"replies":[{"embeddable":true,"href":"https:\/\/www.fetz-racing.de\/wordpress\/index.php?rest_route=%2Fwp%2Fv2%2Fcomments&post=6423"}],"version-history":[{"count":5,"href":"https:\/\/www.fetz-racing.de\/wordpress\/index.php?rest_route=\/wp\/v2\/posts\/6423\/revisions"}],"predecessor-version":[{"id":6430,"href":"https:\/\/www.fetz-racing.de\/wordpress\/index.php?rest_route=\/wp\/v2\/posts\/6423\/revisions\/6430"}],"wp:attachment":[{"href":"https:\/\/www.fetz-racing.de\/wordpress\/index.php?rest_route=%2Fwp%2Fv2%2Fmedia&parent=6423"}],"wp:term":[{"taxonomy":"category","embeddable":true,"href":"https:\/\/www.fetz-racing.de\/wordpress\/index.php?rest_route=%2Fwp%2Fv2%2Fcategories&post=6423"},{"taxonomy":"post_tag","embeddable":true,"href":"https:\/\/www.fetz-racing.de\/wordpress\/index.php?rest_route=%2Fwp%2Fv2%2Ftags&post=6423"}],"curies":[{"name":"wp","href":"https:\/\/api.w.org\/{rel}","templated":true}]}}