{"id":6397,"date":"2026-04-16T07:13:14","date_gmt":"2026-04-16T06:13:14","guid":{"rendered":"https:\/\/www.fetz-racing.de\/wordpress\/?p=6397"},"modified":"2026-04-16T07:21:02","modified_gmt":"2026-04-16T06:21:02","slug":"24h-von-le-mans-vor-der-brust","status":"publish","type":"post","link":"https:\/\/www.fetz-racing.de\/wordpress\/?p=6397","title":{"rendered":"24h von Le Mans vor der Brust"},"content":{"rendered":"\n<p>Hallo Leute, hallo Motorsportfreunde,&nbsp;<\/p>\n<p>zun\u00e4chst eine kleine Nachlese zum Pretest in Le Mans am 31.03.+01.04.26:<br>die neuen Teamkollegen bei MaNa Au Competition sind die beiden Schweizer Noan Vasta und Killian Aebi. Max Schmidt ist seit dem letzten Bol`d Or 2025 noch nicht genesen und wird 2026 in Spa oder bei der Bol&#8217;d Or wieder mit am Start sein.<\/p>\n<p>Der Pretest war gut verlaufen und alle haben sich auf das Bike eingestellt. Es wurde viel probiert und getestet. Die Fahrer verstehen sich sehr gut, sind fast auf gleichem Niveau, auch bei der Abstimmung des Bikes.&nbsp;Das Wetter war trocken aber sehr frisch und windig.&nbsp;<\/p>\n<p>Und MaNa Au Competition ist diese Saison auch mit 4 Fahrern in der neuen &#8222;Production-Klasse&#8220; am Start. In dieser Klasse muss das Motorrad im Originalzustand sein.<\/p>\n<p>Hier sind sehr gute &#8222;Hobbyfahrer&#8220; mit Erfahrung am Start. 3 Fahrer aus Frankreich und ein deutscher Fahrer ist mit dabei.&nbsp;<\/p>\n\n\n\n<hr class=\"wp-block-separator has-alpha-channel-opacity\"\/>\n\n\n\n<p>Wir sind nun seit Montagnachmittag wieder hier in Le Mans f\u00fcr die 24h mit &#8222;MaNa-Au-Competition #53&#8220;.&nbsp;&nbsp;<\/p>\n<p>Es war alles vorbereitet, ein neues, gr\u00f6\u00dferes Hospitality Zelt aufgebaut und auch die Box eingerichtet.&nbsp;<\/p>\n<p>Wie bisher auch ein kleiner Pavillon f\u00fcr den Aufenthalt der Fahrer in der Box zum Umziehen und ein wenig erholen w\u00e4hrend des Rennens.&nbsp; F\u00fcr die Massage stehen zwei Physios w\u00e4hrend des Rennens f\u00fcr die Fahrer zur Verf\u00fcgung.&nbsp; <br>&nbsp; <br>Dienstag war freies Training bei sonnigem Wetter und Temperaturen um die 15\u00b0.&nbsp;<br>Wie schon beim Pretest vor 2 Wochen, wurde weiter das Motorrad abgestimmt und sich ans Bike gew\u00f6hnt. Die Zeiten der Fahrer liegen im Rahmen von 1-2 sec.<\/p>\n<p>Am Mittwoch war f\u00fcr die Fahrer auf der Strecke Ruhetag. Es stehen technischen Abnahmen f\u00fcr die Bikes und die Fahrerausstattung wie Helme, Lederkombis, Stiefel usw. an!&nbsp;<br>Es hat diese Nacht geregnet und ist bew\u00f6lkt und am Abtrocknen.<\/p>\n<p>Nachmittags war dann Fahrer- und Teampr\u00e4sentation auf dem Marktplatz in Le Mans vor der Kathedrale!&nbsp;<br>Dies ist ein wirklich tolles Event! (Bilder folgen)<br>Im Anschluss ist dort auch noch Fahrerbesprechung\/Teamchefbesprechung.&nbsp;<\/p>\n<p>Donnerstag ist von 10:00 bis 12:00 Uhr freies Training, welches weiter zum Abstimmen des Bikes genutzt wird.&nbsp; <br>Ab 15:50 bis 17:40 Uhr steht das 1. Quali an, pro Fahrer 20min. Die Qualis werden Gruppenweise nach Armbandfarbe ausgetragen.&nbsp;<br>Und von 20:30 bis 22:00 Uhr ist noch Nachttraining.&nbsp;<\/p>\n<p>Freitag steht von 10:20 bis 12:10 Uhr das 2. Quali an, wieder 20min pro Fahrer!&nbsp;<\/p>\n<p>Samstag steht von 10:30 &#8211; 11:15 Uhr noch ein WarmUp auf dem Plan.&nbsp;<br>Um ca. 14:00 Uhr wird in die Startaufstellung gefahren und um 15:00 Uhr wird dann das Rennen gestartet!<br>Die Wettervorhersage steht bis Samstagabend noch auf bis zu 50% Regen und erst ab Sonntag sonnig.<\/p>\n<p><a href=\"https:\/\/www.fetz-racing.de\/wordpress\/wp-content\/uploads\/2026\/04\/Timetable_24hLeMans2026.pdf\">Der Zeitplan ist anbei<\/a> und \u00dcbertragung kostenlos im Livestream bei Servus TV:&nbsp;<\/p>\n<p><a href=\"https:\/\/www.servustv.com\/sport\/v\/aana3b8kr0fuxb318p3g\/\" target=\"_blank\" rel=\"noopener\">FIM Endurance World Championship bei &#8222;ServusTV On&#8220; im Stream<\/a><\/p>\n<p>Weitere Infos folgen und wir stehen Euch f\u00fcr Fragen gerne zur Verf\u00fcgung.<br>Ein gro\u00dfes Dankesch\u00f6n geht an alle Sponsoren &amp; Unterst\u00fctzer!<\/p>\n\n\n\n<figure class=\"wp-block-gallery has-nested-images columns-default is-cropped wp-block-gallery-1 is-layout-flex wp-block-gallery-is-layout-flex\">\n<figure class=\"wp-block-image size-large\"><a href=\"https:\/\/i0.wp.com\/www.fetz-racing.de\/wordpress\/wp-content\/uploads\/2026\/04\/EWC2026_ManaAuCompetiton_teambild_Balpix-scaled.jpg?ssl=1\"><img data-recalc-dims=\"1\" loading=\"lazy\" decoding=\"async\" width=\"770\" height=\"514\" data-attachment-id=\"6403\" data-permalink=\"https:\/\/www.fetz-racing.de\/wordpress\/?attachment_id=6403\" data-orig-file=\"https:\/\/i0.wp.com\/www.fetz-racing.de\/wordpress\/wp-content\/uploads\/2026\/04\/EWC2026_ManaAuCompetiton_teambild_Balpix-scaled.jpg?fit=2560%2C1708&amp;ssl=1\" data-orig-size=\"2560,1708\" data-comments-opened=\"1\" data-image-meta=\"{&quot;aperture&quot;:&quot;0&quot;,&quot;credit&quot;:&quot;&quot;,&quot;camera&quot;:&quot;&quot;,&quot;caption&quot;:&quot;&quot;,&quot;created_timestamp&quot;:&quot;0&quot;,&quot;copyright&quot;:&quot;&quot;,&quot;focal_length&quot;:&quot;0&quot;,&quot;iso&quot;:&quot;0&quot;,&quot;shutter_speed&quot;:&quot;0&quot;,&quot;title&quot;:&quot;&quot;,&quot;orientation&quot;:&quot;0&quot;}\" data-image-title=\"EWC2026_ManaAuCompetiton_teambild_Balpix\" data-image-description=\"\" data-image-caption=\"\" data-large-file=\"https:\/\/i0.wp.com\/www.fetz-racing.de\/wordpress\/wp-content\/uploads\/2026\/04\/EWC2026_ManaAuCompetiton_teambild_Balpix-scaled.jpg?fit=770%2C514&amp;ssl=1\" data-id=\"6403\" src=\"https:\/\/i0.wp.com\/www.fetz-racing.de\/wordpress\/wp-content\/uploads\/2026\/04\/EWC2026_ManaAuCompetiton_teambild_Balpix.jpg?resize=770%2C514&#038;ssl=1\" alt=\"\" class=\"wp-image-6403\" srcset=\"https:\/\/i0.wp.com\/www.fetz-racing.de\/wordpress\/wp-content\/uploads\/2026\/04\/EWC2026_ManaAuCompetiton_teambild_Balpix-scaled.jpg?resize=1024%2C683&amp;ssl=1 1024w, https:\/\/i0.wp.com\/www.fetz-racing.de\/wordpress\/wp-content\/uploads\/2026\/04\/EWC2026_ManaAuCompetiton_teambild_Balpix-scaled.jpg?resize=300%2C200&amp;ssl=1 300w, https:\/\/i0.wp.com\/www.fetz-racing.de\/wordpress\/wp-content\/uploads\/2026\/04\/EWC2026_ManaAuCompetiton_teambild_Balpix-scaled.jpg?resize=768%2C512&amp;ssl=1 768w, https:\/\/i0.wp.com\/www.fetz-racing.de\/wordpress\/wp-content\/uploads\/2026\/04\/EWC2026_ManaAuCompetiton_teambild_Balpix-scaled.jpg?resize=1536%2C1025&amp;ssl=1 1536w, https:\/\/i0.wp.com\/www.fetz-racing.de\/wordpress\/wp-content\/uploads\/2026\/04\/EWC2026_ManaAuCompetiton_teambild_Balpix-scaled.jpg?resize=2048%2C1366&amp;ssl=1 2048w, https:\/\/i0.wp.com\/www.fetz-racing.de\/wordpress\/wp-content\/uploads\/2026\/04\/EWC2026_ManaAuCompetiton_teambild_Balpix-scaled.jpg?resize=225%2C150&amp;ssl=1 225w, https:\/\/i0.wp.com\/www.fetz-racing.de\/wordpress\/wp-content\/uploads\/2026\/04\/EWC2026_ManaAuCompetiton_teambild_Balpix-scaled.jpg?resize=150%2C100&amp;ssl=1 150w, https:\/\/i0.wp.com\/www.fetz-racing.de\/wordpress\/wp-content\/uploads\/2026\/04\/EWC2026_ManaAuCompetiton_teambild_Balpix-scaled.jpg?w=2310&amp;ssl=1 2310w\" sizes=\"auto, (max-width: 770px) 100vw, 770px\" \/><\/a><\/figure>\n\n\n\n<figure class=\"wp-block-image size-large\"><a href=\"https:\/\/i0.wp.com\/www.fetz-racing.de\/wordpress\/wp-content\/uploads\/2026\/04\/EWC2026_ManaAuCompetiton_MarcoFetz_Balpix-scaled.jpg?ssl=1\"><img data-recalc-dims=\"1\" loading=\"lazy\" decoding=\"async\" width=\"770\" height=\"514\" data-attachment-id=\"6404\" data-permalink=\"https:\/\/www.fetz-racing.de\/wordpress\/?attachment_id=6404\" data-orig-file=\"https:\/\/i0.wp.com\/www.fetz-racing.de\/wordpress\/wp-content\/uploads\/2026\/04\/EWC2026_ManaAuCompetiton_MarcoFetz_Balpix-scaled.jpg?fit=2560%2C1706&amp;ssl=1\" data-orig-size=\"2560,1706\" data-comments-opened=\"1\" data-image-meta=\"{&quot;aperture&quot;:&quot;0&quot;,&quot;credit&quot;:&quot;&quot;,&quot;camera&quot;:&quot;&quot;,&quot;caption&quot;:&quot;&quot;,&quot;created_timestamp&quot;:&quot;0&quot;,&quot;copyright&quot;:&quot;&quot;,&quot;focal_length&quot;:&quot;0&quot;,&quot;iso&quot;:&quot;0&quot;,&quot;shutter_speed&quot;:&quot;0&quot;,&quot;title&quot;:&quot;&quot;,&quot;orientation&quot;:&quot;0&quot;}\" data-image-title=\"EWC2026_ManaAuCompetiton_MarcoFetz_Balpix\" data-image-description=\"\" data-image-caption=\"\" data-large-file=\"https:\/\/i0.wp.com\/www.fetz-racing.de\/wordpress\/wp-content\/uploads\/2026\/04\/EWC2026_ManaAuCompetiton_MarcoFetz_Balpix-scaled.jpg?fit=770%2C514&amp;ssl=1\" data-id=\"6404\" src=\"https:\/\/i0.wp.com\/www.fetz-racing.de\/wordpress\/wp-content\/uploads\/2026\/04\/EWC2026_ManaAuCompetiton_MarcoFetz_Balpix.jpg?resize=770%2C514&#038;ssl=1\" alt=\"\" class=\"wp-image-6404\" srcset=\"https:\/\/i0.wp.com\/www.fetz-racing.de\/wordpress\/wp-content\/uploads\/2026\/04\/EWC2026_ManaAuCompetiton_MarcoFetz_Balpix-scaled.jpg?resize=1024%2C683&amp;ssl=1 1024w, https:\/\/i0.wp.com\/www.fetz-racing.de\/wordpress\/wp-content\/uploads\/2026\/04\/EWC2026_ManaAuCompetiton_MarcoFetz_Balpix-scaled.jpg?resize=300%2C200&amp;ssl=1 300w, https:\/\/i0.wp.com\/www.fetz-racing.de\/wordpress\/wp-content\/uploads\/2026\/04\/EWC2026_ManaAuCompetiton_MarcoFetz_Balpix-scaled.jpg?resize=768%2C512&amp;ssl=1 768w, https:\/\/i0.wp.com\/www.fetz-racing.de\/wordpress\/wp-content\/uploads\/2026\/04\/EWC2026_ManaAuCompetiton_MarcoFetz_Balpix-scaled.jpg?resize=1536%2C1024&amp;ssl=1 1536w, https:\/\/i0.wp.com\/www.fetz-racing.de\/wordpress\/wp-content\/uploads\/2026\/04\/EWC2026_ManaAuCompetiton_MarcoFetz_Balpix-scaled.jpg?resize=2048%2C1365&amp;ssl=1 2048w, https:\/\/i0.wp.com\/www.fetz-racing.de\/wordpress\/wp-content\/uploads\/2026\/04\/EWC2026_ManaAuCompetiton_MarcoFetz_Balpix-scaled.jpg?resize=225%2C150&amp;ssl=1 225w, https:\/\/i0.wp.com\/www.fetz-racing.de\/wordpress\/wp-content\/uploads\/2026\/04\/EWC2026_ManaAuCompetiton_MarcoFetz_Balpix-scaled.jpg?resize=150%2C100&amp;ssl=1 150w, https:\/\/i0.wp.com\/www.fetz-racing.de\/wordpress\/wp-content\/uploads\/2026\/04\/EWC2026_ManaAuCompetiton_MarcoFetz_Balpix-scaled.jpg?w=2310&amp;ssl=1 2310w\" sizes=\"auto, (max-width: 770px) 100vw, 770px\" \/><\/a><\/figure>\n<\/figure>\n","protected":false},"excerpt":{"rendered":"<p>Hallo Leute, hallo Motorsportfreunde,&nbsp; zun\u00e4chst eine kleine Nachlese zum Pretest in Le Mans am 31.03.+01.04.26:die neuen Teamkollegen bei MaNa Au Competition sind die beiden Schweizer Noan Vasta und Killian Aebi. Max Schmidt ist seit dem letzten Bol`d Or 2025 noch nicht genesen und wird 2026 in Spa oder bei der\u2026 <a class=\"continue-reading-link\" href=\"https:\/\/www.fetz-racing.de\/wordpress\/?p=6397\">Weiterlesen<\/a><\/p>\n","protected":false},"author":1,"featured_media":0,"comment_status":"closed","ping_status":"closed","sticky":false,"template":"","format":"standard","meta":{"ngg_post_thumbnail":0,"jetpack_post_was_ever_published":false,"_jetpack_newsletter_access":"","_jetpack_dont_email_post_to_subs":false,"_jetpack_newsletter_tier_id":0,"_jetpack_memberships_contains_paywalled_content":false,"_jetpack_memberships_contains_paid_content":false,"footnotes":"","jetpack_publicize_message":"","jetpack_publicize_feature_enabled":true,"jetpack_social_post_already_shared":true,"jetpack_social_options":{"image_generator_settings":{"template":"highway","default_image_id":0,"font":"","enabled":false},"version":2}},"categories":[1,84],"tags":[81,83],"class_list":["post-6397","post","type-post","status-publish","format-standard","hentry","category-allgemein","category-ewc","tag-le-mans","tag-lemans"],"jetpack_publicize_connections":[],"jetpack_featured_media_url":"","jetpack_sharing_enabled":true,"jetpack_shortlink":"https:\/\/wp.me\/p8UkLO-1Fb","jetpack-related-posts":[],"_links":{"self":[{"href":"https:\/\/www.fetz-racing.de\/wordpress\/index.php?rest_route=\/wp\/v2\/posts\/6397","targetHints":{"allow":["GET"]}}],"collection":[{"href":"https:\/\/www.fetz-racing.de\/wordpress\/index.php?rest_route=\/wp\/v2\/posts"}],"about":[{"href":"https:\/\/www.fetz-racing.de\/wordpress\/index.php?rest_route=\/wp\/v2\/types\/post"}],"author":[{"embeddable":true,"href":"https:\/\/www.fetz-racing.de\/wordpress\/index.php?rest_route=\/wp\/v2\/users\/1"}],"replies":[{"embeddable":true,"href":"https:\/\/www.fetz-racing.de\/wordpress\/index.php?rest_route=%2Fwp%2Fv2%2Fcomments&post=6397"}],"version-history":[{"count":9,"href":"https:\/\/www.fetz-racing.de\/wordpress\/index.php?rest_route=\/wp\/v2\/posts\/6397\/revisions"}],"predecessor-version":[{"id":6412,"href":"https:\/\/www.fetz-racing.de\/wordpress\/index.php?rest_route=\/wp\/v2\/posts\/6397\/revisions\/6412"}],"wp:attachment":[{"href":"https:\/\/www.fetz-racing.de\/wordpress\/index.php?rest_route=%2Fwp%2Fv2%2Fmedia&parent=6397"}],"wp:term":[{"taxonomy":"category","embeddable":true,"href":"https:\/\/www.fetz-racing.de\/wordpress\/index.php?rest_route=%2Fwp%2Fv2%2Fcategories&post=6397"},{"taxonomy":"post_tag","embeddable":true,"href":"https:\/\/www.fetz-racing.de\/wordpress\/index.php?rest_route=%2Fwp%2Fv2%2Ftags&post=6397"}],"curies":[{"name":"wp","href":"https:\/\/api.w.org\/{rel}","templated":true}]}}