{"id":6359,"date":"2026-02-27T07:54:40","date_gmt":"2026-02-27T06:54:40","guid":{"rendered":"https:\/\/www.fetz-racing.de\/wordpress\/?p=6359"},"modified":"2026-02-27T08:02:59","modified_gmt":"2026-02-27T07:02:59","slug":"infos-zur-saison-2026","status":"publish","type":"post","link":"https:\/\/www.fetz-racing.de\/wordpress\/?p=6359","title":{"rendered":"Infos zur Saison 2026"},"content":{"rendered":"\n<p>Hallo Freunde &amp; Motorsportfreunde,<\/p>\n<p>der Winter war jetzt lang, schneereich und kalt wie lange nicht mehr &#8211; es wird Zeit dass, es Richtung Fr\u00fchling geht!<\/p>\n<p>Und es ist an der Zeit, dass wir Euch mit Neuigkeiten f\u00fcr die neue Saison auf dem Laufenden halten.&nbsp;<br>Es war nicht wirklich langweilig die letzten Wochen und einige Sachen sind jetzt fix.<\/p>\n<p>Wie ihr schon wisst, ist die bisherige IDM ab 2026 jetzt die &#8222;EURO MOTO&#8220;.<br>Leider ist Schleiz in der EM-Saison nicht mehr dabei, aber der Saisonstart ist am Sachsenring und auch Br\u00fcnn (CZ) ist daf\u00fcr dazugekommen. Termine sind anbei.<\/p>\n<p>Planungen, Organisation und Vorbereitungen f\u00fcr die EURO MOTO Saison 2026 laufen auf Hochtouren.<\/p>\n<p>Dank vieler unserer Sponsoren, Unterst\u00fctzer und Helfer werden wir auch 2026 in der SBK 1000 Klasse mit &#8222;MF-Racing powered by Jung&#8220; wieder am Start sein.<br>Jetzt schon ein herzliches Dankesch\u00f6n an Euch alle!<\/p>\n<p>Der Saisonstart am Sachsenring ist vom 08.-10. Mai.<\/p>\n<p>Unsere Aufstellung im Team wird gleich sein, wie in der letzten Saison. <br>Fahrer Marco, Tami, Chefmechaniker Patrick, Mechaniker Hoffi, Peter, Alfred und G\u00fcnter.<\/p>\n<p>Und mit Infos zur EWC-Saison 2026 geht es weiter:<br>Marco wurde sein Platz schon letztes Jahr wieder versprochen und man ist sich einig geworden. Er wird in der EWC-Saison erneut beim Team &#8222;Mana Au Competition&#8220; #53 am Start sein!<br>Vom 31.03. bis 01.04.2026 steht der offizielle EWC-Pretest vom Team in Le Mans an.<\/p>\n<p>Weitere Infos folgen und wir stehen Euch f\u00fcr alle Fragen und Infos jederzeit gerne zur Verf\u00fcgung.<\/p>\n<p>Ein gro\u00dfes Dankesch\u00f6n an alle Sponsoren, Helfer und Unterst\u00fctzer, welche Marco und unser Team in dieser Saison unterst\u00fctzen und dies alles erm\u00f6glichen.<\/p>\n<p>Mit motorsportlichen Gr\u00fc\u00dfen !<\/p>\n<p>Marco #6<br>&amp; G\u00fcnter Fetz<\/p>\n<p>&nbsp;<\/p>\n\n\n\n<div class=\"wp-block-jetpack-tiled-gallery aligncenter is-style-rectangular\"><div class=\"\"><div class=\"tiled-gallery__gallery\"><div class=\"tiled-gallery__row\"><div class=\"tiled-gallery__col\" style=\"flex-basis:32.37059%\"><figure class=\"tiled-gallery__item\"><img decoding=\"async\" data-attachment-id=\"6361\" data-permalink=\"https:\/\/www.fetz-racing.de\/wordpress\/?attachment_id=6361\" data-orig-file=\"https:\/\/i0.wp.com\/www.fetz-racing.de\/wordpress\/wp-content\/uploads\/2026\/02\/EURO_MOTO_Termine_2026.png?fit=587%2C820&amp;ssl=1\" data-orig-size=\"587,820\" data-comments-opened=\"1\" data-image-meta=\"{&quot;aperture&quot;:&quot;0&quot;,&quot;credit&quot;:&quot;&quot;,&quot;camera&quot;:&quot;&quot;,&quot;caption&quot;:&quot;&quot;,&quot;created_timestamp&quot;:&quot;0&quot;,&quot;copyright&quot;:&quot;&quot;,&quot;focal_length&quot;:&quot;0&quot;,&quot;iso&quot;:&quot;0&quot;,&quot;shutter_speed&quot;:&quot;0&quot;,&quot;title&quot;:&quot;&quot;,&quot;orientation&quot;:&quot;0&quot;}\" data-image-title=\"EURO_MOTO_Termine_2026\" data-image-description=\"\" data-image-caption=\"\" data-large-file=\"https:\/\/i0.wp.com\/www.fetz-racing.de\/wordpress\/wp-content\/uploads\/2026\/02\/EURO_MOTO_Termine_2026.png?fit=587%2C820&amp;ssl=1\" data-attachment-id=\"6361\" data-permalink=\"https:\/\/www.fetz-racing.de\/wordpress\/?attachment_id=6361\" data-orig-file=\"https:\/\/i0.wp.com\/www.fetz-racing.de\/wordpress\/wp-content\/uploads\/2026\/02\/EURO_MOTO_Termine_2026.png?fit=587%2C820&amp;ssl=1\" data-orig-size=\"587,820\" data-comments-opened=\"1\" data-image-meta=\"{&quot;aperture&quot;:&quot;0&quot;,&quot;credit&quot;:&quot;&quot;,&quot;camera&quot;:&quot;&quot;,&quot;caption&quot;:&quot;&quot;,&quot;created_timestamp&quot;:&quot;0&quot;,&quot;copyright&quot;:&quot;&quot;,&quot;focal_length&quot;:&quot;0&quot;,&quot;iso&quot;:&quot;0&quot;,&quot;shutter_speed&quot;:&quot;0&quot;,&quot;title&quot;:&quot;&quot;,&quot;orientation&quot;:&quot;0&quot;}\" data-image-title=\"EURO_MOTO_Termine_2026\" data-image-description=\"\" data-image-caption=\"\" data-large-file=\"https:\/\/i0.wp.com\/www.fetz-racing.de\/wordpress\/wp-content\/uploads\/2026\/02\/EURO_MOTO_Termine_2026.png?fit=587%2C820&amp;ssl=1\" role=\"button\" tabindex=\"0\" aria-label=\"Bild\u00a01 von 2 im Vollbildmodus \u00f6ffnen\"srcset=\"https:\/\/i0.wp.com\/www.fetz-racing.de\/wordpress\/wp-content\/uploads\/2026\/02\/EURO_MOTO_Termine_2026.png?strip=info&#038;w=587&#038;ssl=1 587w\" alt=\"\" data-height=\"820\" data-id=\"6361\" data-link=\"https:\/\/www.fetz-racing.de\/wordpress\/?attachment_id=6361\" data-url=\"https:\/\/www.fetz-racing.de\/wordpress\/wp-content\/uploads\/2026\/02\/EURO_MOTO_Termine_2026.png\" data-width=\"587\" src=\"https:\/\/i0.wp.com\/www.fetz-racing.de\/wordpress\/wp-content\/uploads\/2026\/02\/EURO_MOTO_Termine_2026.png?ssl=1\" data-amp-layout=\"responsive\"\/><\/figure><\/div><div class=\"tiled-gallery__col\" style=\"flex-basis:67.62941%\"><figure class=\"tiled-gallery__item\"><img decoding=\"async\" data-attachment-id=\"6362\" data-permalink=\"https:\/\/www.fetz-racing.de\/wordpress\/?attachment_id=6362\" data-orig-file=\"https:\/\/i0.wp.com\/www.fetz-racing.de\/wordpress\/wp-content\/uploads\/2026\/02\/IMG_7885-scaled.jpg?fit=2560%2C1708&amp;ssl=1\" data-orig-size=\"2560,1708\" data-comments-opened=\"1\" data-image-meta=\"{&quot;aperture&quot;:&quot;0&quot;,&quot;credit&quot;:&quot;&quot;,&quot;camera&quot;:&quot;&quot;,&quot;caption&quot;:&quot;&quot;,&quot;created_timestamp&quot;:&quot;0&quot;,&quot;copyright&quot;:&quot;&quot;,&quot;focal_length&quot;:&quot;0&quot;,&quot;iso&quot;:&quot;0&quot;,&quot;shutter_speed&quot;:&quot;0&quot;,&quot;title&quot;:&quot;&quot;,&quot;orientation&quot;:&quot;1&quot;}\" data-image-title=\"IMG_7885\" data-image-description=\"\" data-image-caption=\"\" data-large-file=\"https:\/\/i0.wp.com\/www.fetz-racing.de\/wordpress\/wp-content\/uploads\/2026\/02\/IMG_7885-scaled.jpg?fit=770%2C514&amp;ssl=1\" data-attachment-id=\"6362\" data-permalink=\"https:\/\/www.fetz-racing.de\/wordpress\/?attachment_id=6362\" data-orig-file=\"https:\/\/i0.wp.com\/www.fetz-racing.de\/wordpress\/wp-content\/uploads\/2026\/02\/IMG_7885-scaled.jpg?fit=2560%2C1708&amp;ssl=1\" data-orig-size=\"2560,1708\" data-comments-opened=\"1\" data-image-meta=\"{&quot;aperture&quot;:&quot;0&quot;,&quot;credit&quot;:&quot;&quot;,&quot;camera&quot;:&quot;&quot;,&quot;caption&quot;:&quot;&quot;,&quot;created_timestamp&quot;:&quot;0&quot;,&quot;copyright&quot;:&quot;&quot;,&quot;focal_length&quot;:&quot;0&quot;,&quot;iso&quot;:&quot;0&quot;,&quot;shutter_speed&quot;:&quot;0&quot;,&quot;title&quot;:&quot;&quot;,&quot;orientation&quot;:&quot;1&quot;}\" data-image-title=\"IMG_7885\" data-image-description=\"\" data-image-caption=\"\" data-large-file=\"https:\/\/i0.wp.com\/www.fetz-racing.de\/wordpress\/wp-content\/uploads\/2026\/02\/IMG_7885-scaled.jpg?fit=770%2C514&amp;ssl=1\" role=\"button\" tabindex=\"0\" aria-label=\"Bild\u00a02 von 2 im Vollbildmodus \u00f6ffnen\"srcset=\"https:\/\/i0.wp.com\/www.fetz-racing.de\/wordpress\/wp-content\/uploads\/2026\/02\/IMG_7885-1024x683.jpg?strip=info&#038;w=600&#038;ssl=1 600w,https:\/\/i0.wp.com\/www.fetz-racing.de\/wordpress\/wp-content\/uploads\/2026\/02\/IMG_7885-1024x683.jpg?strip=info&#038;w=900&#038;ssl=1 900w,https:\/\/i0.wp.com\/www.fetz-racing.de\/wordpress\/wp-content\/uploads\/2026\/02\/IMG_7885-1024x683.jpg?strip=info&#038;w=1200&#038;ssl=1 1200w,https:\/\/i0.wp.com\/www.fetz-racing.de\/wordpress\/wp-content\/uploads\/2026\/02\/IMG_7885-1024x683.jpg?strip=info&#038;w=1500&#038;ssl=1 1500w,https:\/\/i0.wp.com\/www.fetz-racing.de\/wordpress\/wp-content\/uploads\/2026\/02\/IMG_7885-1024x683.jpg?strip=info&#038;w=1800&#038;ssl=1 1800w,https:\/\/i0.wp.com\/www.fetz-racing.de\/wordpress\/wp-content\/uploads\/2026\/02\/IMG_7885-1024x683.jpg?strip=info&#038;w=2000&#038;ssl=1 2000w\" alt=\"\" data-height=\"1708\" data-id=\"6362\" data-link=\"https:\/\/www.fetz-racing.de\/wordpress\/?attachment_id=6362\" data-url=\"https:\/\/www.fetz-racing.de\/wordpress\/wp-content\/uploads\/2026\/02\/IMG_7885-1024x683.jpg\" data-width=\"2560\" src=\"https:\/\/i0.wp.com\/www.fetz-racing.de\/wordpress\/wp-content\/uploads\/2026\/02\/IMG_7885-1024x683.jpg?ssl=1\" data-amp-layout=\"responsive\"\/><\/figure><\/div><\/div><\/div><\/div><\/div>\n","protected":false},"excerpt":{"rendered":"<p>Hallo Freunde &amp; Motorsportfreunde, der Winter war jetzt lang, schneereich und kalt wie lange nicht mehr &#8211; es wird Zeit dass, es Richtung Fr\u00fchling geht! Und es ist an der Zeit, dass wir Euch mit Neuigkeiten f\u00fcr die neue Saison auf dem Laufenden halten.&nbsp;Es war nicht wirklich langweilig die letzten\u2026 <a class=\"continue-reading-link\" href=\"https:\/\/www.fetz-racing.de\/wordpress\/?p=6359\">Weiterlesen<\/a><\/p>\n","protected":false},"author":1,"featured_media":0,"comment_status":"closed","ping_status":"closed","sticky":false,"template":"","format":"standard","meta":{"ngg_post_thumbnail":0,"jetpack_post_was_ever_published":false,"_jetpack_newsletter_access":"","_jetpack_dont_email_post_to_subs":false,"_jetpack_newsletter_tier_id":0,"_jetpack_memberships_contains_paywalled_content":false,"_jetpack_memberships_contains_paid_content":false,"footnotes":"","jetpack_publicize_message":"","jetpack_publicize_feature_enabled":true,"jetpack_social_post_already_shared":true,"jetpack_social_options":{"image_generator_settings":{"template":"highway","default_image_id":0,"font":"","enabled":false},"version":2}},"categories":[1],"tags":[],"class_list":["post-6359","post","type-post","status-publish","format-standard","hentry","category-allgemein"],"jetpack_publicize_connections":[],"jetpack_featured_media_url":"","jetpack_sharing_enabled":true,"jetpack_shortlink":"https:\/\/wp.me\/p8UkLO-1Ez","jetpack-related-posts":[],"_links":{"self":[{"href":"https:\/\/www.fetz-racing.de\/wordpress\/index.php?rest_route=\/wp\/v2\/posts\/6359","targetHints":{"allow":["GET"]}}],"collection":[{"href":"https:\/\/www.fetz-racing.de\/wordpress\/index.php?rest_route=\/wp\/v2\/posts"}],"about":[{"href":"https:\/\/www.fetz-racing.de\/wordpress\/index.php?rest_route=\/wp\/v2\/types\/post"}],"author":[{"embeddable":true,"href":"https:\/\/www.fetz-racing.de\/wordpress\/index.php?rest_route=\/wp\/v2\/users\/1"}],"replies":[{"embeddable":true,"href":"https:\/\/www.fetz-racing.de\/wordpress\/index.php?rest_route=%2Fwp%2Fv2%2Fcomments&post=6359"}],"version-history":[{"count":5,"href":"https:\/\/www.fetz-racing.de\/wordpress\/index.php?rest_route=\/wp\/v2\/posts\/6359\/revisions"}],"predecessor-version":[{"id":6367,"href":"https:\/\/www.fetz-racing.de\/wordpress\/index.php?rest_route=\/wp\/v2\/posts\/6359\/revisions\/6367"}],"wp:attachment":[{"href":"https:\/\/www.fetz-racing.de\/wordpress\/index.php?rest_route=%2Fwp%2Fv2%2Fmedia&parent=6359"}],"wp:term":[{"taxonomy":"category","embeddable":true,"href":"https:\/\/www.fetz-racing.de\/wordpress\/index.php?rest_route=%2Fwp%2Fv2%2Fcategories&post=6359"},{"taxonomy":"post_tag","embeddable":true,"href":"https:\/\/www.fetz-racing.de\/wordpress\/index.php?rest_route=%2Fwp%2Fv2%2Ftags&post=6359"}],"curies":[{"name":"wp","href":"https:\/\/api.w.org\/{rel}","templated":true}]}}