{"id":6342,"date":"2025-12-22T09:23:18","date_gmt":"2025-12-22T08:23:18","guid":{"rendered":"https:\/\/www.fetz-racing.de\/wordpress\/?p=6342"},"modified":"2025-12-22T09:23:53","modified_gmt":"2025-12-22T08:23:53","slug":"jahresabschluss-2025","status":"publish","type":"post","link":"https:\/\/www.fetz-racing.de\/wordpress\/?p=6342","title":{"rendered":"Jahresabschluss 2025"},"content":{"rendered":"\n<p>Liebe Freunde, Motorsportfreunde, Helfer und Unterst\u00fctzer,<\/p>\n\n\n\n<p>2025 neigt sich dem Ende zu. Die Motorsportsaison ist zu Ende und die etwas ruhigere Weihnachtszeit ist da!<\/p>\n\n\n\n<p>Doch die Vorbereitung und Planung f\u00fcr die n\u00e4chste Motorsportsaison 2026 l\u00e4uft trotzdem seit dem Saisonfinale in Hockenheim weiter.<\/p>\n\n\n\n<p>F\u00fcr 2026 gibt es \u00c4nderungen bei der IDM, denn die IDM 2025 war vorerst die letzte Internationale Deutsche Motorradmeisterschaft.<br>Ab 2026 wird es eine Europameisterschaft werden und nennt sich: <strong>Euro Moto 2026<\/strong>.<\/p>\n\n\n\n<p>Es soll keine gr\u00f6\u00dferen \u00c4nderungen geben und auch die Veranstaltungen sollen so wie die letzten IDM Saison ablaufen.<\/p>\n\n\n\n<p>Zur Zeit muss noch viel gekl\u00e4rt werden, aber aktuell w\u00fcrden wir auch in der neuen Saison 2026 mit Eurer Unterst\u00fctzung wieder mit eigenem Team an den Start gehen.<\/p>\n\n\n\n<p>F\u00fcr die EWC ist Marco erneut mit &#8222;Mana Au Competition #53&#8220; im Gespr\u00e4ch. Seit dem EWC Saisonfinale ist beiderseits der Wunsch und die Bereitschaft f\u00fcr eine weitere gemeinsame Saison in der EWC 2026 da.<\/p>\n\n\n\n<p>Wir stehen euch f\u00fcr Fragen oder Infos nat\u00fcrlich immer gerne und jederzeit zur Verf\u00fcgung.<br><strong>Ein herzlichen Dankesch\u00f6n f\u00fcr die Unterst\u00fctzung in der Saison 2025!<\/strong><\/p>\n\n\n\n<p>Und wir w\u00fcnschen Euch mit euren Familien ruhige Weihnachtstage, alles Gute f\u00fcr das neue Jahr, und vor allen Dingen Gesundheit!<\/p>\n\n\n\n<p><\/p>\n\n\n\n<figure class=\"wp-block-image size-large is-resized\"><a href=\"https:\/\/i0.wp.com\/www.fetz-racing.de\/wordpress\/wp-content\/uploads\/2025\/12\/IMG-20250929-WA0024-1-scaled.jpg?ssl=1\"><img data-recalc-dims=\"1\" loading=\"lazy\" decoding=\"async\" width=\"770\" height=\"770\" data-attachment-id=\"6341\" data-permalink=\"https:\/\/www.fetz-racing.de\/wordpress\/?attachment_id=6341\" data-orig-file=\"https:\/\/i0.wp.com\/www.fetz-racing.de\/wordpress\/wp-content\/uploads\/2025\/12\/IMG-20250929-WA0024-1-scaled.jpg?fit=2560%2C2560&amp;ssl=1\" data-orig-size=\"2560,2560\" data-comments-opened=\"1\" data-image-meta=\"{&quot;aperture&quot;:&quot;0&quot;,&quot;credit&quot;:&quot;&quot;,&quot;camera&quot;:&quot;&quot;,&quot;caption&quot;:&quot;&quot;,&quot;created_timestamp&quot;:&quot;0&quot;,&quot;copyright&quot;:&quot;&quot;,&quot;focal_length&quot;:&quot;0&quot;,&quot;iso&quot;:&quot;0&quot;,&quot;shutter_speed&quot;:&quot;0&quot;,&quot;title&quot;:&quot;&quot;,&quot;orientation&quot;:&quot;0&quot;}\" data-image-title=\"IMG-20250929-WA0024-1\" data-image-description=\"\" data-image-caption=\"\" data-large-file=\"https:\/\/i0.wp.com\/www.fetz-racing.de\/wordpress\/wp-content\/uploads\/2025\/12\/IMG-20250929-WA0024-1-scaled.jpg?fit=770%2C770&amp;ssl=1\" src=\"https:\/\/i0.wp.com\/www.fetz-racing.de\/wordpress\/wp-content\/uploads\/2025\/12\/IMG-20250929-WA0024-1.jpg?resize=770%2C770&#038;ssl=1\" alt=\"\" class=\"wp-image-6341\" style=\"width:572px;height:auto\" srcset=\"https:\/\/i0.wp.com\/www.fetz-racing.de\/wordpress\/wp-content\/uploads\/2025\/12\/IMG-20250929-WA0024-1-scaled.jpg?resize=1024%2C1024&amp;ssl=1 1024w, https:\/\/i0.wp.com\/www.fetz-racing.de\/wordpress\/wp-content\/uploads\/2025\/12\/IMG-20250929-WA0024-1-scaled.jpg?resize=300%2C300&amp;ssl=1 300w, https:\/\/i0.wp.com\/www.fetz-racing.de\/wordpress\/wp-content\/uploads\/2025\/12\/IMG-20250929-WA0024-1-scaled.jpg?resize=150%2C150&amp;ssl=1 150w, https:\/\/i0.wp.com\/www.fetz-racing.de\/wordpress\/wp-content\/uploads\/2025\/12\/IMG-20250929-WA0024-1-scaled.jpg?resize=768%2C768&amp;ssl=1 768w, https:\/\/i0.wp.com\/www.fetz-racing.de\/wordpress\/wp-content\/uploads\/2025\/12\/IMG-20250929-WA0024-1-scaled.jpg?resize=1536%2C1536&amp;ssl=1 1536w, https:\/\/i0.wp.com\/www.fetz-racing.de\/wordpress\/wp-content\/uploads\/2025\/12\/IMG-20250929-WA0024-1-scaled.jpg?resize=2048%2C2048&amp;ssl=1 2048w, https:\/\/i0.wp.com\/www.fetz-racing.de\/wordpress\/wp-content\/uploads\/2025\/12\/IMG-20250929-WA0024-1-scaled.jpg?w=2310&amp;ssl=1 2310w\" sizes=\"auto, (max-width: 770px) 100vw, 770px\" \/><\/a><\/figure>\n","protected":false},"excerpt":{"rendered":"<p>Liebe Freunde, Motorsportfreunde, Helfer und Unterst\u00fctzer, 2025 neigt sich dem Ende zu. Die Motorsportsaison ist zu Ende und die etwas ruhigere Weihnachtszeit ist da! Doch die Vorbereitung und Planung f\u00fcr die n\u00e4chste Motorsportsaison 2026 l\u00e4uft trotzdem seit dem Saisonfinale in Hockenheim weiter. F\u00fcr 2026 gibt es \u00c4nderungen bei der IDM,\u2026 <a class=\"continue-reading-link\" href=\"https:\/\/www.fetz-racing.de\/wordpress\/?p=6342\">Weiterlesen<\/a><\/p>\n","protected":false},"author":1,"featured_media":0,"comment_status":"closed","ping_status":"closed","sticky":false,"template":"","format":"standard","meta":{"ngg_post_thumbnail":0,"jetpack_post_was_ever_published":false,"_jetpack_newsletter_access":"","_jetpack_dont_email_post_to_subs":false,"_jetpack_newsletter_tier_id":0,"_jetpack_memberships_contains_paywalled_content":false,"_jetpack_memberships_contains_paid_content":false,"footnotes":"","jetpack_publicize_message":"","jetpack_publicize_feature_enabled":true,"jetpack_social_post_already_shared":true,"jetpack_social_options":{"image_generator_settings":{"template":"highway","default_image_id":0,"font":"","enabled":false},"version":2}},"categories":[1],"tags":[],"class_list":["post-6342","post","type-post","status-publish","format-standard","hentry","category-allgemein"],"jetpack_publicize_connections":[],"jetpack_featured_media_url":"","jetpack_sharing_enabled":true,"jetpack_shortlink":"https:\/\/wp.me\/p8UkLO-1Ei","jetpack-related-posts":[],"_links":{"self":[{"href":"https:\/\/www.fetz-racing.de\/wordpress\/index.php?rest_route=\/wp\/v2\/posts\/6342","targetHints":{"allow":["GET"]}}],"collection":[{"href":"https:\/\/www.fetz-racing.de\/wordpress\/index.php?rest_route=\/wp\/v2\/posts"}],"about":[{"href":"https:\/\/www.fetz-racing.de\/wordpress\/index.php?rest_route=\/wp\/v2\/types\/post"}],"author":[{"embeddable":true,"href":"https:\/\/www.fetz-racing.de\/wordpress\/index.php?rest_route=\/wp\/v2\/users\/1"}],"replies":[{"embeddable":true,"href":"https:\/\/www.fetz-racing.de\/wordpress\/index.php?rest_route=%2Fwp%2Fv2%2Fcomments&post=6342"}],"version-history":[{"count":2,"href":"https:\/\/www.fetz-racing.de\/wordpress\/index.php?rest_route=\/wp\/v2\/posts\/6342\/revisions"}],"predecessor-version":[{"id":6344,"href":"https:\/\/www.fetz-racing.de\/wordpress\/index.php?rest_route=\/wp\/v2\/posts\/6342\/revisions\/6344"}],"wp:attachment":[{"href":"https:\/\/www.fetz-racing.de\/wordpress\/index.php?rest_route=%2Fwp%2Fv2%2Fmedia&parent=6342"}],"wp:term":[{"taxonomy":"category","embeddable":true,"href":"https:\/\/www.fetz-racing.de\/wordpress\/index.php?rest_route=%2Fwp%2Fv2%2Fcategories&post=6342"},{"taxonomy":"post_tag","embeddable":true,"href":"https:\/\/www.fetz-racing.de\/wordpress\/index.php?rest_route=%2Fwp%2Fv2%2Ftags&post=6342"}],"curies":[{"name":"wp","href":"https:\/\/api.w.org\/{rel}","templated":true}]}}