{"id":6275,"date":"2025-09-16T17:00:08","date_gmt":"2025-09-16T16:00:08","guid":{"rendered":"https:\/\/www.fetz-racing.de\/wordpress\/?p=6275"},"modified":"2025-09-17T11:06:50","modified_gmt":"2025-09-17T10:06:50","slug":"24h-von-bol-dor-2025","status":"publish","type":"post","link":"https:\/\/www.fetz-racing.de\/wordpress\/?p=6275","title":{"rendered":"24h von Bol d&#8217;Or 2025"},"content":{"rendered":"\n<div>\n<div>\n<div>\n<div>\n<div>\n<div>\n<div>\n<div>\n<div>\n<div>Vor dem EWC-Event gibt&#8217;s noch eine Info zum letzten N\u00fcrburgring Wochenende:&nbsp;<\/div>\n<div>Unser Chefmechaniker Patrick Butz, PB Racetec, hat begonnen die komplett zerst\u00f6rte BMW M1000RR wieder aufzubauen!<\/div>\n<div>Wir sind noch guter Dinge und dran, dass bis zum IDM-Abschluss in Hockenheim alles wieder einsatzbereit ist!&nbsp;<\/div>\n<div>Danke vorab an Patrick und an alle Spender, Sponsoren und Unterst\u00fctzer welche hier mit anpacken!<\/div>\n<div>&nbsp;<\/div>\n<div>\n<div>Wir sind gestern, Montagnachmittag den 15.09.25, im Fahrerlager auf dem Circuit Paul Ricard bei Le Castellet f\u00fcr den EWC-Lauf 24h von Bol d&#8217;Or am 20.09.2025 angekommen.&nbsp;<\/div>\n<div>Die Anfahrt ab Sonntag war problemlos und das wird mit super Wetter in S\u00fcdfrankreich belohnt.&nbsp;<\/div>\n<div>\n<div>Es ist jeden Tag sonnig bei ca. 25\u00b0, etwas windig und soll auch die n\u00e4chsten Tage so bleiben.&nbsp;<\/div>\n<\/div>\n<div>\n<div>&nbsp;<\/div>\n<div>Marco wird die 24h Bol d&#8217;Or f\u00fcr Mana au Competition #53 mit Fahrerkollegen Max Schmidt und dem neu dazugekommenen Australier Brayden Elliot fahren, welcher Alexis Lamire ersetzt.&nbsp;<\/div>\n<\/div>\n<div>Heute, am Dienstag 16.09.25, findet von 11:00-13:00 Uhr und von 16:00-18:00 Uhr ein freies Training statt.&nbsp;<\/div>\n<div>Allerdings wurde im ersten FP kaum gefahren, da es wegen schwerer St\u00fcrze st\u00e4ndig unterbrochen wurde.&nbsp;<\/div>\n<div>Weiter geht&#8217;s ab 13:20 Uhr mit FP2.&nbsp;<\/div>\n<div>&nbsp;<\/div>\n<div>Morgen am Mittwoch sind keine Trainings, sondern Besprechungen und Vorbereitungen vom Team geplant. Den Nachmittag haben die Fahrer dann zur freien Verf\u00fcgung.&nbsp;<\/div>\n<div>&nbsp;<\/div>\n<div>Ab Donnerstag startet dann offiziell die Bol&#8217;d Or 2025 und es geht <a href=\"https:\/\/www.fetz-racing.de\/wordpress\/wp-content\/uploads\/2025\/09\/Zeitplan-Bold-Or-2025-V1.pdf\">nach beigef\u00fcgtem Zeitplan<\/a> weiter.&nbsp;<\/div>\n<div>&nbsp;<\/div>\n<div>Hier ist noch ein Livetiming mit Ergebnissen und Live Timing:<\/div>\n<div><a href=\"https:\/\/www.its-live.net\/#\/live\/ewc\/2024\/boldor\">https:\/\/www.its-live.net\/#\/live\/ewc\/2024\/boldor<\/a>&nbsp;<\/div>\n<div>&nbsp;<\/div>\n<div>Hier der Link zum Livestream:<\/div>\n<div><a href=\"https:\/\/www.servustv.com\/sport\/v\/aatwyvnpn56c3ezjby1a\/\" target=\"_blank\" rel=\"noopener\">FIM EWC: 24 Stunden Bol d&#8217;Or &#8211; ServusTV On<\/a><\/div>\n<div>&nbsp;<\/div>\n<\/div>\n<\/div>\n<div class=\"signature\">\n<div class=\"signature\">\n<div>\n<div>\n<div>Weitere Infos werden nat\u00fcrlich folgen!<\/div>\n<div>&nbsp;<\/div>\n<div>Stehen Euch f\u00fcr Fragen und Infos wie immer gerne zur Verf\u00fcgung!&nbsp;<\/div>\n<div>&nbsp;<\/div>\n<div>F\u00fcr die Unterst\u00fctzung in der IDM und EWC m\u00f6chten wir uns bei allen Sponsoren, Unterst\u00fctzern und Helfern ganz herzlich bedanken!<\/div>\n<div>&nbsp;<\/div>\n<\/div>\n<\/div>\n<\/div>\n<\/div>\n<\/div>\n<\/div>\n<\/div>\n<\/div>\n<\/div>\n<\/div>\n<\/div>\n<\/div>\n\n\n\n<figure class=\"wp-block-image size-large is-resized\"><a href=\"https:\/\/i0.wp.com\/www.fetz-racing.de\/wordpress\/wp-content\/uploads\/2025\/09\/Marco-6-FP-16.09.-EWC-Bold-Or-2025-scaled.jpg?ssl=1\"><img data-recalc-dims=\"1\" loading=\"lazy\" decoding=\"async\" width=\"770\" height=\"1017\" data-attachment-id=\"6277\" data-permalink=\"https:\/\/www.fetz-racing.de\/wordpress\/?attachment_id=6277\" data-orig-file=\"https:\/\/i0.wp.com\/www.fetz-racing.de\/wordpress\/wp-content\/uploads\/2025\/09\/Marco-6-FP-16.09.-EWC-Bold-Or-2025-scaled.jpg?fit=1937%2C2560&amp;ssl=1\" data-orig-size=\"1937,2560\" data-comments-opened=\"1\" data-image-meta=\"{&quot;aperture&quot;:&quot;1.7&quot;,&quot;credit&quot;:&quot;&quot;,&quot;camera&quot;:&quot;motorola edge 30 neo&quot;,&quot;caption&quot;:&quot;&quot;,&quot;created_timestamp&quot;:&quot;1758021072&quot;,&quot;copyright&quot;:&quot;&quot;,&quot;focal_length&quot;:&quot;4.71&quot;,&quot;iso&quot;:&quot;363&quot;,&quot;shutter_speed&quot;:&quot;0.02&quot;,&quot;title&quot;:&quot;&quot;,&quot;orientation&quot;:&quot;1&quot;}\" data-image-title=\"Marco #6, FP 16.09., EWC Bol&amp;#8217;d Or 2025\" data-image-description=\"\" data-image-caption=\"\" data-large-file=\"https:\/\/i0.wp.com\/www.fetz-racing.de\/wordpress\/wp-content\/uploads\/2025\/09\/Marco-6-FP-16.09.-EWC-Bold-Or-2025-scaled.jpg?fit=770%2C1017&amp;ssl=1\" src=\"https:\/\/i0.wp.com\/www.fetz-racing.de\/wordpress\/wp-content\/uploads\/2025\/09\/Marco-6-FP-16.09.-EWC-Bold-Or-2025.jpg?resize=770%2C1017&#038;ssl=1\" alt=\"\" class=\"wp-image-6277\" style=\"width:443px;height:auto\" srcset=\"https:\/\/i0.wp.com\/www.fetz-racing.de\/wordpress\/wp-content\/uploads\/2025\/09\/Marco-6-FP-16.09.-EWC-Bold-Or-2025-scaled.jpg?resize=775%2C1024&amp;ssl=1 775w, https:\/\/i0.wp.com\/www.fetz-racing.de\/wordpress\/wp-content\/uploads\/2025\/09\/Marco-6-FP-16.09.-EWC-Bold-Or-2025-scaled.jpg?resize=227%2C300&amp;ssl=1 227w, https:\/\/i0.wp.com\/www.fetz-racing.de\/wordpress\/wp-content\/uploads\/2025\/09\/Marco-6-FP-16.09.-EWC-Bold-Or-2025-scaled.jpg?resize=768%2C1015&amp;ssl=1 768w, https:\/\/i0.wp.com\/www.fetz-racing.de\/wordpress\/wp-content\/uploads\/2025\/09\/Marco-6-FP-16.09.-EWC-Bold-Or-2025-scaled.jpg?resize=1162%2C1536&amp;ssl=1 1162w, https:\/\/i0.wp.com\/www.fetz-racing.de\/wordpress\/wp-content\/uploads\/2025\/09\/Marco-6-FP-16.09.-EWC-Bold-Or-2025-scaled.jpg?resize=1550%2C2048&amp;ssl=1 1550w, https:\/\/i0.wp.com\/www.fetz-racing.de\/wordpress\/wp-content\/uploads\/2025\/09\/Marco-6-FP-16.09.-EWC-Bold-Or-2025-scaled.jpg?resize=114%2C150&amp;ssl=1 114w, https:\/\/i0.wp.com\/www.fetz-racing.de\/wordpress\/wp-content\/uploads\/2025\/09\/Marco-6-FP-16.09.-EWC-Bold-Or-2025-scaled.jpg?w=1937&amp;ssl=1 1937w\" sizes=\"auto, (max-width: 770px) 100vw, 770px\" \/><\/a><\/figure>\n","protected":false},"excerpt":{"rendered":"<p>Vor dem EWC-Event gibt&#8217;s noch eine Info zum letzten N\u00fcrburgring Wochenende:&nbsp; Unser Chefmechaniker Patrick Butz, PB Racetec, hat begonnen die komplett zerst\u00f6rte BMW M1000RR wieder aufzubauen! Wir sind noch guter Dinge und dran, dass bis zum IDM-Abschluss in Hockenheim alles wieder einsatzbereit ist!&nbsp; Danke vorab an Patrick und an alle\u2026 <a class=\"continue-reading-link\" href=\"https:\/\/www.fetz-racing.de\/wordpress\/?p=6275\">Weiterlesen<\/a><\/p>\n","protected":false},"author":1,"featured_media":0,"comment_status":"closed","ping_status":"closed","sticky":false,"template":"","format":"standard","meta":{"ngg_post_thumbnail":0,"jetpack_post_was_ever_published":false,"_jetpack_newsletter_access":"","_jetpack_dont_email_post_to_subs":false,"_jetpack_newsletter_tier_id":0,"_jetpack_memberships_contains_paywalled_content":false,"_jetpack_memberships_contains_paid_content":false,"footnotes":"","jetpack_publicize_message":"","jetpack_publicize_feature_enabled":true,"jetpack_social_post_already_shared":true,"jetpack_social_options":{"image_generator_settings":{"template":"highway","default_image_id":0,"font":"","enabled":false},"version":2}},"categories":[1,84],"tags":[82],"class_list":["post-6275","post","type-post","status-publish","format-standard","hentry","category-allgemein","category-ewc","tag-ewc"],"jetpack_publicize_connections":[],"jetpack_featured_media_url":"","jetpack_sharing_enabled":true,"jetpack_shortlink":"https:\/\/wp.me\/p8UkLO-1Dd","jetpack-related-posts":[],"_links":{"self":[{"href":"https:\/\/www.fetz-racing.de\/wordpress\/index.php?rest_route=\/wp\/v2\/posts\/6275","targetHints":{"allow":["GET"]}}],"collection":[{"href":"https:\/\/www.fetz-racing.de\/wordpress\/index.php?rest_route=\/wp\/v2\/posts"}],"about":[{"href":"https:\/\/www.fetz-racing.de\/wordpress\/index.php?rest_route=\/wp\/v2\/types\/post"}],"author":[{"embeddable":true,"href":"https:\/\/www.fetz-racing.de\/wordpress\/index.php?rest_route=\/wp\/v2\/users\/1"}],"replies":[{"embeddable":true,"href":"https:\/\/www.fetz-racing.de\/wordpress\/index.php?rest_route=%2Fwp%2Fv2%2Fcomments&post=6275"}],"version-history":[{"count":8,"href":"https:\/\/www.fetz-racing.de\/wordpress\/index.php?rest_route=\/wp\/v2\/posts\/6275\/revisions"}],"predecessor-version":[{"id":6285,"href":"https:\/\/www.fetz-racing.de\/wordpress\/index.php?rest_route=\/wp\/v2\/posts\/6275\/revisions\/6285"}],"wp:attachment":[{"href":"https:\/\/www.fetz-racing.de\/wordpress\/index.php?rest_route=%2Fwp%2Fv2%2Fmedia&parent=6275"}],"wp:term":[{"taxonomy":"category","embeddable":true,"href":"https:\/\/www.fetz-racing.de\/wordpress\/index.php?rest_route=%2Fwp%2Fv2%2Fcategories&post=6275"},{"taxonomy":"post_tag","embeddable":true,"href":"https:\/\/www.fetz-racing.de\/wordpress\/index.php?rest_route=%2Fwp%2Fv2%2Ftags&post=6275"}],"curies":[{"name":"wp","href":"https:\/\/api.w.org\/{rel}","templated":true}]}}