{"id":6251,"date":"2025-08-04T15:25:21","date_gmt":"2025-08-04T14:25:21","guid":{"rendered":"https:\/\/www.fetz-racing.de\/wordpress\/?p=6251"},"modified":"2025-08-04T15:28:41","modified_gmt":"2025-08-04T14:28:41","slug":"kein-assen-fuer-uns-in-dieser-saison","status":"publish","type":"post","link":"https:\/\/www.fetz-racing.de\/wordpress\/?p=6251","title":{"rendered":"Kein Assen f\u00fcr uns in dieser Saison"},"content":{"rendered":"\n<p>Hallo Leute, hallo Motorsportfreunde,&nbsp;<\/p>\n<p>unsere Urlaubszeit ist vorbei und es geht wieder mit der Arbeit weiter.<\/p>\n<p>In der IDM geht es vom 15.-17. August in Assen (NL) weiter.&nbsp;<\/p>\n<p>Die Kosten f\u00fcr die IDM und EWC Saison sind sehr hoch und schwer zu stemmen. Aus diesem Grund haben wir uns f\u00fcr die IDM-Veranstaltung in Assen abgemeldet und werden an dieser nicht teilnehmen.&nbsp;<\/p>\n<p>Unsere Motorsportsaison 2025 ist dann im September mit IDM-Veranstaltungen an N\u00fcrburgring und Hockenheim sowie EWC bei den 24h von Bol&#8217;d Or gut gef\u00fcllt.&nbsp;<\/p>\n<p>F\u00fcr die Teilnahme an unseren IDM- und EWC-Veranstaltungen m\u00f6chten wir uns bei allen unseren Sponsoren, Unterst\u00fctzern und Helfern ganz herzlich bedanken!&nbsp;<\/p>\n<p>Wir freuen uns dies alles stemmen zu k\u00f6nnen und ohne Euch alle w\u00e4re das alles nicht zu machen!&nbsp;<\/p>\n<p>Und wir werden am N\u00fcrburgring am 05.-07.09.25 wieder am Start sein und&nbsp;Infos dazu folgen rechtzeitig.&nbsp;<\/p>\n<p>F\u00fcr Fragen stehen wir euch jederzeit gerne zur Verf\u00fcgung.&nbsp;<\/p>\n<p>Mit motorsportlichen Gr\u00fc\u00dfen !<\/p>\n\n\n\n<figure class=\"wp-block-image size-large is-resized\"><a href=\"https:\/\/i0.wp.com\/www.fetz-racing.de\/wordpress\/wp-content\/uploads\/2025\/08\/Bild_Fetz-RacingOLeben2.jpg?ssl=1\"><img data-recalc-dims=\"1\" loading=\"lazy\" decoding=\"async\" width=\"770\" height=\"581\" data-attachment-id=\"6252\" data-permalink=\"https:\/\/www.fetz-racing.de\/wordpress\/?attachment_id=6252\" data-orig-file=\"https:\/\/i0.wp.com\/www.fetz-racing.de\/wordpress\/wp-content\/uploads\/2025\/08\/Bild_Fetz-RacingOLeben2.jpg?fit=1200%2C905&amp;ssl=1\" data-orig-size=\"1200,905\" data-comments-opened=\"1\" data-image-meta=\"{&quot;aperture&quot;:&quot;1.7&quot;,&quot;credit&quot;:&quot;&quot;,&quot;camera&quot;:&quot;motorola edge 30 neo&quot;,&quot;caption&quot;:&quot;&quot;,&quot;created_timestamp&quot;:&quot;1750584519&quot;,&quot;copyright&quot;:&quot;&quot;,&quot;focal_length&quot;:&quot;4.71&quot;,&quot;iso&quot;:&quot;447&quot;,&quot;shutter_speed&quot;:&quot;0.01&quot;,&quot;title&quot;:&quot;&quot;,&quot;orientation&quot;:&quot;0&quot;}\" data-image-title=\"Bild_Fetz-RacingOLeben2\" data-image-description=\"\" data-image-caption=\"\" data-large-file=\"https:\/\/i0.wp.com\/www.fetz-racing.de\/wordpress\/wp-content\/uploads\/2025\/08\/Bild_Fetz-RacingOLeben2.jpg?fit=770%2C581&amp;ssl=1\" src=\"https:\/\/i0.wp.com\/www.fetz-racing.de\/wordpress\/wp-content\/uploads\/2025\/08\/Bild_Fetz-RacingOLeben2.jpg?resize=770%2C581&#038;ssl=1\" alt=\"\" class=\"wp-image-6252\" style=\"width:651px;height:auto\" srcset=\"https:\/\/i0.wp.com\/www.fetz-racing.de\/wordpress\/wp-content\/uploads\/2025\/08\/Bild_Fetz-RacingOLeben2.jpg?resize=1024%2C772&amp;ssl=1 1024w, https:\/\/i0.wp.com\/www.fetz-racing.de\/wordpress\/wp-content\/uploads\/2025\/08\/Bild_Fetz-RacingOLeben2.jpg?resize=300%2C226&amp;ssl=1 300w, https:\/\/i0.wp.com\/www.fetz-racing.de\/wordpress\/wp-content\/uploads\/2025\/08\/Bild_Fetz-RacingOLeben2.jpg?resize=768%2C579&amp;ssl=1 768w, https:\/\/i0.wp.com\/www.fetz-racing.de\/wordpress\/wp-content\/uploads\/2025\/08\/Bild_Fetz-RacingOLeben2.jpg?resize=199%2C150&amp;ssl=1 199w, https:\/\/i0.wp.com\/www.fetz-racing.de\/wordpress\/wp-content\/uploads\/2025\/08\/Bild_Fetz-RacingOLeben2.jpg?resize=150%2C113&amp;ssl=1 150w, https:\/\/i0.wp.com\/www.fetz-racing.de\/wordpress\/wp-content\/uploads\/2025\/08\/Bild_Fetz-RacingOLeben2.jpg?w=1200&amp;ssl=1 1200w\" sizes=\"auto, (max-width: 770px) 100vw, 770px\" \/><\/a><\/figure>\n","protected":false},"excerpt":{"rendered":"<p>Hallo Leute, hallo Motorsportfreunde,&nbsp; unsere Urlaubszeit ist vorbei und es geht wieder mit der Arbeit weiter. In der IDM geht es vom 15.-17. August in Assen (NL) weiter.&nbsp; Die Kosten f\u00fcr die IDM und EWC Saison sind sehr hoch und schwer zu stemmen. Aus diesem Grund haben wir uns f\u00fcr\u2026 <a class=\"continue-reading-link\" href=\"https:\/\/www.fetz-racing.de\/wordpress\/?p=6251\">Weiterlesen<\/a><\/p>\n","protected":false},"author":1,"featured_media":0,"comment_status":"closed","ping_status":"closed","sticky":false,"template":"","format":"standard","meta":{"ngg_post_thumbnail":0,"jetpack_post_was_ever_published":false,"_jetpack_newsletter_access":"","_jetpack_dont_email_post_to_subs":false,"_jetpack_newsletter_tier_id":0,"_jetpack_memberships_contains_paywalled_content":false,"_jetpack_memberships_contains_paid_content":false,"footnotes":"","jetpack_publicize_message":"","jetpack_publicize_feature_enabled":true,"jetpack_social_post_already_shared":true,"jetpack_social_options":{"image_generator_settings":{"template":"highway","default_image_id":0,"font":"","enabled":false},"version":2}},"categories":[1],"tags":[23],"class_list":["post-6251","post","type-post","status-publish","format-standard","hentry","category-allgemein","tag-assen"],"jetpack_publicize_connections":[],"jetpack_featured_media_url":"","jetpack_sharing_enabled":true,"jetpack_shortlink":"https:\/\/wp.me\/p8UkLO-1CP","jetpack-related-posts":[],"_links":{"self":[{"href":"https:\/\/www.fetz-racing.de\/wordpress\/index.php?rest_route=\/wp\/v2\/posts\/6251","targetHints":{"allow":["GET"]}}],"collection":[{"href":"https:\/\/www.fetz-racing.de\/wordpress\/index.php?rest_route=\/wp\/v2\/posts"}],"about":[{"href":"https:\/\/www.fetz-racing.de\/wordpress\/index.php?rest_route=\/wp\/v2\/types\/post"}],"author":[{"embeddable":true,"href":"https:\/\/www.fetz-racing.de\/wordpress\/index.php?rest_route=\/wp\/v2\/users\/1"}],"replies":[{"embeddable":true,"href":"https:\/\/www.fetz-racing.de\/wordpress\/index.php?rest_route=%2Fwp%2Fv2%2Fcomments&post=6251"}],"version-history":[{"count":1,"href":"https:\/\/www.fetz-racing.de\/wordpress\/index.php?rest_route=\/wp\/v2\/posts\/6251\/revisions"}],"predecessor-version":[{"id":6253,"href":"https:\/\/www.fetz-racing.de\/wordpress\/index.php?rest_route=\/wp\/v2\/posts\/6251\/revisions\/6253"}],"wp:attachment":[{"href":"https:\/\/www.fetz-racing.de\/wordpress\/index.php?rest_route=%2Fwp%2Fv2%2Fmedia&parent=6251"}],"wp:term":[{"taxonomy":"category","embeddable":true,"href":"https:\/\/www.fetz-racing.de\/wordpress\/index.php?rest_route=%2Fwp%2Fv2%2Fcategories&post=6251"},{"taxonomy":"post_tag","embeddable":true,"href":"https:\/\/www.fetz-racing.de\/wordpress\/index.php?rest_route=%2Fwp%2Fv2%2Ftags&post=6251"}],"curies":[{"name":"wp","href":"https:\/\/api.w.org\/{rel}","templated":true}]}}