{"id":6213,"date":"2025-06-26T20:50:54","date_gmt":"2025-06-26T19:50:54","guid":{"rendered":"https:\/\/www.fetz-racing.de\/wordpress\/?p=6213"},"modified":"2025-06-26T21:08:45","modified_gmt":"2025-06-26T20:08:45","slug":"rueckblick-auf-die-idm-in-most","status":"publish","type":"post","link":"https:\/\/www.fetz-racing.de\/wordpress\/?p=6213","title":{"rendered":"R\u00fcckblick auf die IDM in Most"},"content":{"rendered":"\n<p>Hier unser Kurzbericht von der IDM Veranstaltung in Most, vom 20.-22. Juni 2025.<\/p>\n<p>Wir sind am Donnerstag in Most angekommen und konnten trotz Ankunft um 13:30 Uhr erst ab ca. 17:00 Uhr die Box beziehen, alles aufbauen und f\u00fcr den Freitag vorbereiten.<\/p>\n<p>Das Wetter in Most war seit der Ankunft sommerlich warm und sehr windig. Die Temperaturen von 23\u00b0 am Freitag bis zu dr\u00fcckend warmen 32\u00b0 am Rennsonntag.&nbsp;<\/p>\n<p>Freitag fr\u00fch stand FP1 und mittags FP2 an. Die freien Trainings wurden f\u00fcr Abstimmung genutzt, liefen ganz gut und Marco stand auf P14.&nbsp;<\/p>\n<p>Nachmittags war Superpole Pre-Practice bei dem es nicht nach Plan lief und es fehlten am Ende 0,4sec. um sich direkt f\u00fcr die Superpole 2 zu qualifizieren.&nbsp;<\/p>\n<p>Am Samstag um 09:50 Uhr war nochmal freies Training, FP3. Auch hier haben wir weiter an der Abstimmung gearbeitet und es lief auch ganz gut, Marco stand auch hier auf P14.&nbsp;<\/p>\n<p>Um 13:00 Uhr startete f\u00fcr 15min. die Superpole1. Hier lief es leider nicht wie erhofft, denn Marco konnte kein Gef\u00fchl aufbauen. Somit landete er auf Startplatz 18.&nbsp;<\/p>\n<p>Sonntag um 09:15 Uhr bei trockenem Wetter stand 10 min Warmup auf dem Programm.&nbsp;<\/p>\n<p>Um 12:15 Uhr startete Rennen1.&nbsp;<\/p>\n<p>Marco kam beim Start nicht gut weg. In der ersten Kurve wurde es sehr eng und es kam zu einer kleinen Kollision vor Marco. Gl\u00fccklicherweise hat er gut reagiert und konnte sich aus dem Get\u00fcmmel fernhalten. Marco konnte mit um P15 fahren. Durch Ausritte und Ausf\u00e4lle von Kollegen rutschte Marco auf P13 vor, konnte den aber nicht bis zum Schluss halten und beendete das Rennen auf P14.&nbsp;<\/p>\n<p>Um 16:25 Uhr ging es mit Rennen 2 los. Marco hatte wieder einen bescheidenen Start. Er kam dadurch nicht in Konflikt mit dem Sturz in der ersten Kurve bei dem 2 Fahrer vor ihm ausfielen.&nbsp;<\/p>\n<p>Er musste zwar etwas ausweichen und verlor dadurch etwas Zeit. Auch w\u00e4hrend des zweiten Rennens fielen in den ersten Runden noch 2 Fahrer aus und weitere mussten auch mal ins Kiesbett ausweichen. Marco hatte zwischenzeitlich Platz 13 erreicht und konnte diesen bis in Ziel mit einem Vorsprung von 0,3 sec. halten.&nbsp;<\/p>\n<p>Mit den Ergebnissen von P14 &amp; P13 sind wir zwar zufrieden aber mit dem gesamten Wochenende in Most leider nicht ganz.<\/p>\n<p>Trotzdem freuen wir uns jetzt schon auf das weitere IDM-Wochenende in Oschersleben vom 04.-06.07.2025&nbsp;<\/p>\n<p>Wir stehen Euch f\u00fcr Fragen und Infos jederzeit zur Verf\u00fcgung.<\/p>\n<p>Ein herzliches Dankesch\u00f6n geht an alle Sponsoren, Helfer und Unterst\u00fctzer!<\/p>\n<p>Mit motorsportlichen Gr\u00fc\u00dfen !<\/p>\n<p>&nbsp;<\/p>\n\n\n\n<div class=\"wp-block-jetpack-tiled-gallery aligncenter is-style-rectangular\"><div class=\"\"><div class=\"tiled-gallery__gallery\"><div class=\"tiled-gallery__row\"><div class=\"tiled-gallery__col\" style=\"flex-basis:66.67712%\"><figure class=\"tiled-gallery__item\"><img decoding=\"async\" data-attachment-id=\"6218\" data-permalink=\"https:\/\/www.fetz-racing.de\/wordpress\/?attachment_id=6218\" data-orig-file=\"https:\/\/i0.wp.com\/www.fetz-racing.de\/wordpress\/wp-content\/uploads\/2025\/06\/Most_Marco2_Gramm_IDM.jpg?fit=1200%2C800&amp;ssl=1\" data-orig-size=\"1200,800\" data-comments-opened=\"1\" data-image-meta=\"{&quot;aperture&quot;:&quot;0&quot;,&quot;credit&quot;:&quot;&quot;,&quot;camera&quot;:&quot;&quot;,&quot;caption&quot;:&quot;&quot;,&quot;created_timestamp&quot;:&quot;0&quot;,&quot;copyright&quot;:&quot;&quot;,&quot;focal_length&quot;:&quot;0&quot;,&quot;iso&quot;:&quot;0&quot;,&quot;shutter_speed&quot;:&quot;0&quot;,&quot;title&quot;:&quot;&quot;,&quot;orientation&quot;:&quot;0&quot;}\" data-image-title=\"Most_Marco2_Gramm_IDM\" data-image-description=\"\" data-image-caption=\"\" data-large-file=\"https:\/\/i0.wp.com\/www.fetz-racing.de\/wordpress\/wp-content\/uploads\/2025\/06\/Most_Marco2_Gramm_IDM.jpg?fit=770%2C514&amp;ssl=1\" data-attachment-id=\"6218\" data-permalink=\"https:\/\/www.fetz-racing.de\/wordpress\/?attachment_id=6218\" data-orig-file=\"https:\/\/i0.wp.com\/www.fetz-racing.de\/wordpress\/wp-content\/uploads\/2025\/06\/Most_Marco2_Gramm_IDM.jpg?fit=1200%2C800&amp;ssl=1\" data-orig-size=\"1200,800\" data-comments-opened=\"1\" data-image-meta=\"{&quot;aperture&quot;:&quot;0&quot;,&quot;credit&quot;:&quot;&quot;,&quot;camera&quot;:&quot;&quot;,&quot;caption&quot;:&quot;&quot;,&quot;created_timestamp&quot;:&quot;0&quot;,&quot;copyright&quot;:&quot;&quot;,&quot;focal_length&quot;:&quot;0&quot;,&quot;iso&quot;:&quot;0&quot;,&quot;shutter_speed&quot;:&quot;0&quot;,&quot;title&quot;:&quot;&quot;,&quot;orientation&quot;:&quot;0&quot;}\" data-image-title=\"Most_Marco2_Gramm_IDM\" data-image-description=\"\" data-image-caption=\"\" data-large-file=\"https:\/\/i0.wp.com\/www.fetz-racing.de\/wordpress\/wp-content\/uploads\/2025\/06\/Most_Marco2_Gramm_IDM.jpg?fit=770%2C514&amp;ssl=1\" role=\"button\" tabindex=\"0\" aria-label=\"Bild\u00a01 von 3 im Vollbildmodus \u00f6ffnen\"srcset=\"https:\/\/i0.wp.com\/www.fetz-racing.de\/wordpress\/wp-content\/uploads\/2025\/06\/Most_Marco2_Gramm_IDM-1024x683.jpg?strip=info&#038;w=600&#038;ssl=1 600w,https:\/\/i0.wp.com\/www.fetz-racing.de\/wordpress\/wp-content\/uploads\/2025\/06\/Most_Marco2_Gramm_IDM-1024x683.jpg?strip=info&#038;w=900&#038;ssl=1 900w,https:\/\/i0.wp.com\/www.fetz-racing.de\/wordpress\/wp-content\/uploads\/2025\/06\/Most_Marco2_Gramm_IDM-1024x683.jpg?strip=info&#038;w=1200&#038;ssl=1 1200w\" alt=\"\" data-height=\"800\" data-id=\"6218\" data-link=\"https:\/\/www.fetz-racing.de\/wordpress\/?attachment_id=6218\" data-url=\"https:\/\/www.fetz-racing.de\/wordpress\/wp-content\/uploads\/2025\/06\/Most_Marco2_Gramm_IDM-1024x683.jpg\" data-width=\"1200\" src=\"https:\/\/i0.wp.com\/www.fetz-racing.de\/wordpress\/wp-content\/uploads\/2025\/06\/Most_Marco2_Gramm_IDM-1024x683.jpg?ssl=1\" data-amp-layout=\"responsive\" tabindex=\"0\" role=\"button\" aria-label=\"Bild\u00a01 von 3 im Vollbildmodus \u00f6ffnen\"\/><\/figure><\/div><div class=\"tiled-gallery__col\" style=\"flex-basis:33.32288%\"><figure class=\"tiled-gallery__item\"><img decoding=\"async\" data-attachment-id=\"6217\" data-permalink=\"https:\/\/www.fetz-racing.de\/wordpress\/?attachment_id=6217\" data-orig-file=\"https:\/\/i0.wp.com\/www.fetz-racing.de\/wordpress\/wp-content\/uploads\/2025\/06\/MF-Racing_Most_25.jpg?fit=1200%2C792&amp;ssl=1\" data-orig-size=\"1200,792\" data-comments-opened=\"1\" data-image-meta=\"{&quot;aperture&quot;:&quot;1.7&quot;,&quot;credit&quot;:&quot;&quot;,&quot;camera&quot;:&quot;motorola edge 30 neo&quot;,&quot;caption&quot;:&quot;&quot;,&quot;created_timestamp&quot;:&quot;1750584481&quot;,&quot;copyright&quot;:&quot;&quot;,&quot;focal_length&quot;:&quot;4.71&quot;,&quot;iso&quot;:&quot;341&quot;,&quot;shutter_speed&quot;:&quot;0.01&quot;,&quot;title&quot;:&quot;&quot;,&quot;orientation&quot;:&quot;0&quot;}\" data-image-title=\"MF-Racing_Most_25\" data-image-description=\"\" data-image-caption=\"\" data-large-file=\"https:\/\/i0.wp.com\/www.fetz-racing.de\/wordpress\/wp-content\/uploads\/2025\/06\/MF-Racing_Most_25.jpg?fit=770%2C508&amp;ssl=1\" data-attachment-id=\"6217\" data-permalink=\"https:\/\/www.fetz-racing.de\/wordpress\/?attachment_id=6217\" data-orig-file=\"https:\/\/i0.wp.com\/www.fetz-racing.de\/wordpress\/wp-content\/uploads\/2025\/06\/MF-Racing_Most_25.jpg?fit=1200%2C792&amp;ssl=1\" data-orig-size=\"1200,792\" data-comments-opened=\"1\" data-image-meta=\"{&quot;aperture&quot;:&quot;1.7&quot;,&quot;credit&quot;:&quot;&quot;,&quot;camera&quot;:&quot;motorola edge 30 neo&quot;,&quot;caption&quot;:&quot;&quot;,&quot;created_timestamp&quot;:&quot;1750584481&quot;,&quot;copyright&quot;:&quot;&quot;,&quot;focal_length&quot;:&quot;4.71&quot;,&quot;iso&quot;:&quot;341&quot;,&quot;shutter_speed&quot;:&quot;0.01&quot;,&quot;title&quot;:&quot;&quot;,&quot;orientation&quot;:&quot;0&quot;}\" data-image-title=\"MF-Racing_Most_25\" data-image-description=\"\" data-image-caption=\"\" data-large-file=\"https:\/\/i0.wp.com\/www.fetz-racing.de\/wordpress\/wp-content\/uploads\/2025\/06\/MF-Racing_Most_25.jpg?fit=770%2C508&amp;ssl=1\" role=\"button\" tabindex=\"0\" aria-label=\"Bild\u00a02 von 3 im Vollbildmodus \u00f6ffnen\"srcset=\"https:\/\/i0.wp.com\/www.fetz-racing.de\/wordpress\/wp-content\/uploads\/2025\/06\/MF-Racing_Most_25-1024x676.jpg?strip=info&#038;w=600&#038;ssl=1 600w,https:\/\/i0.wp.com\/www.fetz-racing.de\/wordpress\/wp-content\/uploads\/2025\/06\/MF-Racing_Most_25-1024x676.jpg?strip=info&#038;w=900&#038;ssl=1 900w,https:\/\/i0.wp.com\/www.fetz-racing.de\/wordpress\/wp-content\/uploads\/2025\/06\/MF-Racing_Most_25-1024x676.jpg?strip=info&#038;w=1200&#038;ssl=1 1200w\" alt=\"\" data-height=\"792\" data-id=\"6217\" data-link=\"https:\/\/www.fetz-racing.de\/wordpress\/?attachment_id=6217\" data-url=\"https:\/\/www.fetz-racing.de\/wordpress\/wp-content\/uploads\/2025\/06\/MF-Racing_Most_25-1024x676.jpg\" data-width=\"1200\" src=\"https:\/\/i0.wp.com\/www.fetz-racing.de\/wordpress\/wp-content\/uploads\/2025\/06\/MF-Racing_Most_25-1024x676.jpg?ssl=1\" data-amp-layout=\"responsive\" tabindex=\"0\" role=\"button\" aria-label=\"Bild\u00a02 von 3 im Vollbildmodus \u00f6ffnen\"\/><\/figure><figure class=\"tiled-gallery__item\"><img decoding=\"async\" data-attachment-id=\"6216\" data-permalink=\"https:\/\/www.fetz-racing.de\/wordpress\/?attachment_id=6216\" data-orig-file=\"https:\/\/i0.wp.com\/www.fetz-racing.de\/wordpress\/wp-content\/uploads\/2025\/06\/Most_Marco3_Gramm_IDM.jpg?fit=1200%2C800&amp;ssl=1\" data-orig-size=\"1200,800\" data-comments-opened=\"1\" data-image-meta=\"{&quot;aperture&quot;:&quot;0&quot;,&quot;credit&quot;:&quot;&quot;,&quot;camera&quot;:&quot;&quot;,&quot;caption&quot;:&quot;&quot;,&quot;created_timestamp&quot;:&quot;0&quot;,&quot;copyright&quot;:&quot;&quot;,&quot;focal_length&quot;:&quot;0&quot;,&quot;iso&quot;:&quot;0&quot;,&quot;shutter_speed&quot;:&quot;0&quot;,&quot;title&quot;:&quot;&quot;,&quot;orientation&quot;:&quot;0&quot;}\" data-image-title=\"Most_Marco3_Gramm_IDM\" data-image-description=\"\" data-image-caption=\"\" data-large-file=\"https:\/\/i0.wp.com\/www.fetz-racing.de\/wordpress\/wp-content\/uploads\/2025\/06\/Most_Marco3_Gramm_IDM.jpg?fit=770%2C514&amp;ssl=1\" data-attachment-id=\"6216\" data-permalink=\"https:\/\/www.fetz-racing.de\/wordpress\/?attachment_id=6216\" data-orig-file=\"https:\/\/i0.wp.com\/www.fetz-racing.de\/wordpress\/wp-content\/uploads\/2025\/06\/Most_Marco3_Gramm_IDM.jpg?fit=1200%2C800&amp;ssl=1\" data-orig-size=\"1200,800\" data-comments-opened=\"1\" data-image-meta=\"{&quot;aperture&quot;:&quot;0&quot;,&quot;credit&quot;:&quot;&quot;,&quot;camera&quot;:&quot;&quot;,&quot;caption&quot;:&quot;&quot;,&quot;created_timestamp&quot;:&quot;0&quot;,&quot;copyright&quot;:&quot;&quot;,&quot;focal_length&quot;:&quot;0&quot;,&quot;iso&quot;:&quot;0&quot;,&quot;shutter_speed&quot;:&quot;0&quot;,&quot;title&quot;:&quot;&quot;,&quot;orientation&quot;:&quot;0&quot;}\" data-image-title=\"Most_Marco3_Gramm_IDM\" data-image-description=\"\" data-image-caption=\"\" data-large-file=\"https:\/\/i0.wp.com\/www.fetz-racing.de\/wordpress\/wp-content\/uploads\/2025\/06\/Most_Marco3_Gramm_IDM.jpg?fit=770%2C514&amp;ssl=1\" role=\"button\" tabindex=\"0\" aria-label=\"Bild\u00a03 von 3 im Vollbildmodus \u00f6ffnen\"srcset=\"https:\/\/i0.wp.com\/www.fetz-racing.de\/wordpress\/wp-content\/uploads\/2025\/06\/Most_Marco3_Gramm_IDM-1024x683.jpg?strip=info&#038;w=600&#038;ssl=1 600w,https:\/\/i0.wp.com\/www.fetz-racing.de\/wordpress\/wp-content\/uploads\/2025\/06\/Most_Marco3_Gramm_IDM-1024x683.jpg?strip=info&#038;w=900&#038;ssl=1 900w,https:\/\/i0.wp.com\/www.fetz-racing.de\/wordpress\/wp-content\/uploads\/2025\/06\/Most_Marco3_Gramm_IDM-1024x683.jpg?strip=info&#038;w=1200&#038;ssl=1 1200w\" alt=\"\" data-height=\"800\" data-id=\"6216\" data-link=\"https:\/\/www.fetz-racing.de\/wordpress\/?attachment_id=6216\" data-url=\"https:\/\/www.fetz-racing.de\/wordpress\/wp-content\/uploads\/2025\/06\/Most_Marco3_Gramm_IDM-1024x683.jpg\" data-width=\"1200\" src=\"https:\/\/i0.wp.com\/www.fetz-racing.de\/wordpress\/wp-content\/uploads\/2025\/06\/Most_Marco3_Gramm_IDM-1024x683.jpg?ssl=1\" data-amp-layout=\"responsive\" tabindex=\"0\" role=\"button\" aria-label=\"Bild\u00a03 von 3 im Vollbildmodus \u00f6ffnen\"\/><\/figure><\/div><\/div><\/div><\/div><\/div>\n","protected":false},"excerpt":{"rendered":"<p>Hier unser Kurzbericht von der IDM Veranstaltung in Most, vom 20.-22. Juni 2025. Wir sind am Donnerstag in Most angekommen und konnten trotz Ankunft um 13:30 Uhr erst ab ca. 17:00 Uhr die Box beziehen, alles aufbauen und f\u00fcr den Freitag vorbereiten. Das Wetter in Most war seit der Ankunft\u2026 <a class=\"continue-reading-link\" href=\"https:\/\/www.fetz-racing.de\/wordpress\/?p=6213\">Weiterlesen<\/a><\/p>\n","protected":false},"author":1,"featured_media":0,"comment_status":"closed","ping_status":"closed","sticky":false,"template":"","format":"standard","meta":{"ngg_post_thumbnail":0,"jetpack_post_was_ever_published":false,"_jetpack_newsletter_access":"","_jetpack_dont_email_post_to_subs":false,"_jetpack_newsletter_tier_id":0,"_jetpack_memberships_contains_paywalled_content":false,"_jetpack_memberships_contains_paid_content":false,"footnotes":"","jetpack_publicize_message":"","jetpack_publicize_feature_enabled":true,"jetpack_social_post_already_shared":true,"jetpack_social_options":{"image_generator_settings":{"template":"highway","default_image_id":0,"font":"","enabled":false},"version":2}},"categories":[90],"tags":[58],"class_list":["post-6213","post","type-post","status-publish","format-standard","hentry","category-rennen-2025","tag-most"],"jetpack_publicize_connections":[],"jetpack_featured_media_url":"","jetpack_sharing_enabled":true,"jetpack_shortlink":"https:\/\/wp.me\/p8UkLO-1Cd","jetpack-related-posts":[],"_links":{"self":[{"href":"https:\/\/www.fetz-racing.de\/wordpress\/index.php?rest_route=\/wp\/v2\/posts\/6213","targetHints":{"allow":["GET"]}}],"collection":[{"href":"https:\/\/www.fetz-racing.de\/wordpress\/index.php?rest_route=\/wp\/v2\/posts"}],"about":[{"href":"https:\/\/www.fetz-racing.de\/wordpress\/index.php?rest_route=\/wp\/v2\/types\/post"}],"author":[{"embeddable":true,"href":"https:\/\/www.fetz-racing.de\/wordpress\/index.php?rest_route=\/wp\/v2\/users\/1"}],"replies":[{"embeddable":true,"href":"https:\/\/www.fetz-racing.de\/wordpress\/index.php?rest_route=%2Fwp%2Fv2%2Fcomments&post=6213"}],"version-history":[{"count":4,"href":"https:\/\/www.fetz-racing.de\/wordpress\/index.php?rest_route=\/wp\/v2\/posts\/6213\/revisions"}],"predecessor-version":[{"id":6220,"href":"https:\/\/www.fetz-racing.de\/wordpress\/index.php?rest_route=\/wp\/v2\/posts\/6213\/revisions\/6220"}],"wp:attachment":[{"href":"https:\/\/www.fetz-racing.de\/wordpress\/index.php?rest_route=%2Fwp%2Fv2%2Fmedia&parent=6213"}],"wp:term":[{"taxonomy":"category","embeddable":true,"href":"https:\/\/www.fetz-racing.de\/wordpress\/index.php?rest_route=%2Fwp%2Fv2%2Fcategories&post=6213"},{"taxonomy":"post_tag","embeddable":true,"href":"https:\/\/www.fetz-racing.de\/wordpress\/index.php?rest_route=%2Fwp%2Fv2%2Ftags&post=6213"}],"curies":[{"name":"wp","href":"https:\/\/api.w.org\/{rel}","templated":true}]}}