{"id":587,"date":"2013-05-09T14:07:21","date_gmt":"2013-05-09T13:07:21","guid":{"rendered":"http:\/\/www.fetz-racing.de\/wordpress\/?p=587"},"modified":"2013-08-27T12:06:07","modified_gmt":"2013-08-27T11:06:07","slug":"einfuhrungslehrgang-in-schlusselfeld-bei-regen-und-kalte","status":"publish","type":"post","link":"https:\/\/www.fetz-racing.de\/wordpress\/?p=587","title":{"rendered":"Einf\u00fchrungslehrgang in Schl\u00fcsselfeld bei Regen und K\u00e4lte :-("},"content":{"rendered":"<p>Am 27. und 28. April waren wir beim Einf\u00fchrungslehrgang des ADAC Mini Bike Cups 2013 im Fahrsicherheitszentrum des ADAC Nordbayern in Schl\u00fcsselfeld !<\/p>\n<p>Wetterm\u00e4\u00dfig war es am Samstag sehr regnerisch und kalt. Nachmittags hat der Regen nachgelassen und die Strecke war fast trocken. Sonntagvormittag trat nochmals Besserung ein, die Strecke war anfangs noch nass und trocknete bis Mittags komplett ab. So konnten die Jungs und M\u00e4dels auch ein paar Turns im trockenen fahren. Es war bei den meisten die erste Gelegenheit in diesem Jahr mit ihren Maschinen zu trainieren. Es wurde noch nicht so auf die Rundenzeiten geachtet, hauptsache man konnte sich an die Maschinen gew\u00f6hnen.<\/p>\n<p>Auch f\u00fcr Marco war es das erste Training mit der NSF 100.<\/p>\n<p>Alles in allem hatten alle trotz des Wetters Spass an der Sache \ud83d\ude42<\/p>\nngg_shortcode_0_placeholder\n<p>&nbsp;<\/p>\n","protected":false},"excerpt":{"rendered":"<p>Am 27. und 28. April waren wir beim Einf\u00fchrungslehrgang des ADAC Mini Bike Cups 2013 im Fahrsicherheitszentrum des ADAC Nordbayern in Schl\u00fcsselfeld ! Wetterm\u00e4\u00dfig war es am Samstag sehr regnerisch und kalt. Nachmittags hat der Regen nachgelassen und die Strecke war fast trocken. Sonntagvormittag trat nochmals Besserung ein, die Strecke\u2026 <a class=\"continue-reading-link\" href=\"https:\/\/www.fetz-racing.de\/wordpress\/?p=587\">Weiterlesen<\/a><\/p>\n","protected":false},"author":2,"featured_media":0,"comment_status":"closed","ping_status":"open","sticky":false,"template":"","format":"standard","meta":{"ngg_post_thumbnail":0,"jetpack_post_was_ever_published":false,"_jetpack_newsletter_access":"","_jetpack_dont_email_post_to_subs":false,"_jetpack_newsletter_tier_id":0,"_jetpack_memberships_contains_paywalled_content":false,"_jetpack_memberships_contains_paid_content":false,"footnotes":"","jetpack_publicize_message":"","jetpack_publicize_feature_enabled":true,"jetpack_social_post_already_shared":false,"jetpack_social_options":{"image_generator_settings":{"template":"highway","default_image_id":0,"font":"","enabled":false},"version":2}},"categories":[15,4],"tags":[],"class_list":["post-587","post","type-post","status-publish","format-standard","hentry","category-rennen-2013","category-termine"],"jetpack_publicize_connections":[],"jetpack_featured_media_url":"","jetpack_sharing_enabled":true,"jetpack_shortlink":"https:\/\/wp.me\/p8UkLO-9t","jetpack-related-posts":[],"_links":{"self":[{"href":"https:\/\/www.fetz-racing.de\/wordpress\/index.php?rest_route=\/wp\/v2\/posts\/587","targetHints":{"allow":["GET"]}}],"collection":[{"href":"https:\/\/www.fetz-racing.de\/wordpress\/index.php?rest_route=\/wp\/v2\/posts"}],"about":[{"href":"https:\/\/www.fetz-racing.de\/wordpress\/index.php?rest_route=\/wp\/v2\/types\/post"}],"author":[{"embeddable":true,"href":"https:\/\/www.fetz-racing.de\/wordpress\/index.php?rest_route=\/wp\/v2\/users\/2"}],"replies":[{"embeddable":true,"href":"https:\/\/www.fetz-racing.de\/wordpress\/index.php?rest_route=%2Fwp%2Fv2%2Fcomments&post=587"}],"version-history":[{"count":0,"href":"https:\/\/www.fetz-racing.de\/wordpress\/index.php?rest_route=\/wp\/v2\/posts\/587\/revisions"}],"wp:attachment":[{"href":"https:\/\/www.fetz-racing.de\/wordpress\/index.php?rest_route=%2Fwp%2Fv2%2Fmedia&parent=587"}],"wp:term":[{"taxonomy":"category","embeddable":true,"href":"https:\/\/www.fetz-racing.de\/wordpress\/index.php?rest_route=%2Fwp%2Fv2%2Fcategories&post=587"},{"taxonomy":"post_tag","embeddable":true,"href":"https:\/\/www.fetz-racing.de\/wordpress\/index.php?rest_route=%2Fwp%2Fv2%2Ftags&post=587"}],"curies":[{"name":"wp","href":"https:\/\/api.w.org\/{rel}","templated":true}]}}