{"id":5789,"date":"2024-08-02T10:19:58","date_gmt":"2024-08-02T09:19:58","guid":{"rendered":"https:\/\/www.fetz-racing.de\/wordpress\/?p=5789"},"modified":"2024-08-02T15:39:36","modified_gmt":"2024-08-02T14:39:36","slug":"rueckblick-schleizer-dreieck-2024","status":"publish","type":"post","link":"https:\/\/www.fetz-racing.de\/wordpress\/?p=5789","title":{"rendered":"R\u00fcckblick Schleizer Dreieck 2024"},"content":{"rendered":"\n<p>Hallo Leute, hallo Motorsportfreunde,&nbsp;<\/p>\n<p>das Schleiz-Wochenende ist vorbei und hier kommt&nbsp;noch ein kleiner R\u00fcckblick.&nbsp;<\/p>\n<p>Donnerstag bei herrlichem Wetter waren wir nachmittags in Schleiz angekommen.&nbsp;<br>Da es in Schleiz keine Boxenanlage gibt, haben wir Pavillons aufgestellt und bis abends alles aufgebaut,&nbsp;damit&nbsp;f\u00fcr den Freitag alles bereit ist!&nbsp;<\/p>\n<p>Freitagvormittag stand bei angenehmen Wetter, FP1 + FP2 an. Da&nbsp;konnte sich Marco wieder an Schleiz gew\u00f6hnen und es wurde auch an der Abstimmung gearbeitet.&nbsp;<\/p>\n<p>Nachmittag war Superpole Pre Practice. Marco kam mit dem Bike gut zurecht und es ging auch einen Schritt nach vorne. Aber mit P14 hat es f\u00fcr die Superpole2 nicht ganz gereicht.&nbsp;<\/p>\n<p>Samstagvormittag FP3. Da es p\u00fcnktlich zu regnen begann, hatte die Strecke an einigen Stellen doch schlechten Grip und einige nasse Flecken. Deshalb drehte Marco nur ein paar Runden im Nassen.&nbsp;<\/p>\n<p>In der Superpole 1 nachmittags, begann es wieder p\u00fcnktlich zu Trainingsbeginn zu&nbsp;tr\u00f6pfeln und langsam zu regnen.&nbsp;<br>Gleich in den ersten Runden wurden die schnellsten Zeiten gefahren. Allerdings klappte es bei Marco nicht, da seine vorausfahrenden Kollegen ihre Runde abbrachen.<br>Marco konnte sich dann nicht weiter verbessern und beendete die SP1 auf P8. Somit hatte er f\u00fcr die Rennen Startplatz 20.<\/p>\n<p>In Rennen 1&nbsp;am Sonntag, 10:50 Uhr, kam Marco gut weg. Er hatte kleine Zweik\u00e4mpfe und bis er seinen Rhythmus fand, hatte die Gruppe vor ihm schon ein wenig Abstand herausgefahren.<\/p>\n<p>Als Marco dann freie Fahrt hatte konnte er die L\u00fccke von 3 sec zufahren und hatte dann einen Fight mit 3&nbsp;Fahrern. In der letzten Runde gingen alle noch ans Limit&nbsp;und es wurde ziemlich eng.&nbsp;<br>Marco hatte fast die M\u00f6glichkeit noch an den 2 Konkurrenten vorbei zu gehen, was aber leider nicht klappte, da er einen falschen Gang hatte.&nbsp;<\/p>\n<p>Somit wurde es P16 und der erste IDM Punkt (P15 wegen Gaststarter).&nbsp;<\/p>\n<p>Beim Rennen 2 um 14:40 Uhr hatte er einen guten Start. Er kam gut zurecht und hatte anfangs einige&nbsp;kleine Zweik\u00e4mpfe. In den letzten Runden fightete er mit 2 Konkurrenten.&nbsp;Marco fuhr in der vorletzten Runde seine Schnellste und&nbsp;konnte einen hinter sich halten. Aber leider reichte es nicht mehr seinen Vordermann noch zu \u00fcberholen.&nbsp;Diesmal \u00fcberquerte Marco auf P15 (durch Gaststarter auf P14) das Ziel und kassierte 2 IDM Punkte.<\/p>\n<p>Da es in Schleiz in die richtige Richtung gegangen ist und Marco sich auf dem Bike wohlf\u00fchlte war Marco, sowie unser gesamtes Team zufrieden.&nbsp;<\/p>\n<p>Hier Marcos Post:<\/p>\n\n\n\n<blockquote>\n<p>Bereits am Freitag startete ich mit einem super Gef\u00fchl in das Wochenende. Leider landete ich im Superpole PrePractice auf P14 und musste wieder in Superpole 1 ran!<br>Am Samstag im Quali machte mir der einsetzende Regen zu Beginn einen Strich durch die Rechnung und ich musste am Sonntag somit zweimal von P20 starten.<br>Das erste Rennen konnte ich nach spannenden Zweik\u00e4mpfen auf P16 beenden (Punkte f\u00fcr P15) und Rennen 2 als 15. (Punkte f\u00fcr P14)!<br><br>Mit zweimal Punkte somit mein bestes Rennwochenende bisher!<br><br>Danke an mein Team f\u00fcr die super Arbeit! Danke auch an alle Sponsoren sowie die unglaubliche Kulisse in Schleiz! Einfach immer wieder geil!<br><br>Marco#6&nbsp;<\/p>\n<\/blockquote>\n<p>Danke an alle unsere Helfer in Schleiz und Danke an alle Fans welche uns besucht haben!<\/p>\n<p>Wir stehen f\u00fcr Fragen und Infos jederzeit zur Verf\u00fcgung.&nbsp;<\/p>\n<p>Ein herzliches Dankesch\u00f6n f\u00fcr die IDM und EWC Saison geht an alle Sponsoren, Helfer und Unterst\u00fctzer!<\/p>\n<p>&nbsp;<\/p>\n<p>Alle Bilder: Copyright by IDM_Dino Eisele<\/p>\n\n\n\nngg_shortcode_0_placeholder\n\n\n","protected":false},"excerpt":{"rendered":"<p>Hallo Leute, hallo Motorsportfreunde,&nbsp; das Schleiz-Wochenende ist vorbei und hier kommt&nbsp;noch ein kleiner R\u00fcckblick.&nbsp; Donnerstag bei herrlichem Wetter waren wir nachmittags in Schleiz angekommen.&nbsp;Da es in Schleiz keine Boxenanlage gibt, haben wir Pavillons aufgestellt und bis abends alles aufgebaut,&nbsp;damit&nbsp;f\u00fcr den Freitag alles bereit ist!&nbsp; Freitagvormittag stand bei angenehmen Wetter, FP1\u2026 <a class=\"continue-reading-link\" href=\"https:\/\/www.fetz-racing.de\/wordpress\/?p=5789\">Weiterlesen<\/a><\/p>\n","protected":false},"author":1,"featured_media":0,"comment_status":"closed","ping_status":"closed","sticky":false,"template":"","format":"standard","meta":{"ngg_post_thumbnail":0,"jetpack_post_was_ever_published":false,"_jetpack_newsletter_access":"","_jetpack_dont_email_post_to_subs":false,"_jetpack_newsletter_tier_id":0,"_jetpack_memberships_contains_paywalled_content":false,"_jetpack_memberships_contains_paid_content":false,"footnotes":"","jetpack_publicize_message":"","jetpack_publicize_feature_enabled":true,"jetpack_social_post_already_shared":true,"jetpack_social_options":{"image_generator_settings":{"template":"highway","default_image_id":0,"font":"","enabled":false},"version":2}},"categories":[80],"tags":[40,57],"class_list":["post-5789","post","type-post","status-publish","format-standard","hentry","category-rennen-2024","tag-schleiz","tag-schleizer-dreieck"],"jetpack_publicize_connections":[],"jetpack_featured_media_url":"","jetpack_sharing_enabled":true,"jetpack_shortlink":"https:\/\/wp.me\/p8UkLO-1vn","jetpack-related-posts":[],"_links":{"self":[{"href":"https:\/\/www.fetz-racing.de\/wordpress\/index.php?rest_route=\/wp\/v2\/posts\/5789","targetHints":{"allow":["GET"]}}],"collection":[{"href":"https:\/\/www.fetz-racing.de\/wordpress\/index.php?rest_route=\/wp\/v2\/posts"}],"about":[{"href":"https:\/\/www.fetz-racing.de\/wordpress\/index.php?rest_route=\/wp\/v2\/types\/post"}],"author":[{"embeddable":true,"href":"https:\/\/www.fetz-racing.de\/wordpress\/index.php?rest_route=\/wp\/v2\/users\/1"}],"replies":[{"embeddable":true,"href":"https:\/\/www.fetz-racing.de\/wordpress\/index.php?rest_route=%2Fwp%2Fv2%2Fcomments&post=5789"}],"version-history":[{"count":3,"href":"https:\/\/www.fetz-racing.de\/wordpress\/index.php?rest_route=\/wp\/v2\/posts\/5789\/revisions"}],"predecessor-version":[{"id":5809,"href":"https:\/\/www.fetz-racing.de\/wordpress\/index.php?rest_route=\/wp\/v2\/posts\/5789\/revisions\/5809"}],"wp:attachment":[{"href":"https:\/\/www.fetz-racing.de\/wordpress\/index.php?rest_route=%2Fwp%2Fv2%2Fmedia&parent=5789"}],"wp:term":[{"taxonomy":"category","embeddable":true,"href":"https:\/\/www.fetz-racing.de\/wordpress\/index.php?rest_route=%2Fwp%2Fv2%2Fcategories&post=5789"},{"taxonomy":"post_tag","embeddable":true,"href":"https:\/\/www.fetz-racing.de\/wordpress\/index.php?rest_route=%2Fwp%2Fv2%2Ftags&post=5789"}],"curies":[{"name":"wp","href":"https:\/\/api.w.org\/{rel}","templated":true}]}}