{"id":5779,"date":"2024-07-25T07:09:03","date_gmt":"2024-07-25T06:09:03","guid":{"rendered":"https:\/\/www.fetz-racing.de\/wordpress\/?p=5779"},"modified":"2024-07-25T07:09:49","modified_gmt":"2024-07-25T06:09:49","slug":"es-ist-wieder-schleizer-dreieck","status":"publish","type":"post","link":"https:\/\/www.fetz-racing.de\/wordpress\/?p=5779","title":{"rendered":"Es ist wieder Schleizer Dreieck"},"content":{"rendered":"\n<div>F\u00fcr uns geht es dieses Wochenende in Schleiz mit der IDM weiter.<\/div>\n<div>Wir werden uns Donnerstag, 25.07.24, auf den Weg machen um dann im Fahrerlager 2 mit aufzubauen und f\u00fcr die Freitagstrainings alles vorzubereiten.<\/div>\n<div>&nbsp;<\/div>\n<div>Wir hoffen einige von Euch in Schleiz zu treffen \ud83d\ude42<\/div>\n<div>&nbsp;<\/div>\n<div>Zeitplan Schleiz 2024 <a href=\"https:\/\/www.fetz-racing.de\/wordpress\/wp-content\/uploads\/2024\/07\/Zeitplan_Schleiz_2024.pdf\" target=\"_blank\" rel=\"noopener\">als pdf<\/a>.<\/div>\n<div>&nbsp;<\/div>\n<div>Paddock-Plan Schleiz 2024 <a href=\"https:\/\/www.fetz-racing.de\/wordpress\/wp-content\/uploads\/2024\/07\/Paddockplan_Schleiz_2024.pdf\" target=\"_blank\" rel=\"noopener\">als pdf<\/a>.<\/div>\n<div>&nbsp;<\/div>\n<div>\n<div>Anbei noch der Link zum Live Timing:<br><a href=\"https:\/\/livetiming.bike-promotion.com\/#\/channel\/c1\" target=\"_blank\" rel=\"noopener\" data-saferedirecturl=\"https:\/\/www.google.com\/url?q=https:\/\/livetiming.bike-promotion.com\/%23\/channel\/c1&amp;source=gmail&amp;ust=1721971632767000&amp;usg=AOvVaw1sNRUdxqqJtFq5Cxej0muo\">https:\/\/livetiming.bike-<wbr>promotion.com\/#\/channel\/c1<\/a><\/div>\n<div>&nbsp;<\/div>\n<div>Und der Link zum Livestream f\u00fcr die IDM Rennen:<\/div>\n<div><a href=\"https:\/\/idm.de\/live\/\" target=\"_blank\" rel=\"noopener\" data-saferedirecturl=\"https:\/\/www.google.com\/url?q=https:\/\/idm.de\/live\/&amp;source=gmail&amp;ust=1721971632768000&amp;usg=AOvVaw35dR0taqwBnFghwebvuTkB\">https:\/\/idm.de\/live\/<\/a><\/div>\n<div>&nbsp;<\/div>\n<\/div>\n<div>Stehen f\u00fcr Fragen und Infos jederzeit zur Verf\u00fcgung.<\/div>\n<div>&nbsp;<\/div>\n<div>Ein herzliches Dankesch\u00f6n f\u00fcr die IDM und EWC Saison geht an alle Sponsoren, Helfer und Unterst\u00fctzer!<\/div>\n<div>&nbsp;<\/div>\n<div>Mit motorsportlichen Gr\u00fc\u00dfen !<\/div>\n","protected":false},"excerpt":{"rendered":"<p>F\u00fcr uns geht es dieses Wochenende in Schleiz mit der IDM weiter. Wir werden uns Donnerstag, 25.07.24, auf den Weg machen um dann im Fahrerlager 2 mit aufzubauen und f\u00fcr die Freitagstrainings alles vorzubereiten. &nbsp; Wir hoffen einige von Euch in Schleiz zu treffen \ud83d\ude42 &nbsp; Zeitplan Schleiz 2024 als\u2026 <a class=\"continue-reading-link\" href=\"https:\/\/www.fetz-racing.de\/wordpress\/?p=5779\">Weiterlesen<\/a><\/p>\n","protected":false},"author":1,"featured_media":0,"comment_status":"closed","ping_status":"closed","sticky":false,"template":"","format":"standard","meta":{"ngg_post_thumbnail":0,"jetpack_post_was_ever_published":false,"_jetpack_newsletter_access":"","_jetpack_dont_email_post_to_subs":false,"_jetpack_newsletter_tier_id":0,"_jetpack_memberships_contains_paywalled_content":false,"_jetpack_memberships_contains_paid_content":false,"footnotes":"","jetpack_publicize_message":"","jetpack_publicize_feature_enabled":true,"jetpack_social_post_already_shared":true,"jetpack_social_options":{"image_generator_settings":{"template":"highway","default_image_id":0,"font":"","enabled":false},"version":2}},"categories":[1],"tags":[40,57],"class_list":["post-5779","post","type-post","status-publish","format-standard","hentry","category-allgemein","tag-schleiz","tag-schleizer-dreieck"],"jetpack_publicize_connections":[],"jetpack_featured_media_url":"","jetpack_sharing_enabled":true,"jetpack_shortlink":"https:\/\/wp.me\/p8UkLO-1vd","jetpack-related-posts":[],"_links":{"self":[{"href":"https:\/\/www.fetz-racing.de\/wordpress\/index.php?rest_route=\/wp\/v2\/posts\/5779","targetHints":{"allow":["GET"]}}],"collection":[{"href":"https:\/\/www.fetz-racing.de\/wordpress\/index.php?rest_route=\/wp\/v2\/posts"}],"about":[{"href":"https:\/\/www.fetz-racing.de\/wordpress\/index.php?rest_route=\/wp\/v2\/types\/post"}],"author":[{"embeddable":true,"href":"https:\/\/www.fetz-racing.de\/wordpress\/index.php?rest_route=\/wp\/v2\/users\/1"}],"replies":[{"embeddable":true,"href":"https:\/\/www.fetz-racing.de\/wordpress\/index.php?rest_route=%2Fwp%2Fv2%2Fcomments&post=5779"}],"version-history":[{"count":1,"href":"https:\/\/www.fetz-racing.de\/wordpress\/index.php?rest_route=\/wp\/v2\/posts\/5779\/revisions"}],"predecessor-version":[{"id":5782,"href":"https:\/\/www.fetz-racing.de\/wordpress\/index.php?rest_route=\/wp\/v2\/posts\/5779\/revisions\/5782"}],"wp:attachment":[{"href":"https:\/\/www.fetz-racing.de\/wordpress\/index.php?rest_route=%2Fwp%2Fv2%2Fmedia&parent=5779"}],"wp:term":[{"taxonomy":"category","embeddable":true,"href":"https:\/\/www.fetz-racing.de\/wordpress\/index.php?rest_route=%2Fwp%2Fv2%2Fcategories&post=5779"},{"taxonomy":"post_tag","embeddable":true,"href":"https:\/\/www.fetz-racing.de\/wordpress\/index.php?rest_route=%2Fwp%2Fv2%2Ftags&post=5779"}],"curies":[{"name":"wp","href":"https:\/\/api.w.org\/{rel}","templated":true}]}}