{"id":5772,"date":"2024-07-23T17:00:51","date_gmt":"2024-07-23T16:00:51","guid":{"rendered":"https:\/\/www.fetz-racing.de\/wordpress\/?p=5772"},"modified":"2024-07-25T06:49:58","modified_gmt":"2024-07-25T05:49:58","slug":"mata-ne-japan","status":"publish","type":"post","link":"https:\/\/www.fetz-racing.de\/wordpress\/?p=5772","title":{"rendered":"Mata ne, Japan!"},"content":{"rendered":"\n<p>Jetzt noch ein kleiner R\u00fcckblick von der EWC in Suzuka.<br>Am Dienstag sind Marco und seine Freundin wieder wohlbehalten zu Hause angekommen.<\/p>\n\n\n\n<p>Wie schon in der letzten E-Mail erw\u00e4hnt, wurde das Bike nach den Problemen im Quali mit einer Brembo Bremsanlage ausgestattet und Einsatzbereit gemacht.<\/p>\n\n\n\n<p>Das Rennen startete um 11:30 Uhr in Suzuka und endete leider nicht wie geplant, sondern leider vorzeitig.<br>Dani, er war der erste Fahrer, bemerkte Fl\u00fcssigkeitsaustritt und Temperaturprobleme an der Yamaha und kam daraufhin in die Box. Die Fahrer beschlossen zusammen mit dem Team aus Sicherheitsgr\u00fcnden das Rennen zu beenden.<\/p>\n\n\n\n<p>Hier noch Marcos kurze Zusammenfassung:<\/p>\n\n\n\n<div class=\"wp-block-group\"><div class=\"wp-block-group__inner-container is-layout-constrained wp-block-group-is-layout-constrained\">\n<p>&#8222;Nachdem ich seit Anfang Juli in Japan vor Ort war, ein wenig Urlaub gemacht habe und mich an das extrem hei\u00dfe, bzw. dr\u00fcckende Wetter gew\u00f6hnen konnte, waren wir ab dem 16. Juli in Suzuka an der Rennstrecke.<br>Mit der Teilnahme an diesem Event ging f\u00fcr mich ein Traum in Erf\u00fcllung, der nun Wirklichkeit wurde. Nachdem wir am Trainingstag bereits Schwierigkeiten hatten mit der Umstellung von Pirelli auf Dunlop, kam leider noch Regen dazu und wir konnten somit nicht wie gew\u00fcnscht testen und die Strecke kennen lernen.?<\/p>\n\n\n\n<p>Am Donnerstag war nochmal ein freies Training und anschlie\u00dfend die Qualifikation.<br>Aufgrund andauernder technischer Probleme an der Bremse, konnte ich leider in beiden Runden keine Zeit setzen und musste zur Rennleitung, damit ich trotz allem im Rennen teilnehmen durfte.<\/p>\n\n\n\n<p>Im Rennen verfolgte uns dann weiterhin das Pech und wir mussten bereits nach 15 Runden aufgeben. Nach einem ungeplanten Boxenstop in Runde 6 begannen erneut die Probleme und Daniel st\u00fcrzte fast auf seiner eigenen Fl\u00fcssigkeit.<br>Wir als Fahrer beschlossen anschlie\u00dfend mit dem Team das Rennen somit zu beenden und kein unn\u00f6tiges Risiko mehr f\u00fcr uns Fahrer einzugehen.?<\/p>\n\n\n\n<p>Trotz allem bin ich mehr als happy die M\u00f6glichkeit bekommen zu haben an diesem Event teilzunehmen! Vielen Dank an alle Sponsoren und Unterst\u00fctzer sowie an meine Familie!<\/p>\n<\/div><\/div>\n\n\n\n<p>Weiter geht\u2019s dieses Wochenende mit der IDM am Schleizer Dreieck!? Ab geht\u2019s\u2026?&#8220;<\/p>\n\n\n\n<p>In der EWC geht es Mitte September mit 24h in Bol d&#8217;Or weiter.<\/p>\n\n\n\n\n\n<figure class=\"wp-block-gallery has-nested-images columns-default is-cropped wp-block-gallery-1 is-layout-flex wp-block-gallery-is-layout-flex\">\n<figure class=\"wp-block-image size-large\"><a href=\"https:\/\/i0.wp.com\/www.fetz-racing.de\/wordpress\/wp-content\/uploads\/2024\/07\/Marco_Suzuka_01_k-scaled.jpg?ssl=1\"><img data-recalc-dims=\"1\" loading=\"lazy\" decoding=\"async\" width=\"770\" height=\"514\" data-attachment-id=\"5775\" data-permalink=\"https:\/\/www.fetz-racing.de\/wordpress\/?attachment_id=5775\" data-orig-file=\"https:\/\/i0.wp.com\/www.fetz-racing.de\/wordpress\/wp-content\/uploads\/2024\/07\/Marco_Suzuka_01_k-scaled.jpg?fit=2560%2C1707&amp;ssl=1\" data-orig-size=\"2560,1707\" data-comments-opened=\"1\" data-image-meta=\"{&quot;aperture&quot;:&quot;0&quot;,&quot;credit&quot;:&quot;&quot;,&quot;camera&quot;:&quot;&quot;,&quot;caption&quot;:&quot;&quot;,&quot;created_timestamp&quot;:&quot;1721207626&quot;,&quot;copyright&quot;:&quot;&quot;,&quot;focal_length&quot;:&quot;0&quot;,&quot;iso&quot;:&quot;0&quot;,&quot;shutter_speed&quot;:&quot;0&quot;,&quot;title&quot;:&quot;&quot;,&quot;orientation&quot;:&quot;0&quot;}\" data-image-title=\"Marco_Suzuka_01_k\" data-image-description=\"\" data-image-caption=\"\" data-large-file=\"https:\/\/i0.wp.com\/www.fetz-racing.de\/wordpress\/wp-content\/uploads\/2024\/07\/Marco_Suzuka_01_k-scaled.jpg?fit=770%2C514&amp;ssl=1\" data-id=\"5775\" src=\"https:\/\/i0.wp.com\/www.fetz-racing.de\/wordpress\/wp-content\/uploads\/2024\/07\/Marco_Suzuka_01_k.jpg?resize=770%2C514&#038;ssl=1\" alt=\"\" class=\"wp-image-5775\" srcset=\"https:\/\/i0.wp.com\/www.fetz-racing.de\/wordpress\/wp-content\/uploads\/2024\/07\/Marco_Suzuka_01_k-scaled.jpg?resize=1024%2C683&amp;ssl=1 1024w, https:\/\/i0.wp.com\/www.fetz-racing.de\/wordpress\/wp-content\/uploads\/2024\/07\/Marco_Suzuka_01_k-scaled.jpg?resize=300%2C200&amp;ssl=1 300w, https:\/\/i0.wp.com\/www.fetz-racing.de\/wordpress\/wp-content\/uploads\/2024\/07\/Marco_Suzuka_01_k-scaled.jpg?resize=768%2C512&amp;ssl=1 768w, https:\/\/i0.wp.com\/www.fetz-racing.de\/wordpress\/wp-content\/uploads\/2024\/07\/Marco_Suzuka_01_k-scaled.jpg?resize=1536%2C1024&amp;ssl=1 1536w, https:\/\/i0.wp.com\/www.fetz-racing.de\/wordpress\/wp-content\/uploads\/2024\/07\/Marco_Suzuka_01_k-scaled.jpg?resize=2048%2C1365&amp;ssl=1 2048w, https:\/\/i0.wp.com\/www.fetz-racing.de\/wordpress\/wp-content\/uploads\/2024\/07\/Marco_Suzuka_01_k-scaled.jpg?resize=225%2C150&amp;ssl=1 225w, https:\/\/i0.wp.com\/www.fetz-racing.de\/wordpress\/wp-content\/uploads\/2024\/07\/Marco_Suzuka_01_k-scaled.jpg?resize=150%2C100&amp;ssl=1 150w, https:\/\/i0.wp.com\/www.fetz-racing.de\/wordpress\/wp-content\/uploads\/2024\/07\/Marco_Suzuka_01_k-scaled.jpg?w=2310&amp;ssl=1 2310w\" sizes=\"auto, (max-width: 770px) 100vw, 770px\" \/><\/a><\/figure>\n\n\n\n<figure class=\"wp-block-image size-large\"><a href=\"https:\/\/i0.wp.com\/www.fetz-racing.de\/wordpress\/wp-content\/uploads\/2024\/07\/Marco_Suzuka_03_k-scaled.jpg?ssl=1\"><img data-recalc-dims=\"1\" loading=\"lazy\" decoding=\"async\" width=\"770\" height=\"514\" data-attachment-id=\"5776\" data-permalink=\"https:\/\/www.fetz-racing.de\/wordpress\/?attachment_id=5776\" data-orig-file=\"https:\/\/i0.wp.com\/www.fetz-racing.de\/wordpress\/wp-content\/uploads\/2024\/07\/Marco_Suzuka_03_k-scaled.jpg?fit=2560%2C1707&amp;ssl=1\" data-orig-size=\"2560,1707\" data-comments-opened=\"1\" data-image-meta=\"{&quot;aperture&quot;:&quot;0&quot;,&quot;credit&quot;:&quot;&quot;,&quot;camera&quot;:&quot;&quot;,&quot;caption&quot;:&quot;&quot;,&quot;created_timestamp&quot;:&quot;1721184629&quot;,&quot;copyright&quot;:&quot;&quot;,&quot;focal_length&quot;:&quot;0&quot;,&quot;iso&quot;:&quot;0&quot;,&quot;shutter_speed&quot;:&quot;0&quot;,&quot;title&quot;:&quot;&quot;,&quot;orientation&quot;:&quot;0&quot;}\" data-image-title=\"Marco_Suzuka_03_k\" data-image-description=\"\" data-image-caption=\"\" data-large-file=\"https:\/\/i0.wp.com\/www.fetz-racing.de\/wordpress\/wp-content\/uploads\/2024\/07\/Marco_Suzuka_03_k-scaled.jpg?fit=770%2C514&amp;ssl=1\" data-id=\"5776\" src=\"https:\/\/i0.wp.com\/www.fetz-racing.de\/wordpress\/wp-content\/uploads\/2024\/07\/Marco_Suzuka_03_k.jpg?resize=770%2C514&#038;ssl=1\" alt=\"\" class=\"wp-image-5776\" srcset=\"https:\/\/i0.wp.com\/www.fetz-racing.de\/wordpress\/wp-content\/uploads\/2024\/07\/Marco_Suzuka_03_k-scaled.jpg?resize=1024%2C683&amp;ssl=1 1024w, https:\/\/i0.wp.com\/www.fetz-racing.de\/wordpress\/wp-content\/uploads\/2024\/07\/Marco_Suzuka_03_k-scaled.jpg?resize=300%2C200&amp;ssl=1 300w, https:\/\/i0.wp.com\/www.fetz-racing.de\/wordpress\/wp-content\/uploads\/2024\/07\/Marco_Suzuka_03_k-scaled.jpg?resize=768%2C512&amp;ssl=1 768w, https:\/\/i0.wp.com\/www.fetz-racing.de\/wordpress\/wp-content\/uploads\/2024\/07\/Marco_Suzuka_03_k-scaled.jpg?resize=1536%2C1024&amp;ssl=1 1536w, https:\/\/i0.wp.com\/www.fetz-racing.de\/wordpress\/wp-content\/uploads\/2024\/07\/Marco_Suzuka_03_k-scaled.jpg?resize=2048%2C1365&amp;ssl=1 2048w, https:\/\/i0.wp.com\/www.fetz-racing.de\/wordpress\/wp-content\/uploads\/2024\/07\/Marco_Suzuka_03_k-scaled.jpg?resize=225%2C150&amp;ssl=1 225w, https:\/\/i0.wp.com\/www.fetz-racing.de\/wordpress\/wp-content\/uploads\/2024\/07\/Marco_Suzuka_03_k-scaled.jpg?resize=150%2C100&amp;ssl=1 150w, https:\/\/i0.wp.com\/www.fetz-racing.de\/wordpress\/wp-content\/uploads\/2024\/07\/Marco_Suzuka_03_k-scaled.jpg?w=2310&amp;ssl=1 2310w\" sizes=\"auto, (max-width: 770px) 100vw, 770px\" \/><\/a><\/figure>\n\n\n\n<figure class=\"wp-block-image size-large\"><a href=\"https:\/\/i0.wp.com\/www.fetz-racing.de\/wordpress\/wp-content\/uploads\/2024\/07\/Marco_Suzuka_02_k-scaled.jpg?ssl=1\"><img data-recalc-dims=\"1\" loading=\"lazy\" decoding=\"async\" width=\"770\" height=\"514\" data-attachment-id=\"5777\" data-permalink=\"https:\/\/www.fetz-racing.de\/wordpress\/?attachment_id=5777\" data-orig-file=\"https:\/\/i0.wp.com\/www.fetz-racing.de\/wordpress\/wp-content\/uploads\/2024\/07\/Marco_Suzuka_02_k-scaled.jpg?fit=2560%2C1707&amp;ssl=1\" data-orig-size=\"2560,1707\" data-comments-opened=\"1\" data-image-meta=\"{&quot;aperture&quot;:&quot;0&quot;,&quot;credit&quot;:&quot;&quot;,&quot;camera&quot;:&quot;&quot;,&quot;caption&quot;:&quot;&quot;,&quot;created_timestamp&quot;:&quot;1721196808&quot;,&quot;copyright&quot;:&quot;&quot;,&quot;focal_length&quot;:&quot;0&quot;,&quot;iso&quot;:&quot;0&quot;,&quot;shutter_speed&quot;:&quot;0&quot;,&quot;title&quot;:&quot;&quot;,&quot;orientation&quot;:&quot;0&quot;}\" data-image-title=\"Marco_Suzuka_02_k\" data-image-description=\"\" data-image-caption=\"\" data-large-file=\"https:\/\/i0.wp.com\/www.fetz-racing.de\/wordpress\/wp-content\/uploads\/2024\/07\/Marco_Suzuka_02_k-scaled.jpg?fit=770%2C514&amp;ssl=1\" data-id=\"5777\" src=\"https:\/\/i0.wp.com\/www.fetz-racing.de\/wordpress\/wp-content\/uploads\/2024\/07\/Marco_Suzuka_02_k.jpg?resize=770%2C514&#038;ssl=1\" alt=\"\" class=\"wp-image-5777\" srcset=\"https:\/\/i0.wp.com\/www.fetz-racing.de\/wordpress\/wp-content\/uploads\/2024\/07\/Marco_Suzuka_02_k-scaled.jpg?resize=1024%2C683&amp;ssl=1 1024w, https:\/\/i0.wp.com\/www.fetz-racing.de\/wordpress\/wp-content\/uploads\/2024\/07\/Marco_Suzuka_02_k-scaled.jpg?resize=300%2C200&amp;ssl=1 300w, https:\/\/i0.wp.com\/www.fetz-racing.de\/wordpress\/wp-content\/uploads\/2024\/07\/Marco_Suzuka_02_k-scaled.jpg?resize=768%2C512&amp;ssl=1 768w, https:\/\/i0.wp.com\/www.fetz-racing.de\/wordpress\/wp-content\/uploads\/2024\/07\/Marco_Suzuka_02_k-scaled.jpg?resize=1536%2C1024&amp;ssl=1 1536w, https:\/\/i0.wp.com\/www.fetz-racing.de\/wordpress\/wp-content\/uploads\/2024\/07\/Marco_Suzuka_02_k-scaled.jpg?resize=2048%2C1365&amp;ssl=1 2048w, https:\/\/i0.wp.com\/www.fetz-racing.de\/wordpress\/wp-content\/uploads\/2024\/07\/Marco_Suzuka_02_k-scaled.jpg?resize=225%2C150&amp;ssl=1 225w, https:\/\/i0.wp.com\/www.fetz-racing.de\/wordpress\/wp-content\/uploads\/2024\/07\/Marco_Suzuka_02_k-scaled.jpg?resize=150%2C100&amp;ssl=1 150w, https:\/\/i0.wp.com\/www.fetz-racing.de\/wordpress\/wp-content\/uploads\/2024\/07\/Marco_Suzuka_02_k-scaled.jpg?w=2310&amp;ssl=1 2310w\" sizes=\"auto, (max-width: 770px) 100vw, 770px\" \/><\/a><\/figure>\n<\/figure>\n","protected":false},"excerpt":{"rendered":"<p>Jetzt noch ein kleiner R\u00fcckblick von der EWC in Suzuka.Am Dienstag sind Marco und seine Freundin wieder wohlbehalten zu Hause angekommen. Wie schon in der letzten E-Mail erw\u00e4hnt, wurde das Bike nach den Problemen im Quali mit einer Brembo Bremsanlage ausgestattet und Einsatzbereit gemacht. Das Rennen startete um 11:30 Uhr\u2026 <a class=\"continue-reading-link\" href=\"https:\/\/www.fetz-racing.de\/wordpress\/?p=5772\">Weiterlesen<\/a><\/p>\n","protected":false},"author":1,"featured_media":0,"comment_status":"closed","ping_status":"closed","sticky":false,"template":"","format":"standard","meta":{"ngg_post_thumbnail":0,"jetpack_post_was_ever_published":false,"_jetpack_newsletter_access":"","_jetpack_dont_email_post_to_subs":false,"_jetpack_newsletter_tier_id":0,"_jetpack_memberships_contains_paywalled_content":false,"_jetpack_memberships_contains_paid_content":false,"footnotes":"","jetpack_publicize_message":"","jetpack_publicize_feature_enabled":true,"jetpack_social_post_already_shared":true,"jetpack_social_options":{"image_generator_settings":{"template":"highway","default_image_id":0,"font":"","enabled":false},"version":2}},"categories":[80],"tags":[88],"class_list":["post-5772","post","type-post","status-publish","format-standard","hentry","category-rennen-2024","tag-suzuka"],"jetpack_publicize_connections":[],"jetpack_featured_media_url":"","jetpack_sharing_enabled":true,"jetpack_shortlink":"https:\/\/wp.me\/p8UkLO-1v6","jetpack-related-posts":[],"_links":{"self":[{"href":"https:\/\/www.fetz-racing.de\/wordpress\/index.php?rest_route=\/wp\/v2\/posts\/5772","targetHints":{"allow":["GET"]}}],"collection":[{"href":"https:\/\/www.fetz-racing.de\/wordpress\/index.php?rest_route=\/wp\/v2\/posts"}],"about":[{"href":"https:\/\/www.fetz-racing.de\/wordpress\/index.php?rest_route=\/wp\/v2\/types\/post"}],"author":[{"embeddable":true,"href":"https:\/\/www.fetz-racing.de\/wordpress\/index.php?rest_route=\/wp\/v2\/users\/1"}],"replies":[{"embeddable":true,"href":"https:\/\/www.fetz-racing.de\/wordpress\/index.php?rest_route=%2Fwp%2Fv2%2Fcomments&post=5772"}],"version-history":[{"count":2,"href":"https:\/\/www.fetz-racing.de\/wordpress\/index.php?rest_route=\/wp\/v2\/posts\/5772\/revisions"}],"predecessor-version":[{"id":5778,"href":"https:\/\/www.fetz-racing.de\/wordpress\/index.php?rest_route=\/wp\/v2\/posts\/5772\/revisions\/5778"}],"wp:attachment":[{"href":"https:\/\/www.fetz-racing.de\/wordpress\/index.php?rest_route=%2Fwp%2Fv2%2Fmedia&parent=5772"}],"wp:term":[{"taxonomy":"category","embeddable":true,"href":"https:\/\/www.fetz-racing.de\/wordpress\/index.php?rest_route=%2Fwp%2Fv2%2Fcategories&post=5772"},{"taxonomy":"post_tag","embeddable":true,"href":"https:\/\/www.fetz-racing.de\/wordpress\/index.php?rest_route=%2Fwp%2Fv2%2Ftags&post=5772"}],"curies":[{"name":"wp","href":"https:\/\/api.w.org\/{rel}","templated":true}]}}