{"id":5702,"date":"2024-06-11T21:25:28","date_gmt":"2024-06-11T20:25:28","guid":{"rendered":"https:\/\/www.fetz-racing.de\/wordpress\/?p=5702"},"modified":"2024-06-20T21:31:49","modified_gmt":"2024-06-20T20:31:49","slug":"rueckblick-vom-ewc-8h-rennen-in-spa","status":"publish","type":"post","link":"https:\/\/www.fetz-racing.de\/wordpress\/?p=5702","title":{"rendered":"R\u00fcckblick vom EWC 8h Rennen in Spa"},"content":{"rendered":"\n<div>\n<div>Hier noch ein kurzer R\u00fcckblick vom EWC 8h Rennen in Spa, am 08.06.2024.&nbsp;<\/div>\n<div>Die f\u00fcr Marco neue Strecke ist eine sehr sch\u00f6ne, schnelle und anspruchsvolle Strecke.<\/div>\n<div>Mit fast genau 7 Km die L\u00e4ngste im EWC Kalender.&nbsp;<\/div>\n<div>&nbsp;<\/div>\n<div>Am Dienstag-Nachmittag war Marco in Spa angekommen.&nbsp;<\/div>\n<div>Und die Woche war, wie in Le Mans schon, mit freien Trainings und zwei Qualis nicht langweilig,<\/div>\n<div>Mittwoch&nbsp;und Donnerstag standen freie Trainings auf dem Programm um das Bike abzustimmen und sich an die Strecke zu gew\u00f6hnen.&nbsp;<\/div>\n<div>Freitag war noch ein freies Training und anschlie\u00dfend die zwei Qualis.&nbsp;<\/div>\n<div>Da auf der schnellen Strecke in Spa Leistung doch ein wichtiger Punkt ist reichte es f\u00fcr Startplatz 23.&nbsp;<\/div>\n<div>&nbsp;<\/div>\n<div>Samstag fr\u00fch um 09:00 Uhr gab es noch ein Warmup, bei dem man das Bike schonte und nicht lange auf der Strecke unterwegs war.&nbsp;<\/div>\n<div>In der Aufstellung zum Le Mans Start war es wie in Le Mans schon, ziemlich turbulent auf der&nbsp;Start-Zielgeraden.&nbsp;<\/div>\n<div>Um 13:00 Uhr&nbsp;war es dann soweit.&nbsp;<\/div>\n<div>&nbsp;<\/div>\n<div>Den Start um 13:00 Uhr machte erneut Marcos Fahrerkollege Dominik Vincon.&nbsp;<\/div>\n<div>Er kam vom Start gut weg, lag stets auf P23&nbsp;und konnte seinen Stint abspulen.&nbsp;<\/div>\n<div>Als zweiter Fahrer ging Dani Rubin auf die Strecke.&nbsp;<\/div>\n<div>Danach ging es f\u00fcr Marco los zum ersten Stint.&nbsp;<\/div>\n<div>Die Fahrer spulten ihre Runden ohne Probleme ab und konnten sich langsam nach vorne arbeiten!<\/div>\n<div>Mit einer&nbsp;Tankf\u00fcllung kamen sie in Spa zwischen 17 und 19 Runden.&nbsp;<\/div>\n<div>Bei jedem Stop gab es diesmal einen neuen Hinterreifen und einen neuen Vorderreifen!&nbsp;<\/div>\n<div>&nbsp;<\/div>\n<div>Durch den konstanten Speed der Jungs und den super Boxenstops des Teams wanderten sie platzierungsm\u00e4\u00dfig immer weiter nach vorne.&nbsp;<\/div>\n<div>Nach ca. der H\u00e4lfte des Rennens hatte sich das Team auf Platz 14 etabliert. Jedoch mussten sie knapp zwei Stunden vor Ende des Rennens mit einem Leistungsverlust des Motors k\u00e4mpfen.&nbsp;<\/div>\n<div>Der Motor hat trotz Verlust durchgehalten und nach 8h \u00fcberquerten&nbsp;sie auf Gesamtplatz 14 die Ziellinie.<\/div>\n<div>&nbsp;<\/div>\n<div>Da noch 6 Teams aus der Stockklasse unter den ersten 14 waren erreichten die Jungs mit dem&nbsp;Motobox Kremer Team&nbsp;EWC-Platz 8 !&nbsp;<\/div>\n<div>&nbsp;<\/div>\n<div>Fahrer und Team waren absolut happy, denn auf dieser Strecke hatten sie nicht damit gerechnet!&nbsp;<\/div>\n<div>&nbsp;<\/div>\n<\/div>\n\n\n\n<figure class=\"wp-block-gallery has-nested-images columns-default is-cropped wp-block-gallery-1 is-layout-flex wp-block-gallery-is-layout-flex\">\n<figure class=\"wp-block-image size-large\"><a href=\"https:\/\/i0.wp.com\/www.fetz-racing.de\/wordpress\/wp-content\/uploads\/2024\/06\/Marco_1_Spa_Bild-Fetz-Racing-scaled.jpg?ssl=1\"><img data-recalc-dims=\"1\" loading=\"lazy\" decoding=\"async\" width=\"770\" height=\"513\" data-attachment-id=\"5704\" data-permalink=\"https:\/\/www.fetz-racing.de\/wordpress\/?attachment_id=5704\" data-orig-file=\"https:\/\/i0.wp.com\/www.fetz-racing.de\/wordpress\/wp-content\/uploads\/2024\/06\/Marco_1_Spa_Bild-Fetz-Racing-scaled.jpg?fit=2560%2C1706&amp;ssl=1\" data-orig-size=\"2560,1706\" data-comments-opened=\"1\" data-image-meta=\"{&quot;aperture&quot;:&quot;9&quot;,&quot;credit&quot;:&quot;Reygomdeau David&quot;,&quot;camera&quot;:&quot;Canon EOS R3&quot;,&quot;caption&quot;:&quot;Fim_Ewc_8h_Spa_2024_Motobox Kremer Racing, Vincon Dominik, Rubin Daniel, Fetz Marco, Yamaha YZF R1, Formula EWC&quot;,&quot;created_timestamp&quot;:&quot;1717769290&quot;,&quot;copyright&quot;:&quot;GOOD SHOT .COM&quot;,&quot;focal_length&quot;:&quot;600&quot;,&quot;iso&quot;:&quot;400&quot;,&quot;shutter_speed&quot;:&quot;0.000625&quot;,&quot;title&quot;:&quot;&quot;,&quot;orientation&quot;:&quot;0&quot;}\" data-image-title=\"Marco_1_Spa_Bild-Fetz-Racing\" data-image-description=\"\" data-image-caption=\"&lt;p&gt;Fim_Ewc_8h_Spa_2024_Motobox Kremer Racing, Vincon Dominik, Rubin Daniel, Fetz Marco, Yamaha YZF R1, Formula EWC&lt;\/p&gt;\n\" data-large-file=\"https:\/\/i0.wp.com\/www.fetz-racing.de\/wordpress\/wp-content\/uploads\/2024\/06\/Marco_1_Spa_Bild-Fetz-Racing-scaled.jpg?fit=770%2C513&amp;ssl=1\" data-id=\"5704\" src=\"https:\/\/i0.wp.com\/www.fetz-racing.de\/wordpress\/wp-content\/uploads\/2024\/06\/Marco_1_Spa_Bild-Fetz-Racing.jpg?resize=770%2C513&#038;ssl=1\" alt=\"\" class=\"wp-image-5704\" srcset=\"https:\/\/i0.wp.com\/www.fetz-racing.de\/wordpress\/wp-content\/uploads\/2024\/06\/Marco_1_Spa_Bild-Fetz-Racing-scaled.jpg?resize=1024%2C682&amp;ssl=1 1024w, https:\/\/i0.wp.com\/www.fetz-racing.de\/wordpress\/wp-content\/uploads\/2024\/06\/Marco_1_Spa_Bild-Fetz-Racing-scaled.jpg?resize=300%2C200&amp;ssl=1 300w, https:\/\/i0.wp.com\/www.fetz-racing.de\/wordpress\/wp-content\/uploads\/2024\/06\/Marco_1_Spa_Bild-Fetz-Racing-scaled.jpg?resize=768%2C512&amp;ssl=1 768w, https:\/\/i0.wp.com\/www.fetz-racing.de\/wordpress\/wp-content\/uploads\/2024\/06\/Marco_1_Spa_Bild-Fetz-Racing-scaled.jpg?resize=1536%2C1024&amp;ssl=1 1536w, https:\/\/i0.wp.com\/www.fetz-racing.de\/wordpress\/wp-content\/uploads\/2024\/06\/Marco_1_Spa_Bild-Fetz-Racing-scaled.jpg?resize=2048%2C1365&amp;ssl=1 2048w, https:\/\/i0.wp.com\/www.fetz-racing.de\/wordpress\/wp-content\/uploads\/2024\/06\/Marco_1_Spa_Bild-Fetz-Racing-scaled.jpg?resize=225%2C150&amp;ssl=1 225w, https:\/\/i0.wp.com\/www.fetz-racing.de\/wordpress\/wp-content\/uploads\/2024\/06\/Marco_1_Spa_Bild-Fetz-Racing-scaled.jpg?resize=150%2C100&amp;ssl=1 150w, https:\/\/i0.wp.com\/www.fetz-racing.de\/wordpress\/wp-content\/uploads\/2024\/06\/Marco_1_Spa_Bild-Fetz-Racing-scaled.jpg?w=2310&amp;ssl=1 2310w\" sizes=\"auto, (max-width: 770px) 100vw, 770px\" \/><\/a><\/figure>\n\n\n\n<figure class=\"wp-block-image size-large\"><a href=\"https:\/\/i0.wp.com\/www.fetz-racing.de\/wordpress\/wp-content\/uploads\/2024\/06\/Marco_2_Spa_Bild-Fetz-Racing-scaled.jpg?ssl=1\"><img data-recalc-dims=\"1\" loading=\"lazy\" decoding=\"async\" width=\"770\" height=\"513\" data-attachment-id=\"5703\" data-permalink=\"https:\/\/www.fetz-racing.de\/wordpress\/?attachment_id=5703\" data-orig-file=\"https:\/\/i0.wp.com\/www.fetz-racing.de\/wordpress\/wp-content\/uploads\/2024\/06\/Marco_2_Spa_Bild-Fetz-Racing-scaled.jpg?fit=2560%2C1706&amp;ssl=1\" data-orig-size=\"2560,1706\" data-comments-opened=\"1\" data-image-meta=\"{&quot;aperture&quot;:&quot;8&quot;,&quot;credit&quot;:&quot;&quot;,&quot;camera&quot;:&quot;Canon EOS R3&quot;,&quot;caption&quot;:&quot;Fim_Ewc_8h_Spa_2024_Race_Motobox Kremer Racing, Vincon Dominik, Rubin Daniel, Fetz Marco, Yamaha YZF R1, Formula EWC&quot;,&quot;created_timestamp&quot;:&quot;1717850708&quot;,&quot;copyright&quot;:&quot;&quot;,&quot;focal_length&quot;:&quot;600&quot;,&quot;iso&quot;:&quot;125&quot;,&quot;shutter_speed&quot;:&quot;0.0025&quot;,&quot;title&quot;:&quot;Fim_Ewc_8h_Spa_2024_Race_Motobox Kremer Racing, Vincon Dominik, Rubin Daniel, Fetz Marco, Yamaha YZF R1, Formula EWC&quot;,&quot;orientation&quot;:&quot;0&quot;}\" data-image-title=\"Fim_Ewc_8h_Spa_2024_Race_Motobox Kremer Racing, Vincon Dominik, Rubin Daniel, Fetz Marco, Yamaha YZF R1, Formula EWC\" data-image-description=\"\" data-image-caption=\"&lt;p&gt;Fim_Ewc_8h_Spa_2024_Race_Motobox Kremer Racing, Vincon Dominik, Rubin Daniel, Fetz Marco, Yamaha YZF R1, Formula EWC&lt;\/p&gt;\n\" data-large-file=\"https:\/\/i0.wp.com\/www.fetz-racing.de\/wordpress\/wp-content\/uploads\/2024\/06\/Marco_2_Spa_Bild-Fetz-Racing-scaled.jpg?fit=770%2C513&amp;ssl=1\" data-id=\"5703\" src=\"https:\/\/i0.wp.com\/www.fetz-racing.de\/wordpress\/wp-content\/uploads\/2024\/06\/Marco_2_Spa_Bild-Fetz-Racing.jpg?resize=770%2C513&#038;ssl=1\" alt=\"\" class=\"wp-image-5703\" srcset=\"https:\/\/i0.wp.com\/www.fetz-racing.de\/wordpress\/wp-content\/uploads\/2024\/06\/Marco_2_Spa_Bild-Fetz-Racing-scaled.jpg?resize=1024%2C682&amp;ssl=1 1024w, https:\/\/i0.wp.com\/www.fetz-racing.de\/wordpress\/wp-content\/uploads\/2024\/06\/Marco_2_Spa_Bild-Fetz-Racing-scaled.jpg?resize=300%2C200&amp;ssl=1 300w, https:\/\/i0.wp.com\/www.fetz-racing.de\/wordpress\/wp-content\/uploads\/2024\/06\/Marco_2_Spa_Bild-Fetz-Racing-scaled.jpg?resize=768%2C512&amp;ssl=1 768w, https:\/\/i0.wp.com\/www.fetz-racing.de\/wordpress\/wp-content\/uploads\/2024\/06\/Marco_2_Spa_Bild-Fetz-Racing-scaled.jpg?resize=1536%2C1024&amp;ssl=1 1536w, https:\/\/i0.wp.com\/www.fetz-racing.de\/wordpress\/wp-content\/uploads\/2024\/06\/Marco_2_Spa_Bild-Fetz-Racing-scaled.jpg?resize=2048%2C1365&amp;ssl=1 2048w, https:\/\/i0.wp.com\/www.fetz-racing.de\/wordpress\/wp-content\/uploads\/2024\/06\/Marco_2_Spa_Bild-Fetz-Racing-scaled.jpg?resize=225%2C150&amp;ssl=1 225w, https:\/\/i0.wp.com\/www.fetz-racing.de\/wordpress\/wp-content\/uploads\/2024\/06\/Marco_2_Spa_Bild-Fetz-Racing-scaled.jpg?resize=150%2C100&amp;ssl=1 150w, https:\/\/i0.wp.com\/www.fetz-racing.de\/wordpress\/wp-content\/uploads\/2024\/06\/Marco_2_Spa_Bild-Fetz-Racing-scaled.jpg?w=2310&amp;ssl=1 2310w\" sizes=\"auto, (max-width: 770px) 100vw, 770px\" \/><\/a><\/figure>\n<\/figure>\n","protected":false},"excerpt":{"rendered":"<p>Hier noch ein kurzer R\u00fcckblick vom EWC 8h Rennen in Spa, am 08.06.2024.&nbsp; Die f\u00fcr Marco neue Strecke ist eine sehr sch\u00f6ne, schnelle und anspruchsvolle Strecke. Mit fast genau 7 Km die L\u00e4ngste im EWC Kalender.&nbsp; &nbsp; Am Dienstag-Nachmittag war Marco in Spa angekommen.&nbsp; Und die Woche war, wie in\u2026 <a class=\"continue-reading-link\" href=\"https:\/\/www.fetz-racing.de\/wordpress\/?p=5702\">Weiterlesen<\/a><\/p>\n","protected":false},"author":1,"featured_media":0,"comment_status":"closed","ping_status":"closed","sticky":false,"template":"","format":"standard","meta":{"ngg_post_thumbnail":0,"jetpack_post_was_ever_published":false,"_jetpack_newsletter_access":"","_jetpack_dont_email_post_to_subs":false,"_jetpack_newsletter_tier_id":0,"_jetpack_memberships_contains_paywalled_content":false,"_jetpack_memberships_contains_paid_content":false,"footnotes":"","jetpack_publicize_message":"","jetpack_publicize_feature_enabled":true,"jetpack_social_post_already_shared":true,"jetpack_social_options":{"image_generator_settings":{"template":"highway","default_image_id":0,"font":"","enabled":false},"version":2}},"categories":[84,80],"tags":[85],"class_list":["post-5702","post","type-post","status-publish","format-standard","hentry","category-ewc","category-rennen-2024","tag-spa"],"jetpack_publicize_connections":[],"jetpack_featured_media_url":"","jetpack_sharing_enabled":true,"jetpack_shortlink":"https:\/\/wp.me\/p8UkLO-1tY","jetpack-related-posts":[],"_links":{"self":[{"href":"https:\/\/www.fetz-racing.de\/wordpress\/index.php?rest_route=\/wp\/v2\/posts\/5702","targetHints":{"allow":["GET"]}}],"collection":[{"href":"https:\/\/www.fetz-racing.de\/wordpress\/index.php?rest_route=\/wp\/v2\/posts"}],"about":[{"href":"https:\/\/www.fetz-racing.de\/wordpress\/index.php?rest_route=\/wp\/v2\/types\/post"}],"author":[{"embeddable":true,"href":"https:\/\/www.fetz-racing.de\/wordpress\/index.php?rest_route=\/wp\/v2\/users\/1"}],"replies":[{"embeddable":true,"href":"https:\/\/www.fetz-racing.de\/wordpress\/index.php?rest_route=%2Fwp%2Fv2%2Fcomments&post=5702"}],"version-history":[{"count":2,"href":"https:\/\/www.fetz-racing.de\/wordpress\/index.php?rest_route=\/wp\/v2\/posts\/5702\/revisions"}],"predecessor-version":[{"id":5706,"href":"https:\/\/www.fetz-racing.de\/wordpress\/index.php?rest_route=\/wp\/v2\/posts\/5702\/revisions\/5706"}],"wp:attachment":[{"href":"https:\/\/www.fetz-racing.de\/wordpress\/index.php?rest_route=%2Fwp%2Fv2%2Fmedia&parent=5702"}],"wp:term":[{"taxonomy":"category","embeddable":true,"href":"https:\/\/www.fetz-racing.de\/wordpress\/index.php?rest_route=%2Fwp%2Fv2%2Fcategories&post=5702"},{"taxonomy":"post_tag","embeddable":true,"href":"https:\/\/www.fetz-racing.de\/wordpress\/index.php?rest_route=%2Fwp%2Fv2%2Ftags&post=5702"}],"curies":[{"name":"wp","href":"https:\/\/api.w.org\/{rel}","templated":true}]}}