{"id":5440,"date":"2023-10-03T18:31:25","date_gmt":"2023-10-03T17:31:25","guid":{"rendered":"https:\/\/www.fetz-racing.de\/wordpress\/?p=5440"},"modified":"2023-10-03T18:31:25","modified_gmt":"2023-10-03T17:31:25","slug":"so-war-hockenheim-2023","status":"publish","type":"post","link":"https:\/\/www.fetz-racing.de\/wordpress\/?p=5440","title":{"rendered":"So war Hockenheim 2023"},"content":{"rendered":"\n\n\n<p>Hallo Motorsportfreunde,&nbsp;<\/p>\n<p>die letzte Veranstaltung auf dem Hockenheimring ist vorbei und die IDM-Saison 2023 leider zu Ende.&nbsp;<\/p>\n<p>Wir waren Donnerstag-Abend vor Ort in Hockenheim und konnten ab 18:30 Uhr die Box einrichten und alles aufbauen.&nbsp;<br>Allerdings k\u00fcndigte sich bei Marco schon leichter Husten und Schnupfen an. Er war nicht 100%ig fit und machte zeitig Feierabend.&nbsp;<\/p>\n<p>Freitags standen drei freie Trainings auf dem Programm. In FP1 bei guten Bedingungen wurde noch abgestimmt.&nbsp;<br>Nachmittags begann es dann zu Regnen und im FP2 waren nur Marco und 5 bis 6 weitere Fahrer auf der Strecke um einige Runden abzuspulen.&nbsp;<br>Gegen Sp\u00e4tnachmittag startete FP3 bei guten, trockenen Bedingungen. Doch es kam anders als wir dachten&#8230;<\/p>\n<p>Nach 3 Runden hatte Marco einen gr\u00f6\u00dferen Rutscher und konnte einen Sturz vermeiden. Allerdings nicht wegen einem Fahrfehler, sondern der Motor machte Probleme und klang nicht wie er sollte. Somit kam Marco langsam in die Box und wir mussten Freitagabend den Motor der BMW tauschen.&nbsp;<\/p>\n<p>Um ca. 23:00 Uhr lief sie auf den ersten Dr\u00fccker wieder&#8230;&nbsp;saubere Arbeit und gro\u00dfes Danke an Patrick und Peter!<br>Hier der Link zum Video vom&nbsp;Motortausch:&nbsp;<a href=\"https:\/\/deref-gmx.net\/mail\/client\/oYu54IBr5YE\/dereferrer\/?redirectUrl=https%3A%2F%2Fwww.instagram.com%2Freel%2FCxkPEKGoEKt%2F\">https:\/\/www.instagram.com\/reel\/CxkPEKGoEKt\/<\/a>&nbsp;\ud83d\ude42<\/p>\n<p>F\u00fcr Samstag&nbsp;und Sonntag&nbsp;waren komplett sonnige&nbsp;und&nbsp;gute Bedingungen vorhergesagt.&nbsp;<br>Samstag fr\u00fch beendete Marco Q1&nbsp;auf P20.&nbsp;<br>In Q2 kam er besser zurecht, hat sich ganz wohl gef\u00fchlt und landete auf Startplatz 17.&nbsp;<\/p>\n<p>In Rennen1 am Sonntag&nbsp;lief es trotz Erk\u00e4ltung ganz gut und Marco konnte es auf P16 beenden. Wegen eines Gaststarters wurde er auf P15 gewertet und es reichte somit noch f\u00fcr einen Punkt.&nbsp;<\/p>\n<p>In Rennen 2 hatte er einen guten Start und konnte die ersten Runden auf P14 fahren. Das Bike lief sehr gut und es hat alles gepasst, allerdings hatte er dann mit seiner Erk\u00e4ltung zu k\u00e4mpfen und&nbsp;fiel noch auf P18 (P17) zur\u00fcck.&nbsp;<\/p>\n<p>Es war kein einfaches Wochenende in Hockenheim und wir, das komplette Team, sind damit doch zufrieden gewesen.&nbsp;<\/p>\n<p>Die Saison 2023 war keine leichte R\u00fcckkehr in den IDM Rennzirkus. Und&nbsp;wir sind bereits dran&nbsp;uns f\u00fcr 2024 vorzubereiten, welchen Weg wir gehen, ob in einem Team oder evtl. auch selbst wieder mit eigenem Team an den Start zu gehen. In den n\u00e4chsten Wochen wird sich dies zeigen&#8230;<\/p>\n<p>Ein gro\u00dfes Dankesch\u00f6n an alle Sponsoren, Freunde, Bekannte und Fans, welche uns in Hockenheim tatkr\u00e4ftig vor Ort unterst\u00fctzt haben! Ihr seid spitze!<\/p>\n<p>Hier noch Marcos Post:<\/p>\n<blockquote>\n<p>Hey Leute,<br>die Saison 2023 ist vorbei und es war ein wirklich anstrengendes Wochenende in Hockenheim f\u00fcr mich! Bereits am Donnerstag hatte ich mit einer starken Erk\u00e4ltung zu k\u00e4mpfen, trotzdem wollte ich die zwei Rennen von P17 aus durchziehen!? Im ersten Rennen reichte es f\u00fcr einen Punkt. Ich bin sehr happy endlich mal eine Saison zu Ende gefahren zu haben, auch wenn die Saison mit H\u00f6hen und Tiefen war, wie zum Beispiel durch die R\u00fcckenverletzung und die daraus zwei verpassten Rennen.?<br>Trotzdem ein gro\u00dfes Dankesch\u00f6n an die ganzen Zuschauer vor Ort f\u00fcrs Daumen dr\u00fccken!?<br>Vielen Dank auch an alle Sponsoren und Unterst\u00fctzer sowie meine Familie und mein Team!??<br><br>Pl\u00e4ne f\u00fcrs n\u00e4chste Jahr laufen?<br><br>Gr\u00fc\u00dfe Marco#6<br><br><\/p>\n<\/blockquote>\n<p>Wir m\u00f6chten uns hiermit bei Euch, unseren Sponsoren und Helfern f\u00fcr ihre Unterst\u00fctzung in der Saison 2023 bedanken!&nbsp;<br>Ihr seid alle top und ohne Euch w\u00e4re dies alles nicht m\u00f6glich!<\/p>\n<p>Wegen einem gemeinsamen Saisonabschluss mit Euch zusammen werden wir uns bei euch noch melden!<\/p>\n<p>F\u00fcr R\u00fcckfragen stehen wir euch wie immer jederzeit gerne zur Verf\u00fcgung.&nbsp;<\/p>\n<p>Mit motorsportlichen Gr\u00fc\u00dfen!<br><br>Marco #6<br>&amp; G\u00fcnter Fetz<\/p>\n\n\n\n<figure class=\"wp-block-gallery has-nested-images columns-default is-cropped wp-block-gallery-1 is-layout-flex wp-block-gallery-is-layout-flex\">\n<figure class=\"wp-block-image size-large\"><a href=\"https:\/\/i0.wp.com\/www.fetz-racing.de\/wordpress\/wp-content\/uploads\/2023\/10\/Fetz-Racing-1.jpg?ssl=1\"><img data-recalc-dims=\"1\" loading=\"lazy\" decoding=\"async\" width=\"770\" height=\"734\" data-attachment-id=\"5444\" data-permalink=\"https:\/\/www.fetz-racing.de\/wordpress\/?attachment_id=5444\" data-orig-file=\"https:\/\/i0.wp.com\/www.fetz-racing.de\/wordpress\/wp-content\/uploads\/2023\/10\/Fetz-Racing-1.jpg?fit=1394%2C1328&amp;ssl=1\" data-orig-size=\"1394,1328\" data-comments-opened=\"1\" data-image-meta=\"{&quot;aperture&quot;:&quot;0&quot;,&quot;credit&quot;:&quot;&quot;,&quot;camera&quot;:&quot;&quot;,&quot;caption&quot;:&quot;&quot;,&quot;created_timestamp&quot;:&quot;0&quot;,&quot;copyright&quot;:&quot;&quot;,&quot;focal_length&quot;:&quot;0&quot;,&quot;iso&quot;:&quot;0&quot;,&quot;shutter_speed&quot;:&quot;0&quot;,&quot;title&quot;:&quot;&quot;,&quot;orientation&quot;:&quot;0&quot;}\" data-image-title=\"Fetz-Racing-1\" data-image-description=\"\" data-image-caption=\"\" data-large-file=\"https:\/\/i0.wp.com\/www.fetz-racing.de\/wordpress\/wp-content\/uploads\/2023\/10\/Fetz-Racing-1.jpg?fit=770%2C734&amp;ssl=1\" data-id=\"5444\" src=\"https:\/\/i0.wp.com\/www.fetz-racing.de\/wordpress\/wp-content\/uploads\/2023\/10\/Fetz-Racing-1.jpg?resize=770%2C734&#038;ssl=1\" alt=\"\" class=\"wp-image-5444\" srcset=\"https:\/\/i0.wp.com\/www.fetz-racing.de\/wordpress\/wp-content\/uploads\/2023\/10\/Fetz-Racing-1.jpg?resize=1024%2C976&amp;ssl=1 1024w, https:\/\/i0.wp.com\/www.fetz-racing.de\/wordpress\/wp-content\/uploads\/2023\/10\/Fetz-Racing-1.jpg?resize=300%2C286&amp;ssl=1 300w, https:\/\/i0.wp.com\/www.fetz-racing.de\/wordpress\/wp-content\/uploads\/2023\/10\/Fetz-Racing-1.jpg?resize=768%2C732&amp;ssl=1 768w, https:\/\/i0.wp.com\/www.fetz-racing.de\/wordpress\/wp-content\/uploads\/2023\/10\/Fetz-Racing-1.jpg?resize=157%2C150&amp;ssl=1 157w, https:\/\/i0.wp.com\/www.fetz-racing.de\/wordpress\/wp-content\/uploads\/2023\/10\/Fetz-Racing-1.jpg?resize=150%2C143&amp;ssl=1 150w, https:\/\/i0.wp.com\/www.fetz-racing.de\/wordpress\/wp-content\/uploads\/2023\/10\/Fetz-Racing-1.jpg?w=1394&amp;ssl=1 1394w\" sizes=\"auto, (max-width: 770px) 100vw, 770px\" \/><\/a><\/figure>\n\n\n\n<figure class=\"wp-block-image size-large\"><a href=\"https:\/\/i0.wp.com\/www.fetz-racing.de\/wordpress\/wp-content\/uploads\/2023\/10\/IDM_Hockenheim_So_2_3_151_ZZ.jpg?ssl=1\"><img data-recalc-dims=\"1\" loading=\"lazy\" decoding=\"async\" width=\"770\" height=\"514\" data-attachment-id=\"5442\" data-permalink=\"https:\/\/www.fetz-racing.de\/wordpress\/?attachment_id=5442\" data-orig-file=\"https:\/\/i0.wp.com\/www.fetz-racing.de\/wordpress\/wp-content\/uploads\/2023\/10\/IDM_Hockenheim_So_2_3_151_ZZ.jpg?fit=1200%2C800&amp;ssl=1\" data-orig-size=\"1200,800\" data-comments-opened=\"1\" data-image-meta=\"{&quot;aperture&quot;:&quot;9&quot;,&quot;credit&quot;:&quot;Dino_Eisele&quot;,&quot;camera&quot;:&quot;Canon EOS-1D X Mark II&quot;,&quot;caption&quot;:&quot;&quot;,&quot;created_timestamp&quot;:&quot;1695548191&quot;,&quot;copyright&quot;:&quot;Motor Presse Stuttgart GmbH \\u0026amp; Co. KG&quot;,&quot;focal_length&quot;:&quot;600&quot;,&quot;iso&quot;:&quot;1250&quot;,&quot;shutter_speed&quot;:&quot;0.002&quot;,&quot;title&quot;:&quot;&quot;,&quot;orientation&quot;:&quot;0&quot;}\" data-image-title=\"IDM_Hockenheim_So_2_3_151_ZZ\" data-image-description=\"\" data-image-caption=\"\" data-large-file=\"https:\/\/i0.wp.com\/www.fetz-racing.de\/wordpress\/wp-content\/uploads\/2023\/10\/IDM_Hockenheim_So_2_3_151_ZZ.jpg?fit=770%2C514&amp;ssl=1\" data-id=\"5442\" src=\"https:\/\/i0.wp.com\/www.fetz-racing.de\/wordpress\/wp-content\/uploads\/2023\/10\/IDM_Hockenheim_So_2_3_151_ZZ.jpg?resize=770%2C514&#038;ssl=1\" alt=\"\" class=\"wp-image-5442\" srcset=\"https:\/\/i0.wp.com\/www.fetz-racing.de\/wordpress\/wp-content\/uploads\/2023\/10\/IDM_Hockenheim_So_2_3_151_ZZ.jpg?resize=1024%2C683&amp;ssl=1 1024w, https:\/\/i0.wp.com\/www.fetz-racing.de\/wordpress\/wp-content\/uploads\/2023\/10\/IDM_Hockenheim_So_2_3_151_ZZ.jpg?resize=300%2C200&amp;ssl=1 300w, https:\/\/i0.wp.com\/www.fetz-racing.de\/wordpress\/wp-content\/uploads\/2023\/10\/IDM_Hockenheim_So_2_3_151_ZZ.jpg?resize=768%2C512&amp;ssl=1 768w, https:\/\/i0.wp.com\/www.fetz-racing.de\/wordpress\/wp-content\/uploads\/2023\/10\/IDM_Hockenheim_So_2_3_151_ZZ.jpg?resize=225%2C150&amp;ssl=1 225w, https:\/\/i0.wp.com\/www.fetz-racing.de\/wordpress\/wp-content\/uploads\/2023\/10\/IDM_Hockenheim_So_2_3_151_ZZ.jpg?resize=150%2C100&amp;ssl=1 150w, https:\/\/i0.wp.com\/www.fetz-racing.de\/wordpress\/wp-content\/uploads\/2023\/10\/IDM_Hockenheim_So_2_3_151_ZZ.jpg?w=1200&amp;ssl=1 1200w\" sizes=\"auto, (max-width: 770px) 100vw, 770px\" \/><\/a><\/figure>\n\n\n\n<figure class=\"wp-block-image size-large\"><a href=\"https:\/\/i0.wp.com\/www.fetz-racing.de\/wordpress\/wp-content\/uploads\/2023\/10\/IDM_Hockenheim_So_2_3_713_ZZ.jpg?ssl=1\"><img data-recalc-dims=\"1\" loading=\"lazy\" decoding=\"async\" width=\"770\" height=\"507\" data-attachment-id=\"5443\" data-permalink=\"https:\/\/www.fetz-racing.de\/wordpress\/?attachment_id=5443\" data-orig-file=\"https:\/\/i0.wp.com\/www.fetz-racing.de\/wordpress\/wp-content\/uploads\/2023\/10\/IDM_Hockenheim_So_2_3_713_ZZ.jpg?fit=1200%2C790&amp;ssl=1\" data-orig-size=\"1200,790\" data-comments-opened=\"1\" data-image-meta=\"{&quot;aperture&quot;:&quot;13&quot;,&quot;credit&quot;:&quot;Dino_Eisele&quot;,&quot;camera&quot;:&quot;Canon EOS 5D Mark IV&quot;,&quot;caption&quot;:&quot;&quot;,&quot;created_timestamp&quot;:&quot;1695568658&quot;,&quot;copyright&quot;:&quot;Motor Presse Stuttgart GmbH \\u0026amp; Co. KG&quot;,&quot;focal_length&quot;:&quot;62&quot;,&quot;iso&quot;:&quot;1600&quot;,&quot;shutter_speed&quot;:&quot;0.005&quot;,&quot;title&quot;:&quot;&quot;,&quot;orientation&quot;:&quot;0&quot;}\" data-image-title=\"IDM_Hockenheim_So_2_3_713_ZZ\" data-image-description=\"\" data-image-caption=\"\" data-large-file=\"https:\/\/i0.wp.com\/www.fetz-racing.de\/wordpress\/wp-content\/uploads\/2023\/10\/IDM_Hockenheim_So_2_3_713_ZZ.jpg?fit=770%2C507&amp;ssl=1\" data-id=\"5443\" src=\"https:\/\/i0.wp.com\/www.fetz-racing.de\/wordpress\/wp-content\/uploads\/2023\/10\/IDM_Hockenheim_So_2_3_713_ZZ.jpg?resize=770%2C507&#038;ssl=1\" alt=\"\" class=\"wp-image-5443\" srcset=\"https:\/\/i0.wp.com\/www.fetz-racing.de\/wordpress\/wp-content\/uploads\/2023\/10\/IDM_Hockenheim_So_2_3_713_ZZ.jpg?resize=1024%2C674&amp;ssl=1 1024w, https:\/\/i0.wp.com\/www.fetz-racing.de\/wordpress\/wp-content\/uploads\/2023\/10\/IDM_Hockenheim_So_2_3_713_ZZ.jpg?resize=300%2C198&amp;ssl=1 300w, https:\/\/i0.wp.com\/www.fetz-racing.de\/wordpress\/wp-content\/uploads\/2023\/10\/IDM_Hockenheim_So_2_3_713_ZZ.jpg?resize=768%2C506&amp;ssl=1 768w, https:\/\/i0.wp.com\/www.fetz-racing.de\/wordpress\/wp-content\/uploads\/2023\/10\/IDM_Hockenheim_So_2_3_713_ZZ.jpg?resize=228%2C150&amp;ssl=1 228w, https:\/\/i0.wp.com\/www.fetz-racing.de\/wordpress\/wp-content\/uploads\/2023\/10\/IDM_Hockenheim_So_2_3_713_ZZ.jpg?resize=150%2C99&amp;ssl=1 150w, https:\/\/i0.wp.com\/www.fetz-racing.de\/wordpress\/wp-content\/uploads\/2023\/10\/IDM_Hockenheim_So_2_3_713_ZZ.jpg?w=1200&amp;ssl=1 1200w\" sizes=\"auto, (max-width: 770px) 100vw, 770px\" \/><\/a><\/figure>\n\n\n\n<figure class=\"wp-block-image size-large\"><a href=\"https:\/\/i0.wp.com\/www.fetz-racing.de\/wordpress\/wp-content\/uploads\/2023\/10\/IDM_Hockenheim_So_2_3_778_ZZ.jpg?ssl=1\"><img data-recalc-dims=\"1\" loading=\"lazy\" decoding=\"async\" width=\"770\" height=\"514\" data-attachment-id=\"5441\" data-permalink=\"https:\/\/www.fetz-racing.de\/wordpress\/?attachment_id=5441\" data-orig-file=\"https:\/\/i0.wp.com\/www.fetz-racing.de\/wordpress\/wp-content\/uploads\/2023\/10\/IDM_Hockenheim_So_2_3_778_ZZ.jpg?fit=1200%2C800&amp;ssl=1\" data-orig-size=\"1200,800\" data-comments-opened=\"1\" data-image-meta=\"{&quot;aperture&quot;:&quot;20&quot;,&quot;credit&quot;:&quot;Dino_Eisele&quot;,&quot;camera&quot;:&quot;Canon EOS-1D X Mark II&quot;,&quot;caption&quot;:&quot;&quot;,&quot;created_timestamp&quot;:&quot;1695562617&quot;,&quot;copyright&quot;:&quot;Motor Presse Stuttgart GmbH \\u0026amp; Co. KG&quot;,&quot;focal_length&quot;:&quot;600&quot;,&quot;iso&quot;:&quot;1600&quot;,&quot;shutter_speed&quot;:&quot;0.004&quot;,&quot;title&quot;:&quot;&quot;,&quot;orientation&quot;:&quot;0&quot;}\" data-image-title=\"IDM_Hockenheim_So_2_3_778_ZZ\" data-image-description=\"\" data-image-caption=\"\" data-large-file=\"https:\/\/i0.wp.com\/www.fetz-racing.de\/wordpress\/wp-content\/uploads\/2023\/10\/IDM_Hockenheim_So_2_3_778_ZZ.jpg?fit=770%2C514&amp;ssl=1\" data-id=\"5441\" src=\"https:\/\/i0.wp.com\/www.fetz-racing.de\/wordpress\/wp-content\/uploads\/2023\/10\/IDM_Hockenheim_So_2_3_778_ZZ.jpg?resize=770%2C514&#038;ssl=1\" alt=\"\" class=\"wp-image-5441\" srcset=\"https:\/\/i0.wp.com\/www.fetz-racing.de\/wordpress\/wp-content\/uploads\/2023\/10\/IDM_Hockenheim_So_2_3_778_ZZ.jpg?resize=1024%2C683&amp;ssl=1 1024w, https:\/\/i0.wp.com\/www.fetz-racing.de\/wordpress\/wp-content\/uploads\/2023\/10\/IDM_Hockenheim_So_2_3_778_ZZ.jpg?resize=300%2C200&amp;ssl=1 300w, https:\/\/i0.wp.com\/www.fetz-racing.de\/wordpress\/wp-content\/uploads\/2023\/10\/IDM_Hockenheim_So_2_3_778_ZZ.jpg?resize=768%2C512&amp;ssl=1 768w, https:\/\/i0.wp.com\/www.fetz-racing.de\/wordpress\/wp-content\/uploads\/2023\/10\/IDM_Hockenheim_So_2_3_778_ZZ.jpg?resize=225%2C150&amp;ssl=1 225w, https:\/\/i0.wp.com\/www.fetz-racing.de\/wordpress\/wp-content\/uploads\/2023\/10\/IDM_Hockenheim_So_2_3_778_ZZ.jpg?resize=150%2C100&amp;ssl=1 150w, https:\/\/i0.wp.com\/www.fetz-racing.de\/wordpress\/wp-content\/uploads\/2023\/10\/IDM_Hockenheim_So_2_3_778_ZZ.jpg?w=1200&amp;ssl=1 1200w\" sizes=\"auto, (max-width: 770px) 100vw, 770px\" \/><\/a><\/figure>\n<\/figure>\n","protected":false},"excerpt":{"rendered":"<p>Hallo Motorsportfreunde,&nbsp; die letzte Veranstaltung auf dem Hockenheimring ist vorbei und die IDM-Saison 2023 leider zu Ende.&nbsp; Wir waren Donnerstag-Abend vor Ort in Hockenheim und konnten ab 18:30 Uhr die Box einrichten und alles aufbauen.&nbsp;Allerdings k\u00fcndigte sich bei Marco schon leichter Husten und Schnupfen an. Er war nicht 100%ig fit\u2026 <a class=\"continue-reading-link\" href=\"https:\/\/www.fetz-racing.de\/wordpress\/?p=5440\">Weiterlesen<\/a><\/p>\n","protected":false},"author":1,"featured_media":0,"comment_status":"closed","ping_status":"closed","sticky":false,"template":"","format":"standard","meta":{"ngg_post_thumbnail":0,"jetpack_post_was_ever_published":false,"_jetpack_newsletter_access":"","_jetpack_dont_email_post_to_subs":false,"_jetpack_newsletter_tier_id":0,"_jetpack_memberships_contains_paywalled_content":false,"_jetpack_memberships_contains_paid_content":false,"footnotes":"","jetpack_publicize_message":"","jetpack_publicize_feature_enabled":true,"jetpack_social_post_already_shared":true,"jetpack_social_options":{"image_generator_settings":{"template":"highway","default_image_id":0,"font":"","enabled":false},"version":2}},"categories":[79],"tags":[28],"class_list":["post-5440","post","type-post","status-publish","format-standard","hentry","category-rennen-2023","tag-hockenheim"],"jetpack_publicize_connections":[],"jetpack_featured_media_url":"","jetpack_sharing_enabled":true,"jetpack_shortlink":"https:\/\/wp.me\/p8UkLO-1pK","jetpack-related-posts":[],"_links":{"self":[{"href":"https:\/\/www.fetz-racing.de\/wordpress\/index.php?rest_route=\/wp\/v2\/posts\/5440","targetHints":{"allow":["GET"]}}],"collection":[{"href":"https:\/\/www.fetz-racing.de\/wordpress\/index.php?rest_route=\/wp\/v2\/posts"}],"about":[{"href":"https:\/\/www.fetz-racing.de\/wordpress\/index.php?rest_route=\/wp\/v2\/types\/post"}],"author":[{"embeddable":true,"href":"https:\/\/www.fetz-racing.de\/wordpress\/index.php?rest_route=\/wp\/v2\/users\/1"}],"replies":[{"embeddable":true,"href":"https:\/\/www.fetz-racing.de\/wordpress\/index.php?rest_route=%2Fwp%2Fv2%2Fcomments&post=5440"}],"version-history":[{"count":2,"href":"https:\/\/www.fetz-racing.de\/wordpress\/index.php?rest_route=\/wp\/v2\/posts\/5440\/revisions"}],"predecessor-version":[{"id":5446,"href":"https:\/\/www.fetz-racing.de\/wordpress\/index.php?rest_route=\/wp\/v2\/posts\/5440\/revisions\/5446"}],"wp:attachment":[{"href":"https:\/\/www.fetz-racing.de\/wordpress\/index.php?rest_route=%2Fwp%2Fv2%2Fmedia&parent=5440"}],"wp:term":[{"taxonomy":"category","embeddable":true,"href":"https:\/\/www.fetz-racing.de\/wordpress\/index.php?rest_route=%2Fwp%2Fv2%2Fcategories&post=5440"},{"taxonomy":"post_tag","embeddable":true,"href":"https:\/\/www.fetz-racing.de\/wordpress\/index.php?rest_route=%2Fwp%2Fv2%2Ftags&post=5440"}],"curies":[{"name":"wp","href":"https:\/\/api.w.org\/{rel}","templated":true}]}}