{"id":5423,"date":"2023-09-19T14:22:10","date_gmt":"2023-09-19T13:22:10","guid":{"rendered":"https:\/\/www.fetz-racing.de\/wordpress\/?p=5423"},"modified":"2023-09-19T14:29:35","modified_gmt":"2023-09-19T13:29:35","slug":"saisonfinale-2023-in-hockenheim-im-blick","status":"publish","type":"post","link":"https:\/\/www.fetz-racing.de\/wordpress\/?p=5423","title":{"rendered":"Saisonfinale 2023 in Hockenheim im Blick"},"content":{"rendered":"\n<p>Hallo Motorsportfreunde,&nbsp;<\/p>\n<p>es geht weiter mit der letzten IDM-Veranstaltung, dem Saisonfinale in Hockenheim.&nbsp;<br>Wir freuen uns bereits und machen uns Donnerstag auf den Weg.&nbsp;<\/p>\n<p>Vor allem Marco freut sich nach der 5-w\u00f6chigen Pause schon riesig darauf!&nbsp;<br>Die Boxen k\u00f6nnen wir erst abends beziehen, da untertags noch eine Veranstaltung stattfindet. &nbsp;<\/p>\n<p>Beim Saisonabschluss seid ihr herzlich willkommen und wir w\u00fcrden uns freuen Euch in Hockenheim zu treffen.&nbsp;Wir sind in Box 34.&nbsp;<br>&nbsp;<br>Anbei f\u00fcr Euch noch der Zeitplan, Boxenplan und Fahrerlagerplan.&nbsp;&nbsp;<br>Die Rennen werden wie immer ab Samstag \u00fcber Livestream \u00fcbertragen.&nbsp;<br><a href=\"https:\/\/idm.de\/live\/\">Free Live-Stream &#8211; IDM<\/a><br>&nbsp;<br>Bericht vom Saisonabschluss folgt n\u00e4chste Woche.<\/p>\n<p>Wir m\u00f6chten allen Sponsoren und Helfern f\u00fcr ihre Unterst\u00fctzung danken!!!<br>F\u00fcr R\u00fcckfragen stehen wir euch wie immer jederzeit gerne zur Verf\u00fcgung.&nbsp;<\/p>\n<p><a href=\"https:\/\/www.fetz-racing.de\/wordpress\/wp-content\/uploads\/2023\/09\/EventTimeSchedule_HoRi23.pdf\">Zeitplan Hockenheim 2023<\/a><br><a href=\"https:\/\/www.fetz-racing.de\/wordpress\/wp-content\/uploads\/2023\/09\/Pitbox_Plan_IDM_Hockenheim_2023.pdf\">Pitbox-Plan Hockenheim 2023<\/a><br><a href=\"https:\/\/www.fetz-racing.de\/wordpress\/wp-content\/uploads\/2023\/09\/Paddock_Plan_Hockenheimring_2023.pdf\">Paddock Plan Hockenheim 2023<\/a><\/p>\n","protected":false},"excerpt":{"rendered":"<p>Hallo Motorsportfreunde,&nbsp; es geht weiter mit der letzten IDM-Veranstaltung, dem Saisonfinale in Hockenheim.&nbsp;Wir freuen uns bereits und machen uns Donnerstag auf den Weg.&nbsp; Vor allem Marco freut sich nach der 5-w\u00f6chigen Pause schon riesig darauf!&nbsp;Die Boxen k\u00f6nnen wir erst abends beziehen, da untertags noch eine Veranstaltung stattfindet. &nbsp; Beim Saisonabschluss\u2026 <a class=\"continue-reading-link\" href=\"https:\/\/www.fetz-racing.de\/wordpress\/?p=5423\">Weiterlesen<\/a><\/p>\n","protected":false},"author":1,"featured_media":0,"comment_status":"closed","ping_status":"closed","sticky":false,"template":"","format":"standard","meta":{"ngg_post_thumbnail":0,"jetpack_post_was_ever_published":false,"_jetpack_newsletter_access":"","_jetpack_dont_email_post_to_subs":false,"_jetpack_newsletter_tier_id":0,"_jetpack_memberships_contains_paywalled_content":false,"_jetpack_memberships_contains_paid_content":false,"footnotes":"","jetpack_publicize_message":"","jetpack_publicize_feature_enabled":true,"jetpack_social_post_already_shared":true,"jetpack_social_options":{"image_generator_settings":{"template":"highway","default_image_id":0,"font":"","enabled":false},"version":2}},"categories":[1],"tags":[],"class_list":["post-5423","post","type-post","status-publish","format-standard","hentry","category-allgemein"],"jetpack_publicize_connections":[],"jetpack_featured_media_url":"","jetpack_sharing_enabled":true,"jetpack_shortlink":"https:\/\/wp.me\/p8UkLO-1pt","jetpack-related-posts":[],"_links":{"self":[{"href":"https:\/\/www.fetz-racing.de\/wordpress\/index.php?rest_route=\/wp\/v2\/posts\/5423","targetHints":{"allow":["GET"]}}],"collection":[{"href":"https:\/\/www.fetz-racing.de\/wordpress\/index.php?rest_route=\/wp\/v2\/posts"}],"about":[{"href":"https:\/\/www.fetz-racing.de\/wordpress\/index.php?rest_route=\/wp\/v2\/types\/post"}],"author":[{"embeddable":true,"href":"https:\/\/www.fetz-racing.de\/wordpress\/index.php?rest_route=\/wp\/v2\/users\/1"}],"replies":[{"embeddable":true,"href":"https:\/\/www.fetz-racing.de\/wordpress\/index.php?rest_route=%2Fwp%2Fv2%2Fcomments&post=5423"}],"version-history":[{"count":8,"href":"https:\/\/www.fetz-racing.de\/wordpress\/index.php?rest_route=\/wp\/v2\/posts\/5423\/revisions"}],"predecessor-version":[{"id":5433,"href":"https:\/\/www.fetz-racing.de\/wordpress\/index.php?rest_route=\/wp\/v2\/posts\/5423\/revisions\/5433"}],"wp:attachment":[{"href":"https:\/\/www.fetz-racing.de\/wordpress\/index.php?rest_route=%2Fwp%2Fv2%2Fmedia&parent=5423"}],"wp:term":[{"taxonomy":"category","embeddable":true,"href":"https:\/\/www.fetz-racing.de\/wordpress\/index.php?rest_route=%2Fwp%2Fv2%2Fcategories&post=5423"},{"taxonomy":"post_tag","embeddable":true,"href":"https:\/\/www.fetz-racing.de\/wordpress\/index.php?rest_route=%2Fwp%2Fv2%2Ftags&post=5423"}],"curies":[{"name":"wp","href":"https:\/\/api.w.org\/{rel}","templated":true}]}}