{"id":5413,"date":"2023-08-16T09:42:05","date_gmt":"2023-08-16T08:42:05","guid":{"rendered":"https:\/\/www.fetz-racing.de\/wordpress\/?p=5413"},"modified":"2023-08-24T09:53:07","modified_gmt":"2023-08-24T08:53:07","slug":"assen-im-blick","status":"publish","type":"post","link":"https:\/\/www.fetz-racing.de\/wordpress\/?p=5413","title":{"rendered":"Assen im Blick"},"content":{"rendered":"\n<p>Hallo Motorsportfreunde,<\/p>\n<p>es geht weiter mit der n\u00e4chsten IDM Veranstaltung.<br>Wir machen uns Donnerstag fr\u00fch&nbsp;auf den Weg nach Assen.&nbsp;<br><br>Anbei f\u00fcr Euch noch der Zeitplan, Boxenplan und Fahrerlagerplan.&nbsp;&nbsp;<br>Die Rennen werden wie immer ab Samstag \u00fcber Livestream \u00fcbertragen.&nbsp;<br><a href=\"https:\/\/idm.de\/live\/\">Free Live-Stream &#8211; IDM<\/a><br><a href=\"https:\/\/www.fetz-racing.de\/wordpress\/wp-content\/uploads\/2023\/08\/Assen_EventTimeSchedule_TT23.pdf\" target=\"_blank\" rel=\"noopener\">AssenScheduler<\/a><br><br>Bericht folgt n\u00e4chste Woche.&nbsp;<br>F\u00fcr Infos und Fragen stehen euch wie immer gerne zur Verf\u00fcgung!&nbsp;<br>Vielleicht besucht ihr uns ja in Assen? Bis dahin.<br>&nbsp;<br>Mit motorsportlichen Gr\u00fc\u00dfen!<br>Marco #6<br>&amp; G\u00fcnter Fetz&nbsp;<\/p>\n\n\n\n<figure class=\"wp-block-gallery has-nested-images columns-default is-cropped wp-block-gallery-1 is-layout-flex wp-block-gallery-is-layout-flex\">\n<figure class=\"wp-block-image size-large\"><a href=\"https:\/\/i0.wp.com\/www.fetz-racing.de\/wordpress\/wp-content\/uploads\/2023\/08\/MF6_07052023.jpg?ssl=1\"><img data-recalc-dims=\"1\" loading=\"lazy\" decoding=\"async\" width=\"768\" height=\"1024\" data-attachment-id=\"5417\" data-permalink=\"https:\/\/www.fetz-racing.de\/wordpress\/?attachment_id=5417\" data-orig-file=\"https:\/\/i0.wp.com\/www.fetz-racing.de\/wordpress\/wp-content\/uploads\/2023\/08\/MF6_07052023.jpg?fit=1125%2C1500&amp;ssl=1\" data-orig-size=\"1125,1500\" data-comments-opened=\"1\" data-image-meta=\"{&quot;aperture&quot;:&quot;2&quot;,&quot;credit&quot;:&quot;&quot;,&quot;camera&quot;:&quot;moto g(6) play&quot;,&quot;caption&quot;:&quot;&quot;,&quot;created_timestamp&quot;:&quot;1691152459&quot;,&quot;copyright&quot;:&quot;&quot;,&quot;focal_length&quot;:&quot;3.519&quot;,&quot;iso&quot;:&quot;250&quot;,&quot;shutter_speed&quot;:&quot;0.03030303030303&quot;,&quot;title&quot;:&quot;&quot;,&quot;orientation&quot;:&quot;0&quot;}\" data-image-title=\"MF6_07052023\" data-image-description=\"\" data-image-caption=\"\" data-large-file=\"https:\/\/i0.wp.com\/www.fetz-racing.de\/wordpress\/wp-content\/uploads\/2023\/08\/MF6_07052023.jpg?fit=768%2C1024&amp;ssl=1\" data-id=\"5417\" src=\"https:\/\/i0.wp.com\/www.fetz-racing.de\/wordpress\/wp-content\/uploads\/2023\/08\/MF6_07052023.jpg?resize=768%2C1024&#038;ssl=1\" alt=\"\" class=\"wp-image-5417\" srcset=\"https:\/\/i0.wp.com\/www.fetz-racing.de\/wordpress\/wp-content\/uploads\/2023\/08\/MF6_07052023.jpg?resize=768%2C1024&amp;ssl=1 768w, https:\/\/i0.wp.com\/www.fetz-racing.de\/wordpress\/wp-content\/uploads\/2023\/08\/MF6_07052023.jpg?resize=225%2C300&amp;ssl=1 225w, https:\/\/i0.wp.com\/www.fetz-racing.de\/wordpress\/wp-content\/uploads\/2023\/08\/MF6_07052023.jpg?resize=113%2C150&amp;ssl=1 113w, https:\/\/i0.wp.com\/www.fetz-racing.de\/wordpress\/wp-content\/uploads\/2023\/08\/MF6_07052023.jpg?w=1125&amp;ssl=1 1125w\" sizes=\"auto, (max-width: 768px) 100vw, 768px\" \/><\/a><\/figure>\n\n\n\n<figure class=\"wp-block-image size-large\"><a href=\"https:\/\/i0.wp.com\/www.fetz-racing.de\/wordpress\/wp-content\/uploads\/2023\/08\/MF6_08052023.jpg?ssl=1\"><img data-recalc-dims=\"1\" loading=\"lazy\" decoding=\"async\" width=\"770\" height=\"664\" data-attachment-id=\"5416\" data-permalink=\"https:\/\/www.fetz-racing.de\/wordpress\/?attachment_id=5416\" data-orig-file=\"https:\/\/i0.wp.com\/www.fetz-racing.de\/wordpress\/wp-content\/uploads\/2023\/08\/MF6_08052023.jpg?fit=1500%2C1293&amp;ssl=1\" data-orig-size=\"1500,1293\" data-comments-opened=\"1\" data-image-meta=\"{&quot;aperture&quot;:&quot;0&quot;,&quot;credit&quot;:&quot;&quot;,&quot;camera&quot;:&quot;&quot;,&quot;caption&quot;:&quot;&quot;,&quot;created_timestamp&quot;:&quot;0&quot;,&quot;copyright&quot;:&quot;&quot;,&quot;focal_length&quot;:&quot;0&quot;,&quot;iso&quot;:&quot;0&quot;,&quot;shutter_speed&quot;:&quot;0&quot;,&quot;title&quot;:&quot;&quot;,&quot;orientation&quot;:&quot;0&quot;}\" data-image-title=\"MF6_08052023\" data-image-description=\"\" data-image-caption=\"\" data-large-file=\"https:\/\/i0.wp.com\/www.fetz-racing.de\/wordpress\/wp-content\/uploads\/2023\/08\/MF6_08052023.jpg?fit=770%2C664&amp;ssl=1\" data-id=\"5416\" src=\"https:\/\/i0.wp.com\/www.fetz-racing.de\/wordpress\/wp-content\/uploads\/2023\/08\/MF6_08052023.jpg?resize=770%2C664&#038;ssl=1\" alt=\"\" class=\"wp-image-5416\" srcset=\"https:\/\/i0.wp.com\/www.fetz-racing.de\/wordpress\/wp-content\/uploads\/2023\/08\/MF6_08052023.jpg?resize=1024%2C883&amp;ssl=1 1024w, https:\/\/i0.wp.com\/www.fetz-racing.de\/wordpress\/wp-content\/uploads\/2023\/08\/MF6_08052023.jpg?resize=300%2C259&amp;ssl=1 300w, https:\/\/i0.wp.com\/www.fetz-racing.de\/wordpress\/wp-content\/uploads\/2023\/08\/MF6_08052023.jpg?resize=768%2C662&amp;ssl=1 768w, https:\/\/i0.wp.com\/www.fetz-racing.de\/wordpress\/wp-content\/uploads\/2023\/08\/MF6_08052023.jpg?resize=174%2C150&amp;ssl=1 174w, https:\/\/i0.wp.com\/www.fetz-racing.de\/wordpress\/wp-content\/uploads\/2023\/08\/MF6_08052023.jpg?resize=150%2C129&amp;ssl=1 150w, https:\/\/i0.wp.com\/www.fetz-racing.de\/wordpress\/wp-content\/uploads\/2023\/08\/MF6_08052023.jpg?w=1500&amp;ssl=1 1500w\" sizes=\"auto, (max-width: 770px) 100vw, 770px\" \/><\/a><\/figure>\n<\/figure>\n","protected":false},"excerpt":{"rendered":"<p>Hallo Motorsportfreunde, es geht weiter mit der n\u00e4chsten IDM Veranstaltung.Wir machen uns Donnerstag fr\u00fch&nbsp;auf den Weg nach Assen.&nbsp; Anbei f\u00fcr Euch noch der Zeitplan, Boxenplan und Fahrerlagerplan.&nbsp;&nbsp;Die Rennen werden wie immer ab Samstag \u00fcber Livestream \u00fcbertragen.&nbsp;Free Live-Stream &#8211; IDMAssenScheduler Bericht folgt n\u00e4chste Woche.&nbsp;F\u00fcr Infos und Fragen stehen euch wie immer\u2026 <a class=\"continue-reading-link\" href=\"https:\/\/www.fetz-racing.de\/wordpress\/?p=5413\">Weiterlesen<\/a><\/p>\n","protected":false},"author":1,"featured_media":0,"comment_status":"closed","ping_status":"closed","sticky":false,"template":"","format":"standard","meta":{"ngg_post_thumbnail":0,"jetpack_post_was_ever_published":false,"_jetpack_newsletter_access":"","_jetpack_dont_email_post_to_subs":false,"_jetpack_newsletter_tier_id":0,"_jetpack_memberships_contains_paywalled_content":false,"_jetpack_memberships_contains_paid_content":false,"footnotes":"","jetpack_publicize_message":"","jetpack_publicize_feature_enabled":true,"jetpack_social_post_already_shared":true,"jetpack_social_options":{"image_generator_settings":{"template":"highway","default_image_id":0,"font":"","enabled":false},"version":2}},"categories":[1],"tags":[],"class_list":["post-5413","post","type-post","status-publish","format-standard","hentry","category-allgemein"],"jetpack_publicize_connections":[],"jetpack_featured_media_url":"","jetpack_sharing_enabled":true,"jetpack_shortlink":"https:\/\/wp.me\/p8UkLO-1pj","jetpack-related-posts":[],"_links":{"self":[{"href":"https:\/\/www.fetz-racing.de\/wordpress\/index.php?rest_route=\/wp\/v2\/posts\/5413","targetHints":{"allow":["GET"]}}],"collection":[{"href":"https:\/\/www.fetz-racing.de\/wordpress\/index.php?rest_route=\/wp\/v2\/posts"}],"about":[{"href":"https:\/\/www.fetz-racing.de\/wordpress\/index.php?rest_route=\/wp\/v2\/types\/post"}],"author":[{"embeddable":true,"href":"https:\/\/www.fetz-racing.de\/wordpress\/index.php?rest_route=\/wp\/v2\/users\/1"}],"replies":[{"embeddable":true,"href":"https:\/\/www.fetz-racing.de\/wordpress\/index.php?rest_route=%2Fwp%2Fv2%2Fcomments&post=5413"}],"version-history":[{"count":2,"href":"https:\/\/www.fetz-racing.de\/wordpress\/index.php?rest_route=\/wp\/v2\/posts\/5413\/revisions"}],"predecessor-version":[{"id":5419,"href":"https:\/\/www.fetz-racing.de\/wordpress\/index.php?rest_route=\/wp\/v2\/posts\/5413\/revisions\/5419"}],"wp:attachment":[{"href":"https:\/\/www.fetz-racing.de\/wordpress\/index.php?rest_route=%2Fwp%2Fv2%2Fmedia&parent=5413"}],"wp:term":[{"taxonomy":"category","embeddable":true,"href":"https:\/\/www.fetz-racing.de\/wordpress\/index.php?rest_route=%2Fwp%2Fv2%2Fcategories&post=5413"},{"taxonomy":"post_tag","embeddable":true,"href":"https:\/\/www.fetz-racing.de\/wordpress\/index.php?rest_route=%2Fwp%2Fv2%2Ftags&post=5413"}],"curies":[{"name":"wp","href":"https:\/\/api.w.org\/{rel}","templated":true}]}}