{"id":5395,"date":"2023-08-11T08:08:47","date_gmt":"2023-08-11T07:08:47","guid":{"rendered":"https:\/\/www.fetz-racing.de\/wordpress\/?p=5395"},"modified":"2023-08-11T08:18:09","modified_gmt":"2023-08-11T07:18:09","slug":"rueckblick-red-bull-ring-2023","status":"publish","type":"post","link":"https:\/\/www.fetz-racing.de\/wordpress\/?p=5395","title":{"rendered":"R\u00fcckblick Red Bull Ring 2023"},"content":{"rendered":"\n<p>Hallo Motorsportfreunde,&nbsp;<\/p>\n<p>hier kommt ein kleiner Bericht von Marco von unserem Rennwochenende am Red Bull Ring nach seinem Wiedereinstieg nach seiner Verletzung in Oschersleben.<\/p>\n<blockquote>\n<p>&#8222;Mit gro\u00dfer Vorfreude reisten wir am Donnerstag nach der Freigabe der \u00c4rzte in die Steiermark, um nach acht Wochen Verletzung wieder mit am Start zu sein.<br><br>Leider f\u00fchlte ich mich bereits ab Freitag bei den schwierig nassen Bedingungen auf dem Bike einfach nicht wohl und konnte so keinen Rhythmus das ganze Wochenende \u00fcber aufbauen.?<br>Im Qualy reichte es so f\u00fcr P16.<br><br>Im ersten Rennen wurde es bei nassen Bedingungen P16 (Punkte f\u00fcr P12, da Gaststarter) und im zweiten trockenen Rennen, musste ich leider nach 3 Runden in die Box kommen, da ich keine vordere Bremse mehr hatte und so fr\u00fchzeitig aufgeben musst. Ich bin froh das hierbei nichts passiert ist!?<br><br>Trotz alledem bin ich froh wieder mit von der Partie gewesen zu sein, da mein R\u00fccken sehr gut verheilt ist und ich mich beim Fahren fit f\u00fchle!??<br><br>Vielen Dank an mein Team, die wie immer das bestm\u00f6gliche f\u00fcr mich gegeben haben!?<br>Gro\u00dfes Dankesch\u00f6n auch an alle Sponsoren f\u00fcr die Unterst\u00fctzung!?<br><br>Jetzt hei\u00dft es weiter trainieren und sich auf Assen n\u00e4chste Woche vorzubereiten!<br><br>Bis dann Marco#6?&#8220;<\/p>\n<\/blockquote>\n<p>Marco konnte am Red Bull Ring viel im Regen fahren und die Veranstaltung am Red Bull Ring sehen wir als Training.<\/p>\n<p>Mit der Platzierung und dem technischen Ausfall war Marco nicht ganz zufrieden, diese waren aber&nbsp;zweitrangig.&nbsp;<\/p>\n<p>Am Montag und Dienstag waren Marco und Cheftechniker Patrick&nbsp;noch bei Hafeneger in Hockenheim um mit dem Bike noch zu trainieren und die Bremse wieder auf Vordermann zu bringen.<\/p>\n<p>Wir freuen uns bereits und werden n\u00e4chste Woche Donnerstag nach Assen starten.&nbsp;<br>Infos f\u00fcr Assen werden wir euch n\u00e4chste Woche noch zukommen lassen.<\/p>\n<p>F\u00fcr Infos und Fragen stehen euch wie immer gerne zur Verf\u00fcgung!&nbsp;<\/p>\n<p>Mit motorsportlichen Gr\u00fc\u00dfen!<br>Marco #6<br>&amp; G\u00fcnter Fetz<\/p>\n\n\n\n<figure class=\"wp-block-gallery has-nested-images columns-default is-cropped wp-block-gallery-1 is-layout-flex wp-block-gallery-is-layout-flex\">\n<figure class=\"wp-block-image size-large\"><a href=\"https:\/\/i0.wp.com\/www.fetz-racing.de\/wordpress\/wp-content\/uploads\/2023\/08\/IMG_8820.jpg?ssl=1\"><img data-recalc-dims=\"1\" loading=\"lazy\" decoding=\"async\" width=\"770\" height=\"514\" data-attachment-id=\"5399\" data-permalink=\"https:\/\/www.fetz-racing.de\/wordpress\/?attachment_id=5399\" data-orig-file=\"https:\/\/i0.wp.com\/www.fetz-racing.de\/wordpress\/wp-content\/uploads\/2023\/08\/IMG_8820.jpg?fit=2048%2C1366&amp;ssl=1\" data-orig-size=\"2048,1366\" data-comments-opened=\"1\" data-image-meta=\"{&quot;aperture&quot;:&quot;0&quot;,&quot;credit&quot;:&quot;&quot;,&quot;camera&quot;:&quot;&quot;,&quot;caption&quot;:&quot;&quot;,&quot;created_timestamp&quot;:&quot;0&quot;,&quot;copyright&quot;:&quot;&quot;,&quot;focal_length&quot;:&quot;0&quot;,&quot;iso&quot;:&quot;0&quot;,&quot;shutter_speed&quot;:&quot;0&quot;,&quot;title&quot;:&quot;&quot;,&quot;orientation&quot;:&quot;1&quot;}\" data-image-title=\"IMG_8820\" data-image-description=\"\" data-image-caption=\"\" data-large-file=\"https:\/\/i0.wp.com\/www.fetz-racing.de\/wordpress\/wp-content\/uploads\/2023\/08\/IMG_8820.jpg?fit=770%2C514&amp;ssl=1\" data-id=\"5399\" src=\"https:\/\/i0.wp.com\/www.fetz-racing.de\/wordpress\/wp-content\/uploads\/2023\/08\/IMG_8820.jpg?resize=770%2C514&#038;ssl=1\" alt=\"\" class=\"wp-image-5399\" srcset=\"https:\/\/i0.wp.com\/www.fetz-racing.de\/wordpress\/wp-content\/uploads\/2023\/08\/IMG_8820.jpg?resize=1024%2C683&amp;ssl=1 1024w, https:\/\/i0.wp.com\/www.fetz-racing.de\/wordpress\/wp-content\/uploads\/2023\/08\/IMG_8820.jpg?resize=300%2C200&amp;ssl=1 300w, https:\/\/i0.wp.com\/www.fetz-racing.de\/wordpress\/wp-content\/uploads\/2023\/08\/IMG_8820.jpg?resize=768%2C512&amp;ssl=1 768w, https:\/\/i0.wp.com\/www.fetz-racing.de\/wordpress\/wp-content\/uploads\/2023\/08\/IMG_8820.jpg?resize=1536%2C1025&amp;ssl=1 1536w, https:\/\/i0.wp.com\/www.fetz-racing.de\/wordpress\/wp-content\/uploads\/2023\/08\/IMG_8820.jpg?resize=225%2C150&amp;ssl=1 225w, https:\/\/i0.wp.com\/www.fetz-racing.de\/wordpress\/wp-content\/uploads\/2023\/08\/IMG_8820.jpg?resize=150%2C100&amp;ssl=1 150w, https:\/\/i0.wp.com\/www.fetz-racing.de\/wordpress\/wp-content\/uploads\/2023\/08\/IMG_8820.jpg?w=2048&amp;ssl=1 2048w\" sizes=\"auto, (max-width: 770px) 100vw, 770px\" \/><\/a><\/figure>\n\n\n\n<figure class=\"wp-block-image size-large\"><a href=\"https:\/\/i0.wp.com\/www.fetz-racing.de\/wordpress\/wp-content\/uploads\/2023\/08\/IMG_8836.jpg?ssl=1\"><img data-recalc-dims=\"1\" loading=\"lazy\" decoding=\"async\" width=\"770\" height=\"514\" data-attachment-id=\"5400\" data-permalink=\"https:\/\/www.fetz-racing.de\/wordpress\/?attachment_id=5400\" data-orig-file=\"https:\/\/i0.wp.com\/www.fetz-racing.de\/wordpress\/wp-content\/uploads\/2023\/08\/IMG_8836.jpg?fit=2048%2C1366&amp;ssl=1\" data-orig-size=\"2048,1366\" data-comments-opened=\"1\" data-image-meta=\"{&quot;aperture&quot;:&quot;0&quot;,&quot;credit&quot;:&quot;&quot;,&quot;camera&quot;:&quot;&quot;,&quot;caption&quot;:&quot;&quot;,&quot;created_timestamp&quot;:&quot;0&quot;,&quot;copyright&quot;:&quot;&quot;,&quot;focal_length&quot;:&quot;0&quot;,&quot;iso&quot;:&quot;0&quot;,&quot;shutter_speed&quot;:&quot;0&quot;,&quot;title&quot;:&quot;&quot;,&quot;orientation&quot;:&quot;1&quot;}\" data-image-title=\"IMG_8836\" data-image-description=\"\" data-image-caption=\"\" data-large-file=\"https:\/\/i0.wp.com\/www.fetz-racing.de\/wordpress\/wp-content\/uploads\/2023\/08\/IMG_8836.jpg?fit=770%2C514&amp;ssl=1\" data-id=\"5400\" src=\"https:\/\/i0.wp.com\/www.fetz-racing.de\/wordpress\/wp-content\/uploads\/2023\/08\/IMG_8836.jpg?resize=770%2C514&#038;ssl=1\" alt=\"\" class=\"wp-image-5400\" srcset=\"https:\/\/i0.wp.com\/www.fetz-racing.de\/wordpress\/wp-content\/uploads\/2023\/08\/IMG_8836.jpg?resize=1024%2C683&amp;ssl=1 1024w, https:\/\/i0.wp.com\/www.fetz-racing.de\/wordpress\/wp-content\/uploads\/2023\/08\/IMG_8836.jpg?resize=300%2C200&amp;ssl=1 300w, https:\/\/i0.wp.com\/www.fetz-racing.de\/wordpress\/wp-content\/uploads\/2023\/08\/IMG_8836.jpg?resize=768%2C512&amp;ssl=1 768w, https:\/\/i0.wp.com\/www.fetz-racing.de\/wordpress\/wp-content\/uploads\/2023\/08\/IMG_8836.jpg?resize=1536%2C1025&amp;ssl=1 1536w, https:\/\/i0.wp.com\/www.fetz-racing.de\/wordpress\/wp-content\/uploads\/2023\/08\/IMG_8836.jpg?resize=225%2C150&amp;ssl=1 225w, https:\/\/i0.wp.com\/www.fetz-racing.de\/wordpress\/wp-content\/uploads\/2023\/08\/IMG_8836.jpg?resize=150%2C100&amp;ssl=1 150w, https:\/\/i0.wp.com\/www.fetz-racing.de\/wordpress\/wp-content\/uploads\/2023\/08\/IMG_8836.jpg?w=2048&amp;ssl=1 2048w\" sizes=\"auto, (max-width: 770px) 100vw, 770px\" \/><\/a><\/figure>\n\n\n\n<figure class=\"wp-block-image size-large\"><a href=\"https:\/\/i0.wp.com\/www.fetz-racing.de\/wordpress\/wp-content\/uploads\/2023\/08\/IMG_8893.jpg?ssl=1\"><img data-recalc-dims=\"1\" loading=\"lazy\" decoding=\"async\" width=\"770\" height=\"514\" data-attachment-id=\"5402\" data-permalink=\"https:\/\/www.fetz-racing.de\/wordpress\/?attachment_id=5402\" data-orig-file=\"https:\/\/i0.wp.com\/www.fetz-racing.de\/wordpress\/wp-content\/uploads\/2023\/08\/IMG_8893.jpg?fit=2048%2C1366&amp;ssl=1\" data-orig-size=\"2048,1366\" data-comments-opened=\"1\" data-image-meta=\"{&quot;aperture&quot;:&quot;0&quot;,&quot;credit&quot;:&quot;&quot;,&quot;camera&quot;:&quot;&quot;,&quot;caption&quot;:&quot;&quot;,&quot;created_timestamp&quot;:&quot;0&quot;,&quot;copyright&quot;:&quot;&quot;,&quot;focal_length&quot;:&quot;0&quot;,&quot;iso&quot;:&quot;0&quot;,&quot;shutter_speed&quot;:&quot;0&quot;,&quot;title&quot;:&quot;&quot;,&quot;orientation&quot;:&quot;1&quot;}\" data-image-title=\"IMG_8893\" data-image-description=\"\" data-image-caption=\"\" data-large-file=\"https:\/\/i0.wp.com\/www.fetz-racing.de\/wordpress\/wp-content\/uploads\/2023\/08\/IMG_8893.jpg?fit=770%2C514&amp;ssl=1\" data-id=\"5402\" src=\"https:\/\/i0.wp.com\/www.fetz-racing.de\/wordpress\/wp-content\/uploads\/2023\/08\/IMG_8893.jpg?resize=770%2C514&#038;ssl=1\" alt=\"\" class=\"wp-image-5402\" srcset=\"https:\/\/i0.wp.com\/www.fetz-racing.de\/wordpress\/wp-content\/uploads\/2023\/08\/IMG_8893.jpg?resize=1024%2C683&amp;ssl=1 1024w, https:\/\/i0.wp.com\/www.fetz-racing.de\/wordpress\/wp-content\/uploads\/2023\/08\/IMG_8893.jpg?resize=300%2C200&amp;ssl=1 300w, https:\/\/i0.wp.com\/www.fetz-racing.de\/wordpress\/wp-content\/uploads\/2023\/08\/IMG_8893.jpg?resize=768%2C512&amp;ssl=1 768w, https:\/\/i0.wp.com\/www.fetz-racing.de\/wordpress\/wp-content\/uploads\/2023\/08\/IMG_8893.jpg?resize=1536%2C1025&amp;ssl=1 1536w, https:\/\/i0.wp.com\/www.fetz-racing.de\/wordpress\/wp-content\/uploads\/2023\/08\/IMG_8893.jpg?resize=225%2C150&amp;ssl=1 225w, https:\/\/i0.wp.com\/www.fetz-racing.de\/wordpress\/wp-content\/uploads\/2023\/08\/IMG_8893.jpg?resize=150%2C100&amp;ssl=1 150w, https:\/\/i0.wp.com\/www.fetz-racing.de\/wordpress\/wp-content\/uploads\/2023\/08\/IMG_8893.jpg?w=2048&amp;ssl=1 2048w\" sizes=\"auto, (max-width: 770px) 100vw, 770px\" \/><\/a><\/figure>\n\n\n\n<figure class=\"wp-block-image size-large\"><a href=\"https:\/\/i0.wp.com\/www.fetz-racing.de\/wordpress\/wp-content\/uploads\/2023\/08\/IMG_8897.jpg?ssl=1\"><img data-recalc-dims=\"1\" loading=\"lazy\" decoding=\"async\" width=\"770\" height=\"514\" data-attachment-id=\"5401\" data-permalink=\"https:\/\/www.fetz-racing.de\/wordpress\/?attachment_id=5401\" data-orig-file=\"https:\/\/i0.wp.com\/www.fetz-racing.de\/wordpress\/wp-content\/uploads\/2023\/08\/IMG_8897.jpg?fit=2048%2C1366&amp;ssl=1\" data-orig-size=\"2048,1366\" data-comments-opened=\"1\" data-image-meta=\"{&quot;aperture&quot;:&quot;0&quot;,&quot;credit&quot;:&quot;&quot;,&quot;camera&quot;:&quot;&quot;,&quot;caption&quot;:&quot;&quot;,&quot;created_timestamp&quot;:&quot;0&quot;,&quot;copyright&quot;:&quot;&quot;,&quot;focal_length&quot;:&quot;0&quot;,&quot;iso&quot;:&quot;0&quot;,&quot;shutter_speed&quot;:&quot;0&quot;,&quot;title&quot;:&quot;&quot;,&quot;orientation&quot;:&quot;1&quot;}\" data-image-title=\"IMG_8897\" data-image-description=\"\" data-image-caption=\"\" data-large-file=\"https:\/\/i0.wp.com\/www.fetz-racing.de\/wordpress\/wp-content\/uploads\/2023\/08\/IMG_8897.jpg?fit=770%2C514&amp;ssl=1\" data-id=\"5401\" src=\"https:\/\/i0.wp.com\/www.fetz-racing.de\/wordpress\/wp-content\/uploads\/2023\/08\/IMG_8897.jpg?resize=770%2C514&#038;ssl=1\" alt=\"\" class=\"wp-image-5401\" srcset=\"https:\/\/i0.wp.com\/www.fetz-racing.de\/wordpress\/wp-content\/uploads\/2023\/08\/IMG_8897.jpg?resize=1024%2C683&amp;ssl=1 1024w, https:\/\/i0.wp.com\/www.fetz-racing.de\/wordpress\/wp-content\/uploads\/2023\/08\/IMG_8897.jpg?resize=300%2C200&amp;ssl=1 300w, https:\/\/i0.wp.com\/www.fetz-racing.de\/wordpress\/wp-content\/uploads\/2023\/08\/IMG_8897.jpg?resize=768%2C512&amp;ssl=1 768w, https:\/\/i0.wp.com\/www.fetz-racing.de\/wordpress\/wp-content\/uploads\/2023\/08\/IMG_8897.jpg?resize=1536%2C1025&amp;ssl=1 1536w, https:\/\/i0.wp.com\/www.fetz-racing.de\/wordpress\/wp-content\/uploads\/2023\/08\/IMG_8897.jpg?resize=225%2C150&amp;ssl=1 225w, https:\/\/i0.wp.com\/www.fetz-racing.de\/wordpress\/wp-content\/uploads\/2023\/08\/IMG_8897.jpg?resize=150%2C100&amp;ssl=1 150w, https:\/\/i0.wp.com\/www.fetz-racing.de\/wordpress\/wp-content\/uploads\/2023\/08\/IMG_8897.jpg?w=2048&amp;ssl=1 2048w\" sizes=\"auto, (max-width: 770px) 100vw, 770px\" \/><\/a><\/figure>\n<\/figure>\n","protected":false},"excerpt":{"rendered":"<p>Hallo Motorsportfreunde,&nbsp; hier kommt ein kleiner Bericht von Marco von unserem Rennwochenende am Red Bull Ring nach seinem Wiedereinstieg nach seiner Verletzung in Oschersleben. &#8222;Mit gro\u00dfer Vorfreude reisten wir am Donnerstag nach der Freigabe der \u00c4rzte in die Steiermark, um nach acht Wochen Verletzung wieder mit am Start zu sein.\u2026 <a class=\"continue-reading-link\" href=\"https:\/\/www.fetz-racing.de\/wordpress\/?p=5395\">Weiterlesen<\/a><\/p>\n","protected":false},"author":1,"featured_media":0,"comment_status":"closed","ping_status":"closed","sticky":false,"template":"","format":"standard","meta":{"ngg_post_thumbnail":0,"jetpack_post_was_ever_published":false,"_jetpack_newsletter_access":"","_jetpack_dont_email_post_to_subs":false,"_jetpack_newsletter_tier_id":0,"_jetpack_memberships_contains_paywalled_content":false,"_jetpack_memberships_contains_paid_content":false,"footnotes":"","jetpack_publicize_message":"","jetpack_publicize_feature_enabled":true,"jetpack_social_post_already_shared":true,"jetpack_social_options":{"image_generator_settings":{"template":"highway","default_image_id":0,"font":"","enabled":false},"version":2}},"categories":[79],"tags":[],"class_list":["post-5395","post","type-post","status-publish","format-standard","hentry","category-rennen-2023"],"jetpack_publicize_connections":[],"jetpack_featured_media_url":"","jetpack_sharing_enabled":true,"jetpack_shortlink":"https:\/\/wp.me\/p8UkLO-1p1","jetpack-related-posts":[],"_links":{"self":[{"href":"https:\/\/www.fetz-racing.de\/wordpress\/index.php?rest_route=\/wp\/v2\/posts\/5395","targetHints":{"allow":["GET"]}}],"collection":[{"href":"https:\/\/www.fetz-racing.de\/wordpress\/index.php?rest_route=\/wp\/v2\/posts"}],"about":[{"href":"https:\/\/www.fetz-racing.de\/wordpress\/index.php?rest_route=\/wp\/v2\/types\/post"}],"author":[{"embeddable":true,"href":"https:\/\/www.fetz-racing.de\/wordpress\/index.php?rest_route=\/wp\/v2\/users\/1"}],"replies":[{"embeddable":true,"href":"https:\/\/www.fetz-racing.de\/wordpress\/index.php?rest_route=%2Fwp%2Fv2%2Fcomments&post=5395"}],"version-history":[{"count":4,"href":"https:\/\/www.fetz-racing.de\/wordpress\/index.php?rest_route=\/wp\/v2\/posts\/5395\/revisions"}],"predecessor-version":[{"id":5403,"href":"https:\/\/www.fetz-racing.de\/wordpress\/index.php?rest_route=\/wp\/v2\/posts\/5395\/revisions\/5403"}],"wp:attachment":[{"href":"https:\/\/www.fetz-racing.de\/wordpress\/index.php?rest_route=%2Fwp%2Fv2%2Fmedia&parent=5395"}],"wp:term":[{"taxonomy":"category","embeddable":true,"href":"https:\/\/www.fetz-racing.de\/wordpress\/index.php?rest_route=%2Fwp%2Fv2%2Fcategories&post=5395"},{"taxonomy":"post_tag","embeddable":true,"href":"https:\/\/www.fetz-racing.de\/wordpress\/index.php?rest_route=%2Fwp%2Fv2%2Ftags&post=5395"}],"curies":[{"name":"wp","href":"https:\/\/api.w.org\/{rel}","templated":true}]}}