{"id":5361,"date":"2023-07-24T19:09:29","date_gmt":"2023-07-24T18:09:29","guid":{"rendered":"https:\/\/www.fetz-racing.de\/wordpress\/?p=5361"},"modified":"2023-07-24T19:11:52","modified_gmt":"2023-07-24T18:11:52","slug":"kleine-info-zu-marcos-genesung","status":"publish","type":"post","link":"https:\/\/www.fetz-racing.de\/wordpress\/?p=5361","title":{"rendered":"Kleine Info zu Marcos Genesung"},"content":{"rendered":"\n<p>Hallo Zusammen,&nbsp;<br>wir hoffen bei euch ist alles soweit o.k. und euch geht&#8217;s gut! &nbsp;<\/p>\n<p>Hier eine kleine Info von Marcos Genesung:<br>Mit Marcos Brustwirbel wird es immer besser und die entsprechende&nbsp;Physio und Training klappt auch ganz gut.<br>Bisher war er 2x bei der R\u00f6ntgenkontrolle und es sieht entsprechend gut aus!<br>Wir waren dieses Wochenende zu Besuch bei der IDM-Veranstaltung in Schleiz. Was Marco schon schwerf\u00e4llt, wenn man nicht fahren kann bzw. darf. \ud83d\ude09&nbsp;<\/p>\n<p>Ziel ist, am Red Bull Ring&nbsp;in zwei Wochen, wieder mit Marco und dem Team am Start zu sein!<br>Das wird sich in der Woche zuvor entscheiden, denn da hat er sein Kontroll-MRT und die \u00e4rztliche Untersuchung.<\/p>\n<p>Er und wir hoffen auf ein positives Ergebnis.&nbsp;<\/p>\n<p>Sollte es wegen der Brustwirbel leider nicht klappen, dann ist unser Ziel in Assen, vom 18.-20.08.23, mit Marco wieder antreten zu k\u00f6nnen.&nbsp;<\/p>\n<p>Stehen euch wie immer f\u00fcr Infos und Fragen gerne zur Verf\u00fcgung!&nbsp;<\/p>\n<p>Mit motorsportlichen Gr\u00fc\u00dfen!<br>Marco #6<br>&amp; G\u00fcnter Fetz<\/p>\n\n\n\n<div class=\"wp-block-jetpack-tiled-gallery aligncenter is-style-rectangular\"><div class=\"tiled-gallery__gallery\"><div class=\"tiled-gallery__row\"><div class=\"tiled-gallery__col\" style=\"flex-basis:50.00000%\"><figure class=\"tiled-gallery__item\"><img decoding=\"async\" data-attachment-id=\"5364\" data-permalink=\"https:\/\/www.fetz-racing.de\/wordpress\/?attachment_id=5364\" data-orig-file=\"https:\/\/i0.wp.com\/www.fetz-racing.de\/wordpress\/wp-content\/uploads\/2023\/07\/Marco23_Dino-Eisele.jpg?fit=2048%2C1366&amp;ssl=1\" data-orig-size=\"2048,1366\" data-comments-opened=\"1\" data-image-meta=\"{&quot;aperture&quot;:&quot;0&quot;,&quot;credit&quot;:&quot;&quot;,&quot;camera&quot;:&quot;&quot;,&quot;caption&quot;:&quot;&quot;,&quot;created_timestamp&quot;:&quot;0&quot;,&quot;copyright&quot;:&quot;&quot;,&quot;focal_length&quot;:&quot;0&quot;,&quot;iso&quot;:&quot;0&quot;,&quot;shutter_speed&quot;:&quot;0&quot;,&quot;title&quot;:&quot;&quot;,&quot;orientation&quot;:&quot;1&quot;}\" data-image-title=\"Marco23_Dino-Eisele\" data-image-description=\"\" data-image-caption=\"\" data-large-file=\"https:\/\/i0.wp.com\/www.fetz-racing.de\/wordpress\/wp-content\/uploads\/2023\/07\/Marco23_Dino-Eisele.jpg?fit=770%2C514&amp;ssl=1\" data-attachment-id=\"5364\" data-permalink=\"https:\/\/www.fetz-racing.de\/wordpress\/?attachment_id=5364\" data-orig-file=\"https:\/\/i0.wp.com\/www.fetz-racing.de\/wordpress\/wp-content\/uploads\/2023\/07\/Marco23_Dino-Eisele.jpg?fit=2048%2C1366&amp;ssl=1\" data-orig-size=\"2048,1366\" data-comments-opened=\"1\" data-image-meta=\"{&quot;aperture&quot;:&quot;0&quot;,&quot;credit&quot;:&quot;&quot;,&quot;camera&quot;:&quot;&quot;,&quot;caption&quot;:&quot;&quot;,&quot;created_timestamp&quot;:&quot;0&quot;,&quot;copyright&quot;:&quot;&quot;,&quot;focal_length&quot;:&quot;0&quot;,&quot;iso&quot;:&quot;0&quot;,&quot;shutter_speed&quot;:&quot;0&quot;,&quot;title&quot;:&quot;&quot;,&quot;orientation&quot;:&quot;1&quot;}\" data-image-title=\"Marco23_Dino-Eisele\" data-image-description=\"\" data-image-caption=\"\" data-large-file=\"https:\/\/i0.wp.com\/www.fetz-racing.de\/wordpress\/wp-content\/uploads\/2023\/07\/Marco23_Dino-Eisele.jpg?fit=770%2C514&amp;ssl=1\" role=\"button\" tabindex=\"0\" aria-label=\"Bild\u00a01 von 2 im Vollbildmodus \u00f6ffnen\"srcset=\"https:\/\/i0.wp.com\/www.fetz-racing.de\/wordpress\/wp-content\/uploads\/2023\/07\/Marco23_Dino-Eisele-1024x683.jpg?strip=info&#038;w=600&#038;ssl=1 600w,https:\/\/i0.wp.com\/www.fetz-racing.de\/wordpress\/wp-content\/uploads\/2023\/07\/Marco23_Dino-Eisele-1024x683.jpg?strip=info&#038;w=900&#038;ssl=1 900w,https:\/\/i0.wp.com\/www.fetz-racing.de\/wordpress\/wp-content\/uploads\/2023\/07\/Marco23_Dino-Eisele-1024x683.jpg?strip=info&#038;w=1200&#038;ssl=1 1200w,https:\/\/i0.wp.com\/www.fetz-racing.de\/wordpress\/wp-content\/uploads\/2023\/07\/Marco23_Dino-Eisele-1024x683.jpg?strip=info&#038;w=1500&#038;ssl=1 1500w,https:\/\/i0.wp.com\/www.fetz-racing.de\/wordpress\/wp-content\/uploads\/2023\/07\/Marco23_Dino-Eisele-1024x683.jpg?strip=info&#038;w=1800&#038;ssl=1 1800w,https:\/\/i0.wp.com\/www.fetz-racing.de\/wordpress\/wp-content\/uploads\/2023\/07\/Marco23_Dino-Eisele-1024x683.jpg?strip=info&#038;w=2000&#038;ssl=1 2000w\" alt=\"\" data-height=\"1366\" data-id=\"5364\" data-link=\"https:\/\/www.fetz-racing.de\/wordpress\/?attachment_id=5364\" data-url=\"https:\/\/www.fetz-racing.de\/wordpress\/wp-content\/uploads\/2023\/07\/Marco23_Dino-Eisele-1024x683.jpg\" data-width=\"2048\" src=\"https:\/\/i0.wp.com\/www.fetz-racing.de\/wordpress\/wp-content\/uploads\/2023\/07\/Marco23_Dino-Eisele-1024x683.jpg?ssl=1\" data-amp-layout=\"responsive\"\/><\/figure><\/div><div class=\"tiled-gallery__col\" style=\"flex-basis:50.00000%\"><figure class=\"tiled-gallery__item\"><img decoding=\"async\" data-attachment-id=\"5366\" data-permalink=\"https:\/\/www.fetz-racing.de\/wordpress\/?attachment_id=5366\" data-orig-file=\"https:\/\/i0.wp.com\/www.fetz-racing.de\/wordpress\/wp-content\/uploads\/2023\/07\/PMNP_Dino-Eisele.jpg?fit=2048%2C1366&amp;ssl=1\" data-orig-size=\"2048,1366\" data-comments-opened=\"1\" data-image-meta=\"{&quot;aperture&quot;:&quot;0&quot;,&quot;credit&quot;:&quot;&quot;,&quot;camera&quot;:&quot;&quot;,&quot;caption&quot;:&quot;&quot;,&quot;created_timestamp&quot;:&quot;0&quot;,&quot;copyright&quot;:&quot;&quot;,&quot;focal_length&quot;:&quot;0&quot;,&quot;iso&quot;:&quot;0&quot;,&quot;shutter_speed&quot;:&quot;0&quot;,&quot;title&quot;:&quot;&quot;,&quot;orientation&quot;:&quot;1&quot;}\" data-image-title=\"PMNP_Dino-Eisele\" data-image-description=\"\" data-image-caption=\"\" data-large-file=\"https:\/\/i0.wp.com\/www.fetz-racing.de\/wordpress\/wp-content\/uploads\/2023\/07\/PMNP_Dino-Eisele.jpg?fit=770%2C514&amp;ssl=1\" data-attachment-id=\"5366\" data-permalink=\"https:\/\/www.fetz-racing.de\/wordpress\/?attachment_id=5366\" data-orig-file=\"https:\/\/i0.wp.com\/www.fetz-racing.de\/wordpress\/wp-content\/uploads\/2023\/07\/PMNP_Dino-Eisele.jpg?fit=2048%2C1366&amp;ssl=1\" data-orig-size=\"2048,1366\" data-comments-opened=\"1\" data-image-meta=\"{&quot;aperture&quot;:&quot;0&quot;,&quot;credit&quot;:&quot;&quot;,&quot;camera&quot;:&quot;&quot;,&quot;caption&quot;:&quot;&quot;,&quot;created_timestamp&quot;:&quot;0&quot;,&quot;copyright&quot;:&quot;&quot;,&quot;focal_length&quot;:&quot;0&quot;,&quot;iso&quot;:&quot;0&quot;,&quot;shutter_speed&quot;:&quot;0&quot;,&quot;title&quot;:&quot;&quot;,&quot;orientation&quot;:&quot;1&quot;}\" data-image-title=\"PMNP_Dino-Eisele\" data-image-description=\"\" data-image-caption=\"\" data-large-file=\"https:\/\/i0.wp.com\/www.fetz-racing.de\/wordpress\/wp-content\/uploads\/2023\/07\/PMNP_Dino-Eisele.jpg?fit=770%2C514&amp;ssl=1\" role=\"button\" tabindex=\"0\" aria-label=\"Bild\u00a02 von 2 im Vollbildmodus \u00f6ffnen\"srcset=\"https:\/\/i1.wp.com\/www.fetz-racing.de\/wordpress\/wp-content\/uploads\/2023\/07\/PMNP_Dino-Eisele-1024x683.jpg?strip=info&#038;w=600&#038;ssl=1 600w,https:\/\/i1.wp.com\/www.fetz-racing.de\/wordpress\/wp-content\/uploads\/2023\/07\/PMNP_Dino-Eisele-1024x683.jpg?strip=info&#038;w=900&#038;ssl=1 900w,https:\/\/i1.wp.com\/www.fetz-racing.de\/wordpress\/wp-content\/uploads\/2023\/07\/PMNP_Dino-Eisele-1024x683.jpg?strip=info&#038;w=1200&#038;ssl=1 1200w,https:\/\/i1.wp.com\/www.fetz-racing.de\/wordpress\/wp-content\/uploads\/2023\/07\/PMNP_Dino-Eisele-1024x683.jpg?strip=info&#038;w=1500&#038;ssl=1 1500w,https:\/\/i1.wp.com\/www.fetz-racing.de\/wordpress\/wp-content\/uploads\/2023\/07\/PMNP_Dino-Eisele-1024x683.jpg?strip=info&#038;w=1800&#038;ssl=1 1800w,https:\/\/i1.wp.com\/www.fetz-racing.de\/wordpress\/wp-content\/uploads\/2023\/07\/PMNP_Dino-Eisele-1024x683.jpg?strip=info&#038;w=2000&#038;ssl=1 2000w\" alt=\"\" data-height=\"1366\" data-id=\"5366\" data-link=\"https:\/\/www.fetz-racing.de\/wordpress\/?attachment_id=5366\" data-url=\"https:\/\/www.fetz-racing.de\/wordpress\/wp-content\/uploads\/2023\/07\/PMNP_Dino-Eisele-1024x683.jpg\" data-width=\"2048\" src=\"https:\/\/i1.wp.com\/www.fetz-racing.de\/wordpress\/wp-content\/uploads\/2023\/07\/PMNP_Dino-Eisele-1024x683.jpg?ssl=1\" data-amp-layout=\"responsive\"\/><\/figure><\/div><\/div><\/div><\/div>\n","protected":false},"excerpt":{"rendered":"<p>Hallo Zusammen,&nbsp;wir hoffen bei euch ist alles soweit o.k. und euch geht&#8217;s gut! &nbsp; Hier eine kleine Info von Marcos Genesung:Mit Marcos Brustwirbel wird es immer besser und die entsprechende&nbsp;Physio und Training klappt auch ganz gut.Bisher war er 2x bei der R\u00f6ntgenkontrolle und es sieht entsprechend gut aus!Wir waren dieses\u2026 <a class=\"continue-reading-link\" href=\"https:\/\/www.fetz-racing.de\/wordpress\/?p=5361\">Weiterlesen<\/a><\/p>\n","protected":false},"author":1,"featured_media":0,"comment_status":"closed","ping_status":"closed","sticky":false,"template":"","format":"standard","meta":{"ngg_post_thumbnail":0,"jetpack_post_was_ever_published":false,"_jetpack_newsletter_access":"","_jetpack_dont_email_post_to_subs":false,"_jetpack_newsletter_tier_id":0,"_jetpack_memberships_contains_paywalled_content":false,"_jetpack_memberships_contains_paid_content":false,"footnotes":"","jetpack_publicize_message":"","jetpack_publicize_feature_enabled":true,"jetpack_social_post_already_shared":true,"jetpack_social_options":{"image_generator_settings":{"template":"highway","default_image_id":0,"font":"","enabled":false},"version":2}},"categories":[1],"tags":[],"class_list":["post-5361","post","type-post","status-publish","format-standard","hentry","category-allgemein"],"jetpack_publicize_connections":[],"jetpack_featured_media_url":"","jetpack_sharing_enabled":true,"jetpack_shortlink":"https:\/\/wp.me\/p8UkLO-1ot","jetpack-related-posts":[],"_links":{"self":[{"href":"https:\/\/www.fetz-racing.de\/wordpress\/index.php?rest_route=\/wp\/v2\/posts\/5361","targetHints":{"allow":["GET"]}}],"collection":[{"href":"https:\/\/www.fetz-racing.de\/wordpress\/index.php?rest_route=\/wp\/v2\/posts"}],"about":[{"href":"https:\/\/www.fetz-racing.de\/wordpress\/index.php?rest_route=\/wp\/v2\/types\/post"}],"author":[{"embeddable":true,"href":"https:\/\/www.fetz-racing.de\/wordpress\/index.php?rest_route=\/wp\/v2\/users\/1"}],"replies":[{"embeddable":true,"href":"https:\/\/www.fetz-racing.de\/wordpress\/index.php?rest_route=%2Fwp%2Fv2%2Fcomments&post=5361"}],"version-history":[{"count":4,"href":"https:\/\/www.fetz-racing.de\/wordpress\/index.php?rest_route=\/wp\/v2\/posts\/5361\/revisions"}],"predecessor-version":[{"id":5367,"href":"https:\/\/www.fetz-racing.de\/wordpress\/index.php?rest_route=\/wp\/v2\/posts\/5361\/revisions\/5367"}],"wp:attachment":[{"href":"https:\/\/www.fetz-racing.de\/wordpress\/index.php?rest_route=%2Fwp%2Fv2%2Fmedia&parent=5361"}],"wp:term":[{"taxonomy":"category","embeddable":true,"href":"https:\/\/www.fetz-racing.de\/wordpress\/index.php?rest_route=%2Fwp%2Fv2%2Fcategories&post=5361"},{"taxonomy":"post_tag","embeddable":true,"href":"https:\/\/www.fetz-racing.de\/wordpress\/index.php?rest_route=%2Fwp%2Fv2%2Ftags&post=5361"}],"curies":[{"name":"wp","href":"https:\/\/api.w.org\/{rel}","templated":true}]}}