{"id":5351,"date":"2023-06-07T10:28:42","date_gmt":"2023-06-07T09:28:42","guid":{"rendered":"https:\/\/www.fetz-racing.de\/wordpress\/?p=5351"},"modified":"2023-06-07T10:36:19","modified_gmt":"2023-06-07T09:36:19","slug":"oschersleben-nicht-nach-plan","status":"publish","type":"post","link":"https:\/\/www.fetz-racing.de\/wordpress\/?p=5351","title":{"rendered":"Oschersleben nicht nach Plan"},"content":{"rendered":"\n<p>Hallo Leute,&nbsp;<\/p>\n\n\n\n<p>unser&nbsp;zweites IDM-Wochenende, letztes Wochenende in Oschersleben, ist leider nicht ganz nach Plan verlaufen!<\/p>\n\n\n\n<p>Am Donnerstagabend waren alle Vorbereitungen erledigt und wir freuten uns auf den Freitag.<br>In den freien Trainings gab es wieder viel Abstimmungsarbeit und Marco lag am Ende auf P16.<br>Samstagvormittag folgte Q1.\u00a0Es ging weiter mit Abstimmung und kleinen \u00c4nderungen.\u00a0<\/p>\n\n\n\n<p>Nachmittag stand Q2 auf dem Plan.\u00a0Marco f\u00fchlte sich ganz gut und konnte seine Zeit auch weiter verbessern.<br>Aber dann hatte Marco in seiner Runde als er in die Box kommen wollte einen Highsider und landete auf dem R\u00fccken.<\/p>\n\n\n\n<p>Er kam vom Medical Center aus direkt in die Klinik,&nbsp;wurde durchgecheckt und es wurde festgestellt, dass er hat sich den 5. Brustwirbel angebrochen hat.&nbsp;&nbsp;<\/p>\n\n\n\n<p>Die Gesundheit hat Vorrang&nbsp;und es wird Zeit brauchen bis er wieder fit ist.&nbsp;<\/p>\n\n\n\n<p>Leider wird es f\u00fcr Marco nichts mit der\u00a0EWC 24h von Spa, vom 17.-18.06.2023.<br>Ebenso werden wir die IDM-Veranstaltungen in Most und Schleiz auslassen.\u00a0<\/p>\n\n\n\n<p>Hier noch Marcos Post:\u00a0<\/p>\n\n\n\n<p><mark style=\"background-color:rgba(0, 0, 0, 0)\" class=\"has-inline-color has-vivid-cyan-blue-color\">Tzja was soll ich sagen. Leider bin ich gestern im zweiten Qualifying in Oschersleben gest\u00fcrzt und hab mir hierbei den 5. Brustwirbel angebrochen. Danke ans Medical Team f\u00fcr die tolle Versorgung! Leider wird es jetzt wieder einige Zeit dauern aber an erster Stelle steht jetzt erst wieder das ich zu 100% gesund werde! Vielen Dank an mein Team f\u00fcr die top Arbeit, an meine Familie die immer f\u00fcr mich da sind und an alle Sponsoren die mich immer unterst\u00fctzt haben!? Danke auch an alle f\u00fcr die Genesungsw\u00fcnsche! Bis bald!\u270c\ufe0f<\/mark><\/p>\n\n\n\n<p><\/p>\n\n\n\n<p>Wir, das ganze Team, hoffen auf eine gute Genesung f\u00fcr Marco und&nbsp;Danke f\u00fcr die vielen&nbsp;Genesungsw\u00fcnsche!&nbsp;<\/p>\n\n\n\n<p>Weitere Infos folgen und wir stehen Euch f\u00fcr Fragen wie immer gerne zur Verf\u00fcgung&nbsp;!&nbsp;<\/p>\n\n\n\n<figure class=\"wp-block-image size-large is-resized\"><a href=\"https:\/\/i0.wp.com\/www.fetz-racing.de\/wordpress\/wp-content\/uploads\/2023\/06\/Marco_O-Leben_-Dino-Eisele.jpg?ssl=1\"><img data-recalc-dims=\"1\" loading=\"lazy\" decoding=\"async\" data-attachment-id=\"5356\" data-permalink=\"https:\/\/www.fetz-racing.de\/wordpress\/?attachment_id=5356\" data-orig-file=\"https:\/\/i0.wp.com\/www.fetz-racing.de\/wordpress\/wp-content\/uploads\/2023\/06\/Marco_O-Leben_-Dino-Eisele.jpg?fit=1813%2C1265&amp;ssl=1\" data-orig-size=\"1813,1265\" data-comments-opened=\"1\" data-image-meta=\"{&quot;aperture&quot;:&quot;0&quot;,&quot;credit&quot;:&quot;&quot;,&quot;camera&quot;:&quot;&quot;,&quot;caption&quot;:&quot;&quot;,&quot;created_timestamp&quot;:&quot;1686083262&quot;,&quot;copyright&quot;:&quot;&quot;,&quot;focal_length&quot;:&quot;0&quot;,&quot;iso&quot;:&quot;0&quot;,&quot;shutter_speed&quot;:&quot;0&quot;,&quot;title&quot;:&quot;&quot;,&quot;orientation&quot;:&quot;1&quot;}\" data-image-title=\"Marco_O-Leben_ Dino Eisele\" data-image-description=\"\" data-image-caption=\"\" data-large-file=\"https:\/\/i0.wp.com\/www.fetz-racing.de\/wordpress\/wp-content\/uploads\/2023\/06\/Marco_O-Leben_-Dino-Eisele.jpg?fit=770%2C537&amp;ssl=1\" src=\"https:\/\/i0.wp.com\/www.fetz-racing.de\/wordpress\/wp-content\/uploads\/2023\/06\/Marco_O-Leben_-Dino-Eisele-1024x714.jpg?resize=585%2C407&#038;ssl=1\" alt=\"\" class=\"wp-image-5356\" width=\"585\" height=\"407\" srcset=\"https:\/\/i0.wp.com\/www.fetz-racing.de\/wordpress\/wp-content\/uploads\/2023\/06\/Marco_O-Leben_-Dino-Eisele.jpg?resize=1024%2C714&amp;ssl=1 1024w, https:\/\/i0.wp.com\/www.fetz-racing.de\/wordpress\/wp-content\/uploads\/2023\/06\/Marco_O-Leben_-Dino-Eisele.jpg?resize=300%2C209&amp;ssl=1 300w, https:\/\/i0.wp.com\/www.fetz-racing.de\/wordpress\/wp-content\/uploads\/2023\/06\/Marco_O-Leben_-Dino-Eisele.jpg?resize=768%2C536&amp;ssl=1 768w, https:\/\/i0.wp.com\/www.fetz-racing.de\/wordpress\/wp-content\/uploads\/2023\/06\/Marco_O-Leben_-Dino-Eisele.jpg?resize=1536%2C1072&amp;ssl=1 1536w, https:\/\/i0.wp.com\/www.fetz-racing.de\/wordpress\/wp-content\/uploads\/2023\/06\/Marco_O-Leben_-Dino-Eisele.jpg?resize=215%2C150&amp;ssl=1 215w, https:\/\/i0.wp.com\/www.fetz-racing.de\/wordpress\/wp-content\/uploads\/2023\/06\/Marco_O-Leben_-Dino-Eisele.jpg?resize=150%2C105&amp;ssl=1 150w, https:\/\/i0.wp.com\/www.fetz-racing.de\/wordpress\/wp-content\/uploads\/2023\/06\/Marco_O-Leben_-Dino-Eisele.jpg?w=1813&amp;ssl=1 1813w\" sizes=\"auto, (max-width: 585px) 100vw, 585px\" \/><\/a><\/figure>\n","protected":false},"excerpt":{"rendered":"<p>Hallo Leute,&nbsp; unser&nbsp;zweites IDM-Wochenende, letztes Wochenende in Oschersleben, ist leider nicht ganz nach Plan verlaufen! Am Donnerstagabend waren alle Vorbereitungen erledigt und wir freuten uns auf den Freitag.In den freien Trainings gab es wieder viel Abstimmungsarbeit und Marco lag am Ende auf P16.Samstagvormittag folgte Q1.\u00a0Es ging weiter mit Abstimmung und\u2026 <a class=\"continue-reading-link\" href=\"https:\/\/www.fetz-racing.de\/wordpress\/?p=5351\">Weiterlesen<\/a><\/p>\n","protected":false},"author":1,"featured_media":0,"comment_status":"closed","ping_status":"closed","sticky":false,"template":"","format":"standard","meta":{"ngg_post_thumbnail":0,"jetpack_post_was_ever_published":false,"_jetpack_newsletter_access":"","_jetpack_dont_email_post_to_subs":false,"_jetpack_newsletter_tier_id":0,"_jetpack_memberships_contains_paywalled_content":false,"_jetpack_memberships_contains_paid_content":false,"footnotes":"","jetpack_publicize_message":"","jetpack_publicize_feature_enabled":true,"jetpack_social_post_already_shared":true,"jetpack_social_options":{"image_generator_settings":{"template":"highway","default_image_id":0,"font":"","enabled":false},"version":2}},"categories":[79],"tags":[],"class_list":["post-5351","post","type-post","status-publish","format-standard","hentry","category-rennen-2023"],"jetpack_publicize_connections":[],"jetpack_featured_media_url":"","jetpack_sharing_enabled":true,"jetpack_shortlink":"https:\/\/wp.me\/p8UkLO-1oj","jetpack-related-posts":[],"_links":{"self":[{"href":"https:\/\/www.fetz-racing.de\/wordpress\/index.php?rest_route=\/wp\/v2\/posts\/5351","targetHints":{"allow":["GET"]}}],"collection":[{"href":"https:\/\/www.fetz-racing.de\/wordpress\/index.php?rest_route=\/wp\/v2\/posts"}],"about":[{"href":"https:\/\/www.fetz-racing.de\/wordpress\/index.php?rest_route=\/wp\/v2\/types\/post"}],"author":[{"embeddable":true,"href":"https:\/\/www.fetz-racing.de\/wordpress\/index.php?rest_route=\/wp\/v2\/users\/1"}],"replies":[{"embeddable":true,"href":"https:\/\/www.fetz-racing.de\/wordpress\/index.php?rest_route=%2Fwp%2Fv2%2Fcomments&post=5351"}],"version-history":[{"count":5,"href":"https:\/\/www.fetz-racing.de\/wordpress\/index.php?rest_route=\/wp\/v2\/posts\/5351\/revisions"}],"predecessor-version":[{"id":5358,"href":"https:\/\/www.fetz-racing.de\/wordpress\/index.php?rest_route=\/wp\/v2\/posts\/5351\/revisions\/5358"}],"wp:attachment":[{"href":"https:\/\/www.fetz-racing.de\/wordpress\/index.php?rest_route=%2Fwp%2Fv2%2Fmedia&parent=5351"}],"wp:term":[{"taxonomy":"category","embeddable":true,"href":"https:\/\/www.fetz-racing.de\/wordpress\/index.php?rest_route=%2Fwp%2Fv2%2Fcategories&post=5351"},{"taxonomy":"post_tag","embeddable":true,"href":"https:\/\/www.fetz-racing.de\/wordpress\/index.php?rest_route=%2Fwp%2Fv2%2Ftags&post=5351"}],"curies":[{"name":"wp","href":"https:\/\/api.w.org\/{rel}","templated":true}]}}