{"id":5312,"date":"2023-05-21T18:47:44","date_gmt":"2023-05-21T17:47:44","guid":{"rendered":"https:\/\/www.fetz-racing.de\/wordpress\/?p=5312"},"modified":"2023-05-21T18:49:09","modified_gmt":"2023-05-21T17:49:09","slug":"team-mf-racing-powered-by-jung","status":"publish","type":"post","link":"https:\/\/www.fetz-racing.de\/wordpress\/?p=5312","title":{"rendered":"Team &#8222;MF-Racing powered by Jung&#8220;"},"content":{"rendered":"\n<div>\n<div>\n<div>\n<div>\n<div>Hallo Leute,&nbsp;<br><br><\/div>\n<div>\n<div>hier ein kleiner Nachtrag: <\/div>\n<div>&nbsp;<\/div>\n<div>Anbei Marcos ehemalige Wilbers BMW im Design 2023.&nbsp;<\/div>\n<div>&nbsp;<\/div>\n<div>Und ein Bild vom Team &#8222;MF-Racing powered <strong>by Jung<\/strong>&#8220; Sachsenring.&nbsp;<\/div>\n<div>Marion Fetz&nbsp;<\/div>\n<div>G\u00fcnter Fetz<\/div>\n<div>Marco Fetz&nbsp;<\/div>\n<div>Peter Schwellenbach<\/div>\n<div>Patrick Butz<\/div>\n<div>(v.l.)<\/div>\n<div>&nbsp;<\/div>\n<div>Ein herzliches Dankesch\u00f6n geht nochmal an alle Sponsoren, Unterst\u00fctzer und Helfer, denn ohne Euch w\u00e4re das nicht m\u00f6glich !!&nbsp;<\/div>\n<div>&nbsp;<\/div>\n<div>Und <strong>Timo Jung<\/strong> als Team-Namensgeber, der am Sachsenring mit vor Ort war.<\/div>\n<div>&nbsp;<\/div>\n<div>F\u00fcr Fragen stehen wir euch jederzeit gerne zur Verf\u00fcgung.&nbsp;<\/div>\n<div>&nbsp;<\/div>\n<\/div>\n<\/div>\n<\/div>\n<\/div>\n<\/div>\n\n\n\n<figure class=\"wp-block-gallery has-nested-images columns-default is-cropped wp-block-gallery-1 is-layout-flex wp-block-gallery-is-layout-flex\">\n<figure class=\"wp-block-image size-large\"><a href=\"https:\/\/i0.wp.com\/www.fetz-racing.de\/wordpress\/wp-content\/uploads\/2023\/05\/IDM_2023_Marco_Fetz_68.jpg?ssl=1\"><img data-recalc-dims=\"1\" loading=\"lazy\" decoding=\"async\" width=\"770\" height=\"514\" data-attachment-id=\"5307\" data-permalink=\"https:\/\/www.fetz-racing.de\/wordpress\/?attachment_id=5307\" data-orig-file=\"https:\/\/i0.wp.com\/www.fetz-racing.de\/wordpress\/wp-content\/uploads\/2023\/05\/IDM_2023_Marco_Fetz_68.jpg?fit=1500%2C1000&amp;ssl=1\" data-orig-size=\"1500,1000\" data-comments-opened=\"1\" data-image-meta=\"{&quot;aperture&quot;:&quot;0&quot;,&quot;credit&quot;:&quot;&quot;,&quot;camera&quot;:&quot;&quot;,&quot;caption&quot;:&quot;&quot;,&quot;created_timestamp&quot;:&quot;1683916932&quot;,&quot;copyright&quot;:&quot;&quot;,&quot;focal_length&quot;:&quot;0&quot;,&quot;iso&quot;:&quot;0&quot;,&quot;shutter_speed&quot;:&quot;0&quot;,&quot;title&quot;:&quot;&quot;,&quot;orientation&quot;:&quot;0&quot;}\" data-image-title=\"IDM_2023_Marco_Fetz_68\" data-image-description=\"\" data-image-caption=\"\" data-large-file=\"https:\/\/i0.wp.com\/www.fetz-racing.de\/wordpress\/wp-content\/uploads\/2023\/05\/IDM_2023_Marco_Fetz_68.jpg?fit=770%2C514&amp;ssl=1\" data-id=\"5307\" src=\"https:\/\/i0.wp.com\/www.fetz-racing.de\/wordpress\/wp-content\/uploads\/2023\/05\/IDM_2023_Marco_Fetz_68.jpg?resize=770%2C514&#038;ssl=1\" alt=\"\" class=\"wp-image-5307\" srcset=\"https:\/\/i0.wp.com\/www.fetz-racing.de\/wordpress\/wp-content\/uploads\/2023\/05\/IDM_2023_Marco_Fetz_68.jpg?resize=1024%2C683&amp;ssl=1 1024w, https:\/\/i0.wp.com\/www.fetz-racing.de\/wordpress\/wp-content\/uploads\/2023\/05\/IDM_2023_Marco_Fetz_68.jpg?resize=300%2C200&amp;ssl=1 300w, https:\/\/i0.wp.com\/www.fetz-racing.de\/wordpress\/wp-content\/uploads\/2023\/05\/IDM_2023_Marco_Fetz_68.jpg?resize=768%2C512&amp;ssl=1 768w, https:\/\/i0.wp.com\/www.fetz-racing.de\/wordpress\/wp-content\/uploads\/2023\/05\/IDM_2023_Marco_Fetz_68.jpg?resize=225%2C150&amp;ssl=1 225w, https:\/\/i0.wp.com\/www.fetz-racing.de\/wordpress\/wp-content\/uploads\/2023\/05\/IDM_2023_Marco_Fetz_68.jpg?resize=150%2C100&amp;ssl=1 150w, https:\/\/i0.wp.com\/www.fetz-racing.de\/wordpress\/wp-content\/uploads\/2023\/05\/IDM_2023_Marco_Fetz_68.jpg?w=1500&amp;ssl=1 1500w\" sizes=\"auto, (max-width: 770px) 100vw, 770px\" \/><\/a><\/figure>\n\n\n\n<figure class=\"wp-block-image size-large\"><a href=\"https:\/\/i0.wp.com\/www.fetz-racing.de\/wordpress\/wp-content\/uploads\/2023\/05\/IDM_2023_MF-Racing-Team-powered-by-Jung.jpg?ssl=1\"><img data-recalc-dims=\"1\" loading=\"lazy\" decoding=\"async\" width=\"770\" height=\"514\" data-attachment-id=\"5308\" data-permalink=\"https:\/\/www.fetz-racing.de\/wordpress\/?attachment_id=5308\" data-orig-file=\"https:\/\/i0.wp.com\/www.fetz-racing.de\/wordpress\/wp-content\/uploads\/2023\/05\/IDM_2023_MF-Racing-Team-powered-by-Jung.jpg?fit=1500%2C1000&amp;ssl=1\" data-orig-size=\"1500,1000\" data-comments-opened=\"1\" data-image-meta=\"{&quot;aperture&quot;:&quot;0&quot;,&quot;credit&quot;:&quot;&quot;,&quot;camera&quot;:&quot;&quot;,&quot;caption&quot;:&quot;&quot;,&quot;created_timestamp&quot;:&quot;1683916769&quot;,&quot;copyright&quot;:&quot;&quot;,&quot;focal_length&quot;:&quot;0&quot;,&quot;iso&quot;:&quot;0&quot;,&quot;shutter_speed&quot;:&quot;0&quot;,&quot;title&quot;:&quot;&quot;,&quot;orientation&quot;:&quot;0&quot;}\" data-image-title=\"IDM_2023_MF-Racing Team powered by Jung\" data-image-description=\"\" data-image-caption=\"\" data-large-file=\"https:\/\/i0.wp.com\/www.fetz-racing.de\/wordpress\/wp-content\/uploads\/2023\/05\/IDM_2023_MF-Racing-Team-powered-by-Jung.jpg?fit=770%2C514&amp;ssl=1\" data-id=\"5308\" src=\"https:\/\/i0.wp.com\/www.fetz-racing.de\/wordpress\/wp-content\/uploads\/2023\/05\/IDM_2023_MF-Racing-Team-powered-by-Jung.jpg?resize=770%2C514&#038;ssl=1\" alt=\"\" class=\"wp-image-5308\" srcset=\"https:\/\/i0.wp.com\/www.fetz-racing.de\/wordpress\/wp-content\/uploads\/2023\/05\/IDM_2023_MF-Racing-Team-powered-by-Jung.jpg?resize=1024%2C683&amp;ssl=1 1024w, https:\/\/i0.wp.com\/www.fetz-racing.de\/wordpress\/wp-content\/uploads\/2023\/05\/IDM_2023_MF-Racing-Team-powered-by-Jung.jpg?resize=300%2C200&amp;ssl=1 300w, https:\/\/i0.wp.com\/www.fetz-racing.de\/wordpress\/wp-content\/uploads\/2023\/05\/IDM_2023_MF-Racing-Team-powered-by-Jung.jpg?resize=768%2C512&amp;ssl=1 768w, https:\/\/i0.wp.com\/www.fetz-racing.de\/wordpress\/wp-content\/uploads\/2023\/05\/IDM_2023_MF-Racing-Team-powered-by-Jung.jpg?resize=225%2C150&amp;ssl=1 225w, https:\/\/i0.wp.com\/www.fetz-racing.de\/wordpress\/wp-content\/uploads\/2023\/05\/IDM_2023_MF-Racing-Team-powered-by-Jung.jpg?resize=150%2C100&amp;ssl=1 150w, https:\/\/i0.wp.com\/www.fetz-racing.de\/wordpress\/wp-content\/uploads\/2023\/05\/IDM_2023_MF-Racing-Team-powered-by-Jung.jpg?w=1500&amp;ssl=1 1500w\" sizes=\"auto, (max-width: 770px) 100vw, 770px\" \/><\/a><\/figure>\n<\/figure>\n","protected":false},"excerpt":{"rendered":"<p>Hallo Leute,&nbsp; hier ein kleiner Nachtrag: &nbsp; Anbei Marcos ehemalige Wilbers BMW im Design 2023.&nbsp; &nbsp; Und ein Bild vom Team &#8222;MF-Racing powered by Jung&#8220; Sachsenring.&nbsp; Marion Fetz&nbsp; G\u00fcnter Fetz Marco Fetz&nbsp; Peter Schwellenbach Patrick Butz (v.l.) &nbsp; Ein herzliches Dankesch\u00f6n geht nochmal an alle Sponsoren, Unterst\u00fctzer und Helfer, denn\u2026 <a class=\"continue-reading-link\" href=\"https:\/\/www.fetz-racing.de\/wordpress\/?p=5312\">Weiterlesen<\/a><\/p>\n","protected":false},"author":1,"featured_media":0,"comment_status":"closed","ping_status":"closed","sticky":false,"template":"","format":"standard","meta":{"ngg_post_thumbnail":0,"jetpack_post_was_ever_published":false,"_jetpack_newsletter_access":"","_jetpack_dont_email_post_to_subs":false,"_jetpack_newsletter_tier_id":0,"_jetpack_memberships_contains_paywalled_content":false,"_jetpack_memberships_contains_paid_content":false,"footnotes":"","jetpack_publicize_message":"","jetpack_publicize_feature_enabled":true,"jetpack_social_post_already_shared":true,"jetpack_social_options":{"image_generator_settings":{"template":"highway","default_image_id":0,"font":"","enabled":false},"version":2}},"categories":[1],"tags":[],"class_list":["post-5312","post","type-post","status-publish","format-standard","hentry","category-allgemein"],"jetpack_publicize_connections":[],"jetpack_featured_media_url":"","jetpack_sharing_enabled":true,"jetpack_shortlink":"https:\/\/wp.me\/p8UkLO-1nG","jetpack-related-posts":[],"_links":{"self":[{"href":"https:\/\/www.fetz-racing.de\/wordpress\/index.php?rest_route=\/wp\/v2\/posts\/5312","targetHints":{"allow":["GET"]}}],"collection":[{"href":"https:\/\/www.fetz-racing.de\/wordpress\/index.php?rest_route=\/wp\/v2\/posts"}],"about":[{"href":"https:\/\/www.fetz-racing.de\/wordpress\/index.php?rest_route=\/wp\/v2\/types\/post"}],"author":[{"embeddable":true,"href":"https:\/\/www.fetz-racing.de\/wordpress\/index.php?rest_route=\/wp\/v2\/users\/1"}],"replies":[{"embeddable":true,"href":"https:\/\/www.fetz-racing.de\/wordpress\/index.php?rest_route=%2Fwp%2Fv2%2Fcomments&post=5312"}],"version-history":[{"count":4,"href":"https:\/\/www.fetz-racing.de\/wordpress\/index.php?rest_route=\/wp\/v2\/posts\/5312\/revisions"}],"predecessor-version":[{"id":5316,"href":"https:\/\/www.fetz-racing.de\/wordpress\/index.php?rest_route=\/wp\/v2\/posts\/5312\/revisions\/5316"}],"wp:attachment":[{"href":"https:\/\/www.fetz-racing.de\/wordpress\/index.php?rest_route=%2Fwp%2Fv2%2Fmedia&parent=5312"}],"wp:term":[{"taxonomy":"category","embeddable":true,"href":"https:\/\/www.fetz-racing.de\/wordpress\/index.php?rest_route=%2Fwp%2Fv2%2Fcategories&post=5312"},{"taxonomy":"post_tag","embeddable":true,"href":"https:\/\/www.fetz-racing.de\/wordpress\/index.php?rest_route=%2Fwp%2Fv2%2Ftags&post=5312"}],"curies":[{"name":"wp","href":"https:\/\/api.w.org\/{rel}","templated":true}]}}