{"id":5157,"date":"2022-08-16T08:00:56","date_gmt":"2022-08-16T07:00:56","guid":{"rendered":"https:\/\/www.fetz-racing.de\/wordpress\/?p=5157"},"modified":"2022-09-17T15:09:39","modified_gmt":"2022-09-17T14:09:39","slug":"erneute-op-in-murnau","status":"publish","type":"post","link":"https:\/\/www.fetz-racing.de\/wordpress\/?p=5157","title":{"rendered":"Erneute OP in Murnau"},"content":{"rendered":"\n<div>\n<div>\n<div>Hallo Motorsportfreunde,&nbsp;<\/div>\n<div>&nbsp;<\/div>\n<div>vor genau einem Jahr hatte Marco seinen Unfall in Assen und fehlt seitdem bei der IDM und arbeitet immer noch an seiner Genesung. Es gibt aber gute Neuigkeiten:&nbsp;&nbsp;<\/div>\n<div>&nbsp;<\/div>\n<div>Mit Marcos Worten:<\/div>\n<div>&nbsp;<\/div>\n<blockquote>\n<div>Hallo Leute, nach langer Zeit gibt\u00b4s auch von mir mal wieder Neuigkeiten.\u270c\ufe0f<\/div>\n<div>&nbsp;<\/div>\n<div>Da mein Heilungsprozess leider nicht wie geplant verlief musste ich mich leider einer erneuten Operation unterziehen. Hierzu entschieden wir uns in die BG Unfallklinik nach Murnau zu gehen!<\/div>\n<div>&nbsp;<\/div>\n<div>Dank Herr Dr. von R\u00fcden und dem super Team konnte ich bereits am Mittwoch erneut operiert werden! Es lief alles soweit nach Plan, ich bin auf dem Weg der Besserung und seit heute wieder Zuhause!<\/div>\n<div>&nbsp;<\/div>\n<div>F\u00fcr mich steht jetzt noch ein bisschen Ruhe an, bevor ich wieder mit dem Physio loslegen darf!<br><br>Mein Ziel ist es weiterhin n\u00e4chstes Jahr wieder bei der Internationalen Deutschen Motorradmeisterschaft &#8211; IDM mit dem Wilbers BMW Racing Team an den Start zu gehen!<br>Danke an Alle die hinter mir stehen und mich in dieser Zeit unterst\u00fctzen!<\/div>\n<div><br>Marco#6<\/div>\n<\/blockquote>\n<div>&nbsp;<\/div>\n<div>Marco wurde am Mittwoch, 03.08.22, in Murnau von Herr Dr. v.&nbsp;R\u00fcden operiert.<\/div>\n<div>Die OP verlief dank H. Dr. v. R\u00fcden und seinem super Team prima und Marco&nbsp;konnte bereits am Samstag, den 06.08.22, wieder nach Hause!<br><br>Marco f\u00fchlt sich gut und wir freuen uns schon wenn er wieder mit leichtem Training anfangen darf und sind sehr positiv gestimmt!<\/div>\n<div>&nbsp;<\/div>\n<div>Anbei noch ein paar Bilder und auch Presseberichte.&nbsp;<br><a href=\"https:\/\/www.speedweek.com\/idmsbk\/news\/196402\/Marco-Fetz-Neuer-Mark-Nagel-im-Oberschenkel.html\" target=\"_blank\" rel=\"noopener\">Marco Fetz: Neuer Mark-Nagel im Oberschenkel \/ IDM Superbike &#8211; SPEEDWEEK.COM<\/a><br><br>Mit motorsportlichen Gr\u00fc\u00dfen !<br><br>Marco #6<br>&amp; G\u00fcnter Fetz<\/div>\n<\/div>\n<\/div>\n\n\n\n<figure class=\"wp-block-gallery has-nested-images columns-default is-cropped wp-block-gallery-1 is-layout-flex wp-block-gallery-is-layout-flex\">\n<figure class=\"wp-block-image size-large\"><a href=\"https:\/\/i0.wp.com\/www.fetz-racing.de\/wordpress\/wp-content\/uploads\/2022\/09\/NL4_DrRueden_Marco_2.jpg?ssl=1\"><img data-recalc-dims=\"1\" loading=\"lazy\" decoding=\"async\" width=\"768\" height=\"1024\" data-attachment-id=\"5161\" data-permalink=\"https:\/\/www.fetz-racing.de\/wordpress\/?attachment_id=5161\" data-orig-file=\"https:\/\/i0.wp.com\/www.fetz-racing.de\/wordpress\/wp-content\/uploads\/2022\/09\/NL4_DrRueden_Marco_2.jpg?fit=900%2C1200&amp;ssl=1\" data-orig-size=\"900,1200\" data-comments-opened=\"1\" data-image-meta=\"{&quot;aperture&quot;:&quot;2.4&quot;,&quot;credit&quot;:&quot;&quot;,&quot;camera&quot;:&quot;iPhone 11&quot;,&quot;caption&quot;:&quot;&quot;,&quot;created_timestamp&quot;:&quot;1659515641&quot;,&quot;copyright&quot;:&quot;&quot;,&quot;focal_length&quot;:&quot;1.54&quot;,&quot;iso&quot;:&quot;125&quot;,&quot;shutter_speed&quot;:&quot;0.0082644628099174&quot;,&quot;title&quot;:&quot;&quot;,&quot;orientation&quot;:&quot;0&quot;}\" data-image-title=\"NL4_DrRueden_Marco_2\" data-image-description=\"\" data-image-caption=\"\" data-large-file=\"https:\/\/i0.wp.com\/www.fetz-racing.de\/wordpress\/wp-content\/uploads\/2022\/09\/NL4_DrRueden_Marco_2.jpg?fit=768%2C1024&amp;ssl=1\" data-id=\"5161\" src=\"https:\/\/i0.wp.com\/www.fetz-racing.de\/wordpress\/wp-content\/uploads\/2022\/09\/NL4_DrRueden_Marco_2.jpg?resize=768%2C1024&#038;ssl=1\" alt=\"\" class=\"wp-image-5161\" srcset=\"https:\/\/i0.wp.com\/www.fetz-racing.de\/wordpress\/wp-content\/uploads\/2022\/09\/NL4_DrRueden_Marco_2.jpg?resize=768%2C1024&amp;ssl=1 768w, https:\/\/i0.wp.com\/www.fetz-racing.de\/wordpress\/wp-content\/uploads\/2022\/09\/NL4_DrRueden_Marco_2.jpg?resize=225%2C300&amp;ssl=1 225w, https:\/\/i0.wp.com\/www.fetz-racing.de\/wordpress\/wp-content\/uploads\/2022\/09\/NL4_DrRueden_Marco_2.jpg?resize=113%2C150&amp;ssl=1 113w, https:\/\/i0.wp.com\/www.fetz-racing.de\/wordpress\/wp-content\/uploads\/2022\/09\/NL4_DrRueden_Marco_2.jpg?w=900&amp;ssl=1 900w\" sizes=\"auto, (max-width: 768px) 100vw, 768px\" \/><\/a><\/figure>\n\n\n\n<figure class=\"wp-block-image size-large\"><a href=\"https:\/\/i0.wp.com\/www.fetz-racing.de\/wordpress\/wp-content\/uploads\/2022\/09\/NL4_Marco_2.jpg?ssl=1\"><img data-recalc-dims=\"1\" loading=\"lazy\" decoding=\"async\" width=\"768\" height=\"1024\" data-attachment-id=\"5163\" data-permalink=\"https:\/\/www.fetz-racing.de\/wordpress\/?attachment_id=5163\" data-orig-file=\"https:\/\/i0.wp.com\/www.fetz-racing.de\/wordpress\/wp-content\/uploads\/2022\/09\/NL4_Marco_2.jpg?fit=900%2C1200&amp;ssl=1\" data-orig-size=\"900,1200\" data-comments-opened=\"1\" data-image-meta=\"{&quot;aperture&quot;:&quot;0&quot;,&quot;credit&quot;:&quot;&quot;,&quot;camera&quot;:&quot;&quot;,&quot;caption&quot;:&quot;&quot;,&quot;created_timestamp&quot;:&quot;1659805835&quot;,&quot;copyright&quot;:&quot;&quot;,&quot;focal_length&quot;:&quot;0&quot;,&quot;iso&quot;:&quot;0&quot;,&quot;shutter_speed&quot;:&quot;0&quot;,&quot;title&quot;:&quot;&quot;,&quot;orientation&quot;:&quot;0&quot;}\" data-image-title=\"NL4_Marco_2\" data-image-description=\"\" data-image-caption=\"\" data-large-file=\"https:\/\/i0.wp.com\/www.fetz-racing.de\/wordpress\/wp-content\/uploads\/2022\/09\/NL4_Marco_2.jpg?fit=768%2C1024&amp;ssl=1\" data-id=\"5163\" src=\"https:\/\/i0.wp.com\/www.fetz-racing.de\/wordpress\/wp-content\/uploads\/2022\/09\/NL4_Marco_2.jpg?resize=768%2C1024&#038;ssl=1\" alt=\"\" class=\"wp-image-5163\" srcset=\"https:\/\/i0.wp.com\/www.fetz-racing.de\/wordpress\/wp-content\/uploads\/2022\/09\/NL4_Marco_2.jpg?resize=768%2C1024&amp;ssl=1 768w, https:\/\/i0.wp.com\/www.fetz-racing.de\/wordpress\/wp-content\/uploads\/2022\/09\/NL4_Marco_2.jpg?resize=225%2C300&amp;ssl=1 225w, https:\/\/i0.wp.com\/www.fetz-racing.de\/wordpress\/wp-content\/uploads\/2022\/09\/NL4_Marco_2.jpg?resize=113%2C150&amp;ssl=1 113w, https:\/\/i0.wp.com\/www.fetz-racing.de\/wordpress\/wp-content\/uploads\/2022\/09\/NL4_Marco_2.jpg?w=900&amp;ssl=1 900w\" sizes=\"auto, (max-width: 768px) 100vw, 768px\" \/><\/a><\/figure>\n<\/figure>\n","protected":false},"excerpt":{"rendered":"<p>Hallo Motorsportfreunde,&nbsp; &nbsp; vor genau einem Jahr hatte Marco seinen Unfall in Assen und fehlt seitdem bei der IDM und arbeitet immer noch an seiner Genesung. Es gibt aber gute Neuigkeiten:&nbsp;&nbsp; &nbsp; Mit Marcos Worten: &nbsp; Hallo Leute, nach langer Zeit gibt\u00b4s auch von mir mal wieder Neuigkeiten.\u270c\ufe0f &nbsp; Da\u2026 <a class=\"continue-reading-link\" href=\"https:\/\/www.fetz-racing.de\/wordpress\/?p=5157\">Weiterlesen<\/a><\/p>\n","protected":false},"author":1,"featured_media":0,"comment_status":"closed","ping_status":"closed","sticky":false,"template":"","format":"standard","meta":{"ngg_post_thumbnail":0,"jetpack_post_was_ever_published":false,"_jetpack_newsletter_access":"","_jetpack_dont_email_post_to_subs":false,"_jetpack_newsletter_tier_id":0,"_jetpack_memberships_contains_paywalled_content":false,"_jetpack_memberships_contains_paid_content":false,"footnotes":"","jetpack_publicize_message":"","jetpack_publicize_feature_enabled":true,"jetpack_social_post_already_shared":true,"jetpack_social_options":{"image_generator_settings":{"template":"highway","default_image_id":0,"font":"","enabled":false},"version":2}},"categories":[1],"tags":[],"class_list":["post-5157","post","type-post","status-publish","format-standard","hentry","category-allgemein"],"jetpack_publicize_connections":[],"jetpack_featured_media_url":"","jetpack_sharing_enabled":true,"jetpack_shortlink":"https:\/\/wp.me\/p8UkLO-1lb","jetpack-related-posts":[],"_links":{"self":[{"href":"https:\/\/www.fetz-racing.de\/wordpress\/index.php?rest_route=\/wp\/v2\/posts\/5157","targetHints":{"allow":["GET"]}}],"collection":[{"href":"https:\/\/www.fetz-racing.de\/wordpress\/index.php?rest_route=\/wp\/v2\/posts"}],"about":[{"href":"https:\/\/www.fetz-racing.de\/wordpress\/index.php?rest_route=\/wp\/v2\/types\/post"}],"author":[{"embeddable":true,"href":"https:\/\/www.fetz-racing.de\/wordpress\/index.php?rest_route=\/wp\/v2\/users\/1"}],"replies":[{"embeddable":true,"href":"https:\/\/www.fetz-racing.de\/wordpress\/index.php?rest_route=%2Fwp%2Fv2%2Fcomments&post=5157"}],"version-history":[{"count":4,"href":"https:\/\/www.fetz-racing.de\/wordpress\/index.php?rest_route=\/wp\/v2\/posts\/5157\/revisions"}],"predecessor-version":[{"id":5164,"href":"https:\/\/www.fetz-racing.de\/wordpress\/index.php?rest_route=\/wp\/v2\/posts\/5157\/revisions\/5164"}],"wp:attachment":[{"href":"https:\/\/www.fetz-racing.de\/wordpress\/index.php?rest_route=%2Fwp%2Fv2%2Fmedia&parent=5157"}],"wp:term":[{"taxonomy":"category","embeddable":true,"href":"https:\/\/www.fetz-racing.de\/wordpress\/index.php?rest_route=%2Fwp%2Fv2%2Fcategories&post=5157"},{"taxonomy":"post_tag","embeddable":true,"href":"https:\/\/www.fetz-racing.de\/wordpress\/index.php?rest_route=%2Fwp%2Fv2%2Ftags&post=5157"}],"curies":[{"name":"wp","href":"https:\/\/api.w.org\/{rel}","templated":true}]}}