{"id":5150,"date":"2022-05-03T09:00:22","date_gmt":"2022-05-03T08:00:22","guid":{"rendered":"https:\/\/www.fetz-racing.de\/wordpress\/?p=5150"},"modified":"2022-09-17T15:06:40","modified_gmt":"2022-09-17T14:06:40","slug":"absage-idm-saison-2022","status":"publish","type":"post","link":"https:\/\/www.fetz-racing.de\/wordpress\/?p=5150","title":{"rendered":"Absage IDM-Saison 2022"},"content":{"rendered":"<p>Hallo Motorsportfreunde,<br>die IDM Saison 2022 steht vor der T\u00fcr und es wird n\u00e4chste Woche losgehen &#8230;.!<\/p>\n<p>Allerdings ohne Marco, er wird sich weiter um seine Genesung k\u00fcmmern und weiterhin flei\u00dfig trainieren.<\/p>\n<p>Hier Marcos Absage f\u00fcr die IDM Saison 2022:<\/p>\n<blockquote>\n<p>Hallo Leute\u270c\ufe0f<\/p>\n<p>Heute ist es leider soweit, der Tag an dem ich euch mitteile, dass ich dieses Jahr keine Internationale Deutsche Motorradmeisterschaft &#8211; IDM fahren werde.?<\/p>\n<p>Diese Entscheidung f\u00e4llt vor allem mir pers\u00f6nlich sehr schwer\u2026 aber meine Gesundheit geht nun mal vor. Trotzdem wird weiter flei\u00dfig trainiert, denn ich komme wieder!?\u270a\ufe0f<\/p>\n<p>Alles weitere wichtige, wie es zum Beispiel mit mir weitergeht, erfahrt ihr im Bericht von Speedweek und ich halte euch nat\u00fcrlich auch auf dem laufenden!<\/p>\n<p>Danke an das Wilbers Racing Team und alles gute auch an Florian Alt f\u00fcr die Saison 2022!?<\/p>\n<p>Gr\u00fc\u00dfe Marco#6<\/p>\n<\/blockquote>\n<p>Speedweek Link: <a href=\"https:\/\/www.speedweek.com\/idmsbk\/news\/190910\/Marco-Fetz-Keine-IDM-2022-E28093-Bein-braucht-noch-Zeit.html?fbclid=IwAR3GkahGvvmcJrd915tnvI6-9_bH2XBmzldB-kx0CfNIcmgdRNHI-VeJBB4\" target=\"_blank\" rel=\"noopener\">Marco Fetz &#8211; Keine IDM 2022<\/a><\/p>\n<p>F\u00fcr Fragen stehen wir euch nat\u00fcrlich immer gerne zur Verf\u00fcgung !!<\/p>\n<p>Wir danke allen unseren Sponsoren und Helfern die Marco auch in diesem Jahr weiterhin unterst\u00fctzen!<\/p>\n<p>Mit motorsportlichen Gr\u00fc\u00dfen !<\/p>\n<p>Marco #6<br>&amp; G\u00fcnter Fetz<\/p>\n\n\n<div class=\"wp-block-jetpack-tiled-gallery aligncenter is-style-rectangular\"><div class=\"tiled-gallery__gallery\"><div class=\"tiled-gallery__row\"><div class=\"tiled-gallery__col\" style=\"flex-basis:42.01024%\"><figure class=\"tiled-gallery__item\"><img decoding=\"async\" data-attachment-id=\"5153\" data-permalink=\"https:\/\/www.fetz-racing.de\/wordpress\/?attachment_id=5153\" data-orig-file=\"https:\/\/i0.wp.com\/www.fetz-racing.de\/wordpress\/wp-content\/uploads\/2022\/09\/Marco_2_Aragon_13.03.22.jpg?fit=901%2C1200&amp;ssl=1\" data-orig-size=\"901,1200\" data-comments-opened=\"1\" data-image-meta=\"{&quot;aperture&quot;:&quot;2&quot;,&quot;credit&quot;:&quot;&quot;,&quot;camera&quot;:&quot;moto g(6) play&quot;,&quot;caption&quot;:&quot;&quot;,&quot;created_timestamp&quot;:&quot;1647189961&quot;,&quot;copyright&quot;:&quot;&quot;,&quot;focal_length&quot;:&quot;3.519&quot;,&quot;iso&quot;:&quot;64&quot;,&quot;shutter_speed&quot;:&quot;0.01&quot;,&quot;title&quot;:&quot;&quot;,&quot;orientation&quot;:&quot;0&quot;}\" data-image-title=\"Marco_2_Aragon_13.03.22\" data-image-description=\"\" data-image-caption=\"\" data-large-file=\"https:\/\/i0.wp.com\/www.fetz-racing.de\/wordpress\/wp-content\/uploads\/2022\/09\/Marco_2_Aragon_13.03.22.jpg?fit=769%2C1024&amp;ssl=1\" data-attachment-id=\"5153\" data-permalink=\"https:\/\/www.fetz-racing.de\/wordpress\/?attachment_id=5153\" data-orig-file=\"https:\/\/i0.wp.com\/www.fetz-racing.de\/wordpress\/wp-content\/uploads\/2022\/09\/Marco_2_Aragon_13.03.22.jpg?fit=901%2C1200&amp;ssl=1\" data-orig-size=\"901,1200\" data-comments-opened=\"1\" data-image-meta=\"{&quot;aperture&quot;:&quot;2&quot;,&quot;credit&quot;:&quot;&quot;,&quot;camera&quot;:&quot;moto g(6) play&quot;,&quot;caption&quot;:&quot;&quot;,&quot;created_timestamp&quot;:&quot;1647189961&quot;,&quot;copyright&quot;:&quot;&quot;,&quot;focal_length&quot;:&quot;3.519&quot;,&quot;iso&quot;:&quot;64&quot;,&quot;shutter_speed&quot;:&quot;0.01&quot;,&quot;title&quot;:&quot;&quot;,&quot;orientation&quot;:&quot;0&quot;}\" data-image-title=\"Marco_2_Aragon_13.03.22\" data-image-description=\"\" data-image-caption=\"\" data-large-file=\"https:\/\/i0.wp.com\/www.fetz-racing.de\/wordpress\/wp-content\/uploads\/2022\/09\/Marco_2_Aragon_13.03.22.jpg?fit=769%2C1024&amp;ssl=1\" role=\"button\" tabindex=\"0\" aria-label=\"Bild\u00a01 von 2 im Vollbildmodus \u00f6ffnen\"srcset=\"https:\/\/i0.wp.com\/www.fetz-racing.de\/wordpress\/wp-content\/uploads\/2022\/09\/Marco_2_Aragon_13.03.22-769x1024.jpg?strip=info&#038;w=600&#038;ssl=1 600w,https:\/\/i0.wp.com\/www.fetz-racing.de\/wordpress\/wp-content\/uploads\/2022\/09\/Marco_2_Aragon_13.03.22-769x1024.jpg?strip=info&#038;w=900&#038;ssl=1 900w,https:\/\/i0.wp.com\/www.fetz-racing.de\/wordpress\/wp-content\/uploads\/2022\/09\/Marco_2_Aragon_13.03.22-769x1024.jpg?strip=info&#038;w=901&#038;ssl=1 901w\" alt=\"\" data-height=\"1200\" data-id=\"5153\" data-link=\"https:\/\/www.fetz-racing.de\/wordpress\/?attachment_id=5153\" data-url=\"https:\/\/www.fetz-racing.de\/wordpress\/wp-content\/uploads\/2022\/09\/Marco_2_Aragon_13.03.22-769x1024.jpg\" data-width=\"901\" src=\"https:\/\/i0.wp.com\/www.fetz-racing.de\/wordpress\/wp-content\/uploads\/2022\/09\/Marco_2_Aragon_13.03.22-769x1024.jpg?ssl=1\" data-amp-layout=\"responsive\"\/><\/figure><\/div><div class=\"tiled-gallery__col\" style=\"flex-basis:57.98976%\"><figure class=\"tiled-gallery__item\"><img decoding=\"async\" data-attachment-id=\"5154\" data-permalink=\"https:\/\/www.fetz-racing.de\/wordpress\/?attachment_id=5154\" data-orig-file=\"https:\/\/i0.wp.com\/www.fetz-racing.de\/wordpress\/wp-content\/uploads\/2022\/09\/Marco_3_Aragon_15.03.22.jpg?fit=1200%2C1157&amp;ssl=1\" data-orig-size=\"1200,1157\" data-comments-opened=\"1\" data-image-meta=\"{&quot;aperture&quot;:&quot;2&quot;,&quot;credit&quot;:&quot;&quot;,&quot;camera&quot;:&quot;moto g(6) play&quot;,&quot;caption&quot;:&quot;&quot;,&quot;created_timestamp&quot;:&quot;1647337061&quot;,&quot;copyright&quot;:&quot;&quot;,&quot;focal_length&quot;:&quot;3.519&quot;,&quot;iso&quot;:&quot;250&quot;,&quot;shutter_speed&quot;:&quot;0.03030303030303&quot;,&quot;title&quot;:&quot;&quot;,&quot;orientation&quot;:&quot;0&quot;}\" data-image-title=\"Marco_3_Aragon_15.03.22\" data-image-description=\"\" data-image-caption=\"\" data-large-file=\"https:\/\/i0.wp.com\/www.fetz-racing.de\/wordpress\/wp-content\/uploads\/2022\/09\/Marco_3_Aragon_15.03.22.jpg?fit=770%2C742&amp;ssl=1\" data-attachment-id=\"5154\" data-permalink=\"https:\/\/www.fetz-racing.de\/wordpress\/?attachment_id=5154\" data-orig-file=\"https:\/\/i0.wp.com\/www.fetz-racing.de\/wordpress\/wp-content\/uploads\/2022\/09\/Marco_3_Aragon_15.03.22.jpg?fit=1200%2C1157&amp;ssl=1\" data-orig-size=\"1200,1157\" data-comments-opened=\"1\" data-image-meta=\"{&quot;aperture&quot;:&quot;2&quot;,&quot;credit&quot;:&quot;&quot;,&quot;camera&quot;:&quot;moto g(6) play&quot;,&quot;caption&quot;:&quot;&quot;,&quot;created_timestamp&quot;:&quot;1647337061&quot;,&quot;copyright&quot;:&quot;&quot;,&quot;focal_length&quot;:&quot;3.519&quot;,&quot;iso&quot;:&quot;250&quot;,&quot;shutter_speed&quot;:&quot;0.03030303030303&quot;,&quot;title&quot;:&quot;&quot;,&quot;orientation&quot;:&quot;0&quot;}\" data-image-title=\"Marco_3_Aragon_15.03.22\" data-image-description=\"\" data-image-caption=\"\" data-large-file=\"https:\/\/i0.wp.com\/www.fetz-racing.de\/wordpress\/wp-content\/uploads\/2022\/09\/Marco_3_Aragon_15.03.22.jpg?fit=770%2C742&amp;ssl=1\" role=\"button\" tabindex=\"0\" aria-label=\"Bild\u00a02 von 2 im Vollbildmodus \u00f6ffnen\"srcset=\"https:\/\/i0.wp.com\/www.fetz-racing.de\/wordpress\/wp-content\/uploads\/2022\/09\/Marco_3_Aragon_15.03.22-1024x987.jpg?strip=info&#038;w=600&#038;ssl=1 600w,https:\/\/i0.wp.com\/www.fetz-racing.de\/wordpress\/wp-content\/uploads\/2022\/09\/Marco_3_Aragon_15.03.22-1024x987.jpg?strip=info&#038;w=900&#038;ssl=1 900w,https:\/\/i0.wp.com\/www.fetz-racing.de\/wordpress\/wp-content\/uploads\/2022\/09\/Marco_3_Aragon_15.03.22-1024x987.jpg?strip=info&#038;w=1200&#038;ssl=1 1200w\" alt=\"\" data-height=\"1157\" data-id=\"5154\" data-link=\"https:\/\/www.fetz-racing.de\/wordpress\/?attachment_id=5154\" data-url=\"https:\/\/www.fetz-racing.de\/wordpress\/wp-content\/uploads\/2022\/09\/Marco_3_Aragon_15.03.22-1024x987.jpg\" data-width=\"1200\" src=\"https:\/\/i0.wp.com\/www.fetz-racing.de\/wordpress\/wp-content\/uploads\/2022\/09\/Marco_3_Aragon_15.03.22-1024x987.jpg?ssl=1\" data-amp-layout=\"responsive\"\/><\/figure><\/div><\/div><\/div><\/div>\n","protected":false},"excerpt":{"rendered":"<p>Hallo Motorsportfreunde,die IDM Saison 2022 steht vor der T\u00fcr und es wird n\u00e4chste Woche losgehen &#8230;.! Allerdings ohne Marco, er wird sich weiter um seine Genesung k\u00fcmmern und weiterhin flei\u00dfig trainieren. Hier Marcos Absage f\u00fcr die IDM Saison 2022: Hallo Leute\u270c\ufe0f Heute ist es leider soweit, der Tag an dem\u2026 <a class=\"continue-reading-link\" href=\"https:\/\/www.fetz-racing.de\/wordpress\/?p=5150\">Weiterlesen<\/a><\/p>\n","protected":false},"author":1,"featured_media":0,"comment_status":"closed","ping_status":"closed","sticky":false,"template":"","format":"standard","meta":{"ngg_post_thumbnail":0,"jetpack_post_was_ever_published":false,"_jetpack_newsletter_access":"","_jetpack_dont_email_post_to_subs":false,"_jetpack_newsletter_tier_id":0,"_jetpack_memberships_contains_paywalled_content":false,"_jetpack_memberships_contains_paid_content":false,"footnotes":"","jetpack_publicize_message":"","jetpack_publicize_feature_enabled":true,"jetpack_social_post_already_shared":true,"jetpack_social_options":{"image_generator_settings":{"template":"highway","default_image_id":0,"font":"","enabled":false},"version":2}},"categories":[1],"tags":[],"class_list":["post-5150","post","type-post","status-publish","format-standard","hentry","category-allgemein"],"jetpack_publicize_connections":[],"jetpack_featured_media_url":"","jetpack_sharing_enabled":true,"jetpack_shortlink":"https:\/\/wp.me\/p8UkLO-1l4","jetpack-related-posts":[],"_links":{"self":[{"href":"https:\/\/www.fetz-racing.de\/wordpress\/index.php?rest_route=\/wp\/v2\/posts\/5150","targetHints":{"allow":["GET"]}}],"collection":[{"href":"https:\/\/www.fetz-racing.de\/wordpress\/index.php?rest_route=\/wp\/v2\/posts"}],"about":[{"href":"https:\/\/www.fetz-racing.de\/wordpress\/index.php?rest_route=\/wp\/v2\/types\/post"}],"author":[{"embeddable":true,"href":"https:\/\/www.fetz-racing.de\/wordpress\/index.php?rest_route=\/wp\/v2\/users\/1"}],"replies":[{"embeddable":true,"href":"https:\/\/www.fetz-racing.de\/wordpress\/index.php?rest_route=%2Fwp%2Fv2%2Fcomments&post=5150"}],"version-history":[{"count":4,"href":"https:\/\/www.fetz-racing.de\/wordpress\/index.php?rest_route=\/wp\/v2\/posts\/5150\/revisions"}],"predecessor-version":[{"id":5158,"href":"https:\/\/www.fetz-racing.de\/wordpress\/index.php?rest_route=\/wp\/v2\/posts\/5150\/revisions\/5158"}],"wp:attachment":[{"href":"https:\/\/www.fetz-racing.de\/wordpress\/index.php?rest_route=%2Fwp%2Fv2%2Fmedia&parent=5150"}],"wp:term":[{"taxonomy":"category","embeddable":true,"href":"https:\/\/www.fetz-racing.de\/wordpress\/index.php?rest_route=%2Fwp%2Fv2%2Fcategories&post=5150"},{"taxonomy":"post_tag","embeddable":true,"href":"https:\/\/www.fetz-racing.de\/wordpress\/index.php?rest_route=%2Fwp%2Fv2%2Ftags&post=5150"}],"curies":[{"name":"wp","href":"https:\/\/api.w.org\/{rel}","templated":true}]}}