{"id":4833,"date":"2021-08-25T10:06:06","date_gmt":"2021-08-25T09:06:06","guid":{"rendered":"https:\/\/www.fetz-racing.de\/wordpress\/?p=4833"},"modified":"2021-08-25T10:27:23","modified_gmt":"2021-08-25T09:27:23","slug":"crash-mit-folgen-in-assen","status":"publish","type":"post","link":"https:\/\/www.fetz-racing.de\/wordpress\/?p=4833","title":{"rendered":"Crash mit Folgen in Assen"},"content":{"rendered":"\n<p>Liebe Sportfreunde,<\/p>\n<p>wie viele von Euch schon mitbekommen haben, ist das Assen-Wochenende f\u00fcr Marco etwas anders beendet als es geplant war.<\/p>\n<p>Hier ganz kurz noch Infos vom Freitag und Samstag:<br>Das Wochenende startete am Freitag mit 2 freien Trainings und 2 Qualis am Samstag. <br>In den freien Trainings lag Marco auf P13 und in den Qualis erreichte er Startplatz 14.<\/p>\n<p>F\u00fcr das erste Rennen am Sonntag war Marco ger\u00fcstet: <br>Er hatte einen super Start und lag auf Platz 8, b\u00fc\u00dfte aber in den n\u00e4chsten Runden wieder ein paar Pl\u00e4tze ein.<br>Marco war in einer Dreiergruppe unterwegs und nach ca. 7 Runden ist dann in Kurve 4 vor ihm Ricardo Brink gest\u00fcrzt, Marco konnte leider nicht ausweichen und es kam zur Kollision. <br>Der hinter ihm liegende Steinmeyer konnte einen Crash ebenfalls nicht vermeiden. <br>Daraufhin wurde das Rennen abgebrochen. Ricardo Brink und Marco wurden schwer getroffen und an der Sturzstelle behandelt. <br>Marco erlitt einen Oberschenkelbruch und wurde sofort in die Klinik nach Groningen gebracht, wobei ich (G\u00fcnter) nat\u00fcrlich bei ihm war und nicht von seiner Seite wich! <br>In der Klinik wurde er komplett untersucht, ger\u00f6ntgt usw. Sonntagnacht wurde dann der &#8222;ziemlich glatte&#8220; Oberschenkelbruch zeitnah operiert.<\/p>\n<p>Montagmorgen nach der OP konnte ich schon zu ihm und die OP war gut verlaufen, wie uns der Arzt berichtete. <br>Und nach der Mittagszeit war auch schon der Physio da, arbeitete mit Marco und zeigte ihm schon \u00dcbungen. <br>Seitdem verbessert sich sein Gesundheitszustand stetig und die Schmerzen werden auch besser.<\/p>\n<p>Hier Marcos Info auf Facebook und Instagram nach einer Woche:<\/p>\n<blockquote>\n<p>So nach knapp einer Woche lass ich mal wieder was von mir h\u00f6ren!<br>Ich bin aktuell immer noch in Groningen im Krankenhaus, werde aber hoffentlich kommende Woche nach Deutschland d\u00fcrfen! Wo es dann genau f\u00fcr mich hingeht ist noch unklar.?\u200d\u2642\ufe0f<\/p>\n<p>Bedanken wollte ich mich auch bei meinen Schutzausr\u00fcstern, denn ohne euch h\u00e4tte es noch weitaus schlimmer enden k\u00f6nnen! Herzlichen Dank!?<br><strong>Nolangroup Deutschland | x-lite helmets | Schwabenleder | Frey daytona<\/strong><\/p>\n<p>Ich kann mittlerweile mit Kr\u00fccken gehen und habe auch nicht mehr so starke Schmerzen! Jetzt hei\u00dft es sich gut erholen und flei\u00dfig an sich arbeiten, um n\u00e4chstes Jahr noch st\u00e4rker zur\u00fcck zu kommen!?<\/p>\n<p>Gro\u00dfes Danke auch ans <strong>Wilbers Racing Team<\/strong> f\u00fcr die exzellente Versorgung! Danke Team und alles Gute in \u00d6sterreich!?<\/p>\n<p>Danke an alle f\u00fcr die lieben Nachrichten egal auf welchen Weg! Freut mich sehr! ?<\/p>\n<\/blockquote>\n<p>Im Krankenhaus wurde es Marco nicht langweilig&#8230;.<br>Ricardo Brink hat ihn besucht.<br>Und auch das Wilber&#8217;s Team&#8230;. Benny mit Noah und Burky haben sich \u00f6fter umgeschaut \ud83d\ude42<\/p>\n<p>Hier noch ein paar Links:<\/p>\n<p><a href=\"https:\/\/www.speedweek.com\/idmsbk\/news\/180100\/Marco-Fetz-meldet-sich-nach-Oberschenkel-OP.html\" target=\"_blank\" rel=\"noopener\">Marco Fetz meldet sich nach Oberschenkel-OP \/ IDM Superbike &#8211; SPEEDWEEK.COM<\/a><\/p>\n<p><a href=\"https:\/\/www.speedweek.com\/idmsbk\/news\/180256\/Nach-Horror-Crash-Brink-besucht-Fetz-in-der-Klinik.html\" target=\"_blank\" rel=\"noopener\">Nach Horror-Crash: Brink besucht Fetz in der Klinik \/ IDM Superbike &#8211; SPEEDWEEK.COM<\/a><\/p>\n<p>Diese Woche darf Marco nach Hause, und darauf freut er sich ebenso wie wir! <br>Vielen Dank f\u00fcr die ganzen Genesungsw\u00fcnsche und Gr\u00fc\u00dfe wie auch die Unterst\u00fctzung von Allen \ud83d\ude42 <br>Bis dann&#8230;.<\/p>\n<p>Mit motorsportlichen Gr\u00fc\u00dfen !<\/p>\n<p>Marco #6<br>&amp; G\u00fcnter Fetz<\/p>\n<p>Wir danken Dino Eisele (<a href=\"https:\/\/editor74f2.myportfolio.com\/work\">https:\/\/editor74f2.myportfolio.com\/work<\/a>) f\u00fcr die zur Verf\u00fcgungsstellung der Fotos!<\/p>\nngg_shortcode_0_placeholder\n","protected":false},"excerpt":{"rendered":"<p>Liebe Sportfreunde, wie viele von Euch schon mitbekommen haben, ist das Assen-Wochenende f\u00fcr Marco etwas anders beendet als es geplant war. Hier ganz kurz noch Infos vom Freitag und Samstag:Das Wochenende startete am Freitag mit 2 freien Trainings und 2 Qualis am Samstag. In den freien Trainings lag Marco auf\u2026 <a class=\"continue-reading-link\" href=\"https:\/\/www.fetz-racing.de\/wordpress\/?p=4833\">Weiterlesen<\/a><\/p>\n","protected":false},"author":1,"featured_media":0,"comment_status":"closed","ping_status":"closed","sticky":false,"template":"","format":"standard","meta":{"ngg_post_thumbnail":0,"jetpack_post_was_ever_published":false,"_jetpack_newsletter_access":"","_jetpack_dont_email_post_to_subs":false,"_jetpack_newsletter_tier_id":0,"_jetpack_memberships_contains_paywalled_content":false,"_jetpack_memberships_contains_paid_content":false,"footnotes":"","jetpack_publicize_message":"","jetpack_publicize_feature_enabled":true,"jetpack_social_post_already_shared":true,"jetpack_social_options":{"image_generator_settings":{"template":"highway","default_image_id":0,"font":"","enabled":false},"version":2}},"categories":[73],"tags":[],"class_list":["post-4833","post","type-post","status-publish","format-standard","hentry","category-rennen-2021"],"jetpack_publicize_connections":[],"jetpack_featured_media_url":"","jetpack_sharing_enabled":true,"jetpack_shortlink":"https:\/\/wp.me\/p8UkLO-1fX","jetpack-related-posts":[],"_links":{"self":[{"href":"https:\/\/www.fetz-racing.de\/wordpress\/index.php?rest_route=\/wp\/v2\/posts\/4833","targetHints":{"allow":["GET"]}}],"collection":[{"href":"https:\/\/www.fetz-racing.de\/wordpress\/index.php?rest_route=\/wp\/v2\/posts"}],"about":[{"href":"https:\/\/www.fetz-racing.de\/wordpress\/index.php?rest_route=\/wp\/v2\/types\/post"}],"author":[{"embeddable":true,"href":"https:\/\/www.fetz-racing.de\/wordpress\/index.php?rest_route=\/wp\/v2\/users\/1"}],"replies":[{"embeddable":true,"href":"https:\/\/www.fetz-racing.de\/wordpress\/index.php?rest_route=%2Fwp%2Fv2%2Fcomments&post=4833"}],"version-history":[{"count":8,"href":"https:\/\/www.fetz-racing.de\/wordpress\/index.php?rest_route=\/wp\/v2\/posts\/4833\/revisions"}],"predecessor-version":[{"id":4849,"href":"https:\/\/www.fetz-racing.de\/wordpress\/index.php?rest_route=\/wp\/v2\/posts\/4833\/revisions\/4849"}],"wp:attachment":[{"href":"https:\/\/www.fetz-racing.de\/wordpress\/index.php?rest_route=%2Fwp%2Fv2%2Fmedia&parent=4833"}],"wp:term":[{"taxonomy":"category","embeddable":true,"href":"https:\/\/www.fetz-racing.de\/wordpress\/index.php?rest_route=%2Fwp%2Fv2%2Fcategories&post=4833"},{"taxonomy":"post_tag","embeddable":true,"href":"https:\/\/www.fetz-racing.de\/wordpress\/index.php?rest_route=%2Fwp%2Fv2%2Ftags&post=4833"}],"curies":[{"name":"wp","href":"https:\/\/api.w.org\/{rel}","templated":true}]}}