{"id":4792,"date":"2021-07-27T19:23:48","date_gmt":"2021-07-27T18:23:48","guid":{"rendered":"https:\/\/www.fetz-racing.de\/wordpress\/?p=4792"},"modified":"2021-07-27T19:30:21","modified_gmt":"2021-07-27T18:30:21","slug":"lets-fetz-in-schleiz","status":"publish","type":"post","link":"https:\/\/www.fetz-racing.de\/wordpress\/?p=4792","title":{"rendered":"Let\u00b4s FETZ in Schleiz"},"content":{"rendered":"\n<p>Liebe Motorsportfreunde,<\/p>\n<p>der Rennsonntag der Internationalen Deutsche Motorradmeisterschaft IDM 2021 am Schleizer Dreieck ist Geschichte!&nbsp;Zum ersten Mal seit langem wieder eine Veranstaltung vor vollem Haus!&nbsp;<br>Von Freitag bis Sonntag gab es meist sonniges Wetter und angenehme&nbsp;Temperaturen, welche am Sonntag doch an die 30\u00b0C anstiegen.&nbsp;&nbsp;<\/p>\n<p>Der Freitag startete mit 3 freien Trainings je 30 min.&nbsp;<br>Marco konnte sich wieder auf die Naturrennstrecke eingew\u00f6hnen und landete auf den Pl\u00e4tzen FP1 <strong>12<\/strong>, FP2 <strong>15<\/strong> und FP3 <strong>10<\/strong>.&nbsp;<\/p>\n<p>Samstags wie immer Q1 + Q2.&nbsp;<br>In Q1 lief es ganz gut und Marco landete mit 1:25,734 auf P9 mit 1,419 sec. R\u00fcckstand auf P1.<\/p>\n<p>Ebenso in Q2 f\u00fchlte er sich wohl auf der BMW.&nbsp;<br>Marco konnte sich, wie nur einige andere, noch leicht verbessern und landete mit 1:25,617 erneut&nbsp;auf P9 mit 1,103 sec. R\u00fcckstand auf P1.&nbsp;<br>Platz 9 war sein Startplatz f\u00fcr R1, mit 1,302 sec. auf die Polezeit.&nbsp;<\/p>\n<p>Der Samstag und Sonntag noch mit Marcos Worten:&nbsp;<\/p>\n<blockquote>\n<p>&#8222;Im Quali konnte ich mich mit einer Zeit von 1:25.617 f\u00fcr den 9. Startplatz qualifizieren! Mit dieser Zeit kann ich durchaus zufrieden sein!?&#8220;&nbsp;<br><br>Rennen 1:<br>Von Startplatz 9 (+1,3sek) aus ging es f\u00fcr mich los. Nach einem guten Start auf Platz 7 verlor ich leider im Verlauf des Rennens einige Pl\u00e4tze und kam als 14. \u00fcbers Ziel, womit ich nat\u00fcrlich nicht ganz happy bin.<br><br>Rennen 2:<br>Aufgrund des Reverse Grid musste ich von Platz 12 starten. Ich hatte einen unglaublichen Start und konnte mich die ersten Runden auf Platz 5 behaupten! Letztendlich reichte es nach einigen Fights f\u00fcr Platz12 mit einem tollen Gef\u00fchl f\u00fcrs Motorrad! ? Meine Pace im Verlauf des Rennens war besser als in Rennen 1 und wir konnten nochmal einen Schritt in die richtige Richtung machen!?<br><br>Vielen Dank an mein Team Wilbers-BMW-Racing-Team f\u00fcr die tolle Arbeit am Wochenende!<br>Gro\u00dfes Danke auch an alle Sponsoren, welche mich auf diesem Weg unterst\u00fctzen!?<br><br>Ich hoffe alle Zuschauer und Fans haben das Wochenende genossen! Unglaublich endlich wieder vor Publikum fahren zu d\u00fcrfen! DANKE SCHLEIZ&#8220;&nbsp;<\/p>\n<\/blockquote>\n<p>Mit Marcos Worten ist alles wichtige gesagt &#8230;&nbsp; &nbsp;\ud83d\ude42<\/p>\n<p>Auch mit dem IDM Wochenende in Schleiz&nbsp;und seinen Ergebnissen die er dort gefahren ist sind wir auf jeden Fall&nbsp;zufrieden, wenn man sich die Konkurrenz ansieht \ud83d\ude42&nbsp;<br>Und Marco hat wieder viel an diesem Wochenende gelernt!<\/p>\n<p>Hier gibt&#8217;s auch noch weitere Infos:&nbsp;<\/p>\n<p><a href=\"https:\/\/www.wilbers.de\/racing\/racing-news\/racing-news.html\">Wilbers BMW Racing &#8211; Racing News &#8211; Racing<\/a><\/p>\n<p><a href=\"https:\/\/idm.de\/2021\/07\/25\/idm-in-schleiz-die-grosse-zusammenfassung\/\">IDM 2021 &#8211; Internationalen Deutschen Motorradmeisterschaft<\/a>&nbsp;<\/p>\n<p>\u00dcber die n\u00e4chste&nbsp;Veranstaltung in Assen (NL), vom 13.08.-15.08.21, werden wir euch nat\u00fcrlich wieder zeitnah informieren.<\/p>\n<p>Bitte bleibt weiterhin alle fit und&nbsp;gesund!<br>Und&nbsp;wir stehen euch f\u00fcr R\u00fcckfragen wie immer gerne zur Verf\u00fcgung !<br>Bis dann &#8230;.!!<\/p>\n<p>Mit motorsportlichen Gr\u00fc\u00dfen!<br><br>Marco #6<br>&amp; G\u00fcnter Fetz<\/p>\n<p>&nbsp;<\/p>\n<p>Wir danken Dino Eisele (<a href=\"https:\/\/editor74f2.myportfolio.com\/work\">https:\/\/editor74f2.myportfolio.com\/work<\/a>) f\u00fcr die zur Verf\u00fcgungsstellung der Fotos!<\/p>\nngg_shortcode_0_placeholder\n","protected":false},"excerpt":{"rendered":"<p>Liebe Motorsportfreunde, der Rennsonntag der Internationalen Deutsche Motorradmeisterschaft IDM 2021 am Schleizer Dreieck ist Geschichte!&nbsp;Zum ersten Mal seit langem wieder eine Veranstaltung vor vollem Haus!&nbsp;Von Freitag bis Sonntag gab es meist sonniges Wetter und angenehme&nbsp;Temperaturen, welche am Sonntag doch an die 30\u00b0C anstiegen.&nbsp;&nbsp; Der Freitag startete mit 3 freien Trainings\u2026 <a class=\"continue-reading-link\" href=\"https:\/\/www.fetz-racing.de\/wordpress\/?p=4792\">Weiterlesen<\/a><\/p>\n","protected":false},"author":1,"featured_media":0,"comment_status":"closed","ping_status":"closed","sticky":false,"template":"","format":"standard","meta":{"ngg_post_thumbnail":0,"jetpack_post_was_ever_published":false,"_jetpack_newsletter_access":"","_jetpack_dont_email_post_to_subs":false,"_jetpack_newsletter_tier_id":0,"_jetpack_memberships_contains_paywalled_content":false,"_jetpack_memberships_contains_paid_content":false,"footnotes":"","jetpack_publicize_message":"","jetpack_publicize_feature_enabled":true,"jetpack_social_post_already_shared":true,"jetpack_social_options":{"image_generator_settings":{"template":"highway","default_image_id":0,"font":"","enabled":false},"version":2}},"categories":[1,73],"tags":[],"class_list":["post-4792","post","type-post","status-publish","format-standard","hentry","category-allgemein","category-rennen-2021"],"jetpack_publicize_connections":[],"jetpack_featured_media_url":"","jetpack_sharing_enabled":true,"jetpack_shortlink":"https:\/\/wp.me\/p8UkLO-1fi","jetpack-related-posts":[],"_links":{"self":[{"href":"https:\/\/www.fetz-racing.de\/wordpress\/index.php?rest_route=\/wp\/v2\/posts\/4792","targetHints":{"allow":["GET"]}}],"collection":[{"href":"https:\/\/www.fetz-racing.de\/wordpress\/index.php?rest_route=\/wp\/v2\/posts"}],"about":[{"href":"https:\/\/www.fetz-racing.de\/wordpress\/index.php?rest_route=\/wp\/v2\/types\/post"}],"author":[{"embeddable":true,"href":"https:\/\/www.fetz-racing.de\/wordpress\/index.php?rest_route=\/wp\/v2\/users\/1"}],"replies":[{"embeddable":true,"href":"https:\/\/www.fetz-racing.de\/wordpress\/index.php?rest_route=%2Fwp%2Fv2%2Fcomments&post=4792"}],"version-history":[{"count":3,"href":"https:\/\/www.fetz-racing.de\/wordpress\/index.php?rest_route=\/wp\/v2\/posts\/4792\/revisions"}],"predecessor-version":[{"id":4805,"href":"https:\/\/www.fetz-racing.de\/wordpress\/index.php?rest_route=\/wp\/v2\/posts\/4792\/revisions\/4805"}],"wp:attachment":[{"href":"https:\/\/www.fetz-racing.de\/wordpress\/index.php?rest_route=%2Fwp%2Fv2%2Fmedia&parent=4792"}],"wp:term":[{"taxonomy":"category","embeddable":true,"href":"https:\/\/www.fetz-racing.de\/wordpress\/index.php?rest_route=%2Fwp%2Fv2%2Fcategories&post=4792"},{"taxonomy":"post_tag","embeddable":true,"href":"https:\/\/www.fetz-racing.de\/wordpress\/index.php?rest_route=%2Fwp%2Fv2%2Ftags&post=4792"}],"curies":[{"name":"wp","href":"https:\/\/api.w.org\/{rel}","templated":true}]}}