{"id":4635,"date":"2021-03-23T18:46:02","date_gmt":"2021-03-23T17:46:02","guid":{"rendered":"https:\/\/www.fetz-racing.de\/wordpress\/?p=4635"},"modified":"2021-03-23T18:47:33","modified_gmt":"2021-03-23T17:47:33","slug":"vorbereitungen-laufen-auf-hochtouren","status":"publish","type":"post","link":"https:\/\/www.fetz-racing.de\/wordpress\/?p=4635","title":{"rendered":"Vorbereitungen laufen auf Hochtouren"},"content":{"rendered":"<p>Liebe Motorsportfreunde!<\/p>\n<p>Wir hoffen ihr seid alle soweit fit und gesund und kommt gut durch diese immer noch schwierige Zeit! Heute gibt es seit langem mal wieder Neuigkeiten&#8230; und noch gute dazu:<\/p>\n<p>Im Wilbers Team laufen die Vorbereitungen auf Hochtouren und Marco kann es kaum erwarten bis es losgeht!<\/p>\n<p>Die Saison soll ab dem 26.03. &#8211; f\u00fcr Marco zusammen mit dem Wilbers Team und Teamkollegen Florian Alt &#8211; in Spanien mit Tests der BMW S1000RR beginnen.<br \/>\nVom 26.-28.03.21 in Aragon und am 29.-31.03.21 in Valencia.<\/p>\n<p>Marco hat sich den gesamten Winter \u00fcber regelm\u00e4\u00dfig mit Fahrrad fahren, Joggen, Gymnastik und Dehnen usw. fit gehalten und trainiert.<br \/>\nEr hat bereits seine X-Lite Helme und Daytona Stiefel erhalten und seine neue Lederkombi bei Schwabenleder abgeholt. Sein Outfit kann sich wirklich sehen lassen \ud83d\ude42<\/p>\n<p>Wir w\u00fcnschen Marco und Florian zusammen mit ihrem Wilbers Team einen guten Verlauf und viel Erfolg und Spa\u00df in Spanien!<\/p>\n<p>Stehen euch f\u00fcr R\u00fcckfragen und Infos jederzeit gerne zur Verf\u00fcgung!<\/p>\n<p>Und die n\u00e4chsten Infos vom Testen folgen&#8230;.<\/p>\n<p>Mit motorsportlichen Gr\u00fc\u00dfen!<\/p>\n<p>Marco #6<br \/>\n&amp; G\u00fcnter Fetz<\/p>\nngg_shortcode_0_placeholder\n","protected":false},"excerpt":{"rendered":"<p>Liebe Motorsportfreunde! Wir hoffen ihr seid alle soweit fit und gesund und kommt gut durch diese immer noch schwierige Zeit! Heute gibt es seit langem mal wieder Neuigkeiten&#8230; und noch gute dazu: Im Wilbers Team laufen die Vorbereitungen auf Hochtouren und Marco kann es kaum erwarten bis es losgeht! Die\u2026 <a class=\"continue-reading-link\" href=\"https:\/\/www.fetz-racing.de\/wordpress\/?p=4635\">Weiterlesen<\/a><\/p>\n","protected":false},"author":1,"featured_media":0,"comment_status":"closed","ping_status":"closed","sticky":false,"template":"","format":"standard","meta":{"ngg_post_thumbnail":0,"jetpack_post_was_ever_published":false,"_jetpack_newsletter_access":"","_jetpack_dont_email_post_to_subs":false,"_jetpack_newsletter_tier_id":0,"_jetpack_memberships_contains_paywalled_content":false,"_jetpack_memberships_contains_paid_content":false,"footnotes":"","jetpack_publicize_message":"","jetpack_publicize_feature_enabled":true,"jetpack_social_post_already_shared":true,"jetpack_social_options":{"image_generator_settings":{"template":"highway","default_image_id":0,"font":"","enabled":false},"version":2}},"categories":[73],"tags":[],"class_list":["post-4635","post","type-post","status-publish","format-standard","hentry","category-rennen-2021"],"jetpack_publicize_connections":[],"jetpack_featured_media_url":"","jetpack_sharing_enabled":true,"jetpack_shortlink":"https:\/\/wp.me\/p8UkLO-1cL","jetpack-related-posts":[],"_links":{"self":[{"href":"https:\/\/www.fetz-racing.de\/wordpress\/index.php?rest_route=\/wp\/v2\/posts\/4635","targetHints":{"allow":["GET"]}}],"collection":[{"href":"https:\/\/www.fetz-racing.de\/wordpress\/index.php?rest_route=\/wp\/v2\/posts"}],"about":[{"href":"https:\/\/www.fetz-racing.de\/wordpress\/index.php?rest_route=\/wp\/v2\/types\/post"}],"author":[{"embeddable":true,"href":"https:\/\/www.fetz-racing.de\/wordpress\/index.php?rest_route=\/wp\/v2\/users\/1"}],"replies":[{"embeddable":true,"href":"https:\/\/www.fetz-racing.de\/wordpress\/index.php?rest_route=%2Fwp%2Fv2%2Fcomments&post=4635"}],"version-history":[{"count":2,"href":"https:\/\/www.fetz-racing.de\/wordpress\/index.php?rest_route=\/wp\/v2\/posts\/4635\/revisions"}],"predecessor-version":[{"id":4646,"href":"https:\/\/www.fetz-racing.de\/wordpress\/index.php?rest_route=\/wp\/v2\/posts\/4635\/revisions\/4646"}],"wp:attachment":[{"href":"https:\/\/www.fetz-racing.de\/wordpress\/index.php?rest_route=%2Fwp%2Fv2%2Fmedia&parent=4635"}],"wp:term":[{"taxonomy":"category","embeddable":true,"href":"https:\/\/www.fetz-racing.de\/wordpress\/index.php?rest_route=%2Fwp%2Fv2%2Fcategories&post=4635"},{"taxonomy":"post_tag","embeddable":true,"href":"https:\/\/www.fetz-racing.de\/wordpress\/index.php?rest_route=%2Fwp%2Fv2%2Ftags&post=4635"}],"curies":[{"name":"wp","href":"https:\/\/api.w.org\/{rel}","templated":true}]}}