{"id":4494,"date":"2020-10-08T18:24:38","date_gmt":"2020-10-08T17:24:38","guid":{"rendered":"https:\/\/www.fetz-racing.de\/wordpress\/?p=4494"},"modified":"2020-10-08T20:31:17","modified_gmt":"2020-10-08T19:31:17","slug":"bonovo-action-sidecar-festival-in-oschersleben","status":"publish","type":"post","link":"https:\/\/www.fetz-racing.de\/wordpress\/?p=4494","title":{"rendered":"Bonovo Action Sidecar Festival in Oschersleben"},"content":{"rendered":"<p>Hallo Motorsportfreunde,<\/p>\n<p>vorletztes Wochenende noch Saisonfinale in Hockenheim und 5 Tage sp\u00e4ter ging es gleich weiter zum Motorradtest nach Oschersleben beim<br \/>\n&#8222;Bonovo Action Sidecar Festival&#8220; am 03.+04.10.2020!<br \/>\nHier hatten viele SBK Fahrer die M\u00f6glichkeit an einem Rennwochenende der Sidecars teilzunehmen.<\/p>\n<p>Marco hatte schon zum Meistertitel 2018 in der Superstock 600 Klasse, von Benny Wilbers einen Test auf einer Wilbers BMW S1000RR versprochen bekommen. Und jetzt war es soweit, bei sp\u00e4tsommerlichen Temperaturen und ordentlichem Wind.<\/p>\n<p>Marco hatte ein tolles Rennwochenende im Wilbers Racing Team auf der Wilbers BMW S1000RR aus der IDM 2018.<br \/>\nUnd auch Florian Alt, aktueller Fahrer 2020 bei Wilbers, war mit dabei.<br \/>\nDas Motorrad war prima vorbereitet und Samstag begann es vormittags mit einem freien Training. Marco drehte im ersten Turn 25 Minuten seine Runden und f\u00fchlte sich sofort wohl auf dem Bike.<br \/>\nMittags und nachmittags folgten noch Q1 und Q2. Auch hier f\u00fchlte er sich super und konnte stets seine Rundenzeit verbessern.<br \/>\nMit seiner Zeit erreichte er Startplatz 5.<\/p>\n<p>Beim 18 Runden Rennen hatte er einen super Start und konnte 4 Runden lang Platz 3 halten.<br \/>\nBis zum Rennende fiel er zwar noch auf Platz 5 zur\u00fcck, hatte aber einen super Speed drauf.<\/p>\n<blockquote><p>Marco: &#8222;In Quali und Rennen kann ich mit Platz 5 zufrieden sein und bedanke mich beim Wilbers Team f\u00fcr die M\u00f6glichkeit und das Vertrauen!\u201c<\/p><\/blockquote>\n<p>Die Wiederholung vom Rennen gibt es auf YouTube unter (ab 1:24h):&nbsp; <a href=\"https:\/\/youtu.be\/ko4BYLsVK3E\" target=\"_blank\" rel=\"noopener noreferrer\">https:\/\/youtu.be\/ko4BYLsVK3E<\/a><\/p>\n<p>Und unsere Planung f\u00fcr die Saison 2021 beginnt schon jetzt \ud83d\ude09<br \/>\nBeim Wilbers Team 2021 an den Start zu gehen w\u00e4re f\u00fcr Marco nat\u00fcrlich eine super Sache \ud83d\ude09<br \/>\nAber es gibt noch viel zu tun&#8230;!<\/p>\n<p>Hier noch ein Artikel zu dem Wochenende in Oschersleben:<\/p>\n<p><a href=\"https:\/\/www.speedweek.com\/idmsbk\/news\/166026\/Folger-kassiert-Oschersleben-Sieg-vor-Alt-und-Moser.html\" target=\"_blank\" rel=\"noopener noreferrer\">https:\/\/www.speedweek.com\/idmsbk\/news\/166026\/Folger-kassiert-Oschersleben-Sieg-vor-Alt-und-Moser.html<\/a><\/p>\n<p>Stehen Euch f\u00fcr weitere Infos und Fragen wieder gerne zur Verf\u00fcgung \ud83d\ude42<br \/>\nBis dann &#8230;<\/p>\n<p>Mit motorsportlichen Gr\u00fc\u00dfen!<\/p>\n<p>Marco #6<\/p>\n<p>Wir danken Felix Wiessmann und Ralf Reinhardt f\u00fcr die zur Verf\u00fcgungsstellung der Fotos!<\/p>\nngg_shortcode_0_placeholder\n","protected":false},"excerpt":{"rendered":"<p>Hallo Motorsportfreunde, vorletztes Wochenende noch Saisonfinale in Hockenheim und 5 Tage sp\u00e4ter ging es gleich weiter zum Motorradtest nach Oschersleben beim &#8222;Bonovo Action Sidecar Festival&#8220; am 03.+04.10.2020! Hier hatten viele SBK Fahrer die M\u00f6glichkeit an einem Rennwochenende der Sidecars teilzunehmen. Marco hatte schon zum Meistertitel 2018 in der Superstock 600\u2026 <a class=\"continue-reading-link\" href=\"https:\/\/www.fetz-racing.de\/wordpress\/?p=4494\">Weiterlesen<\/a><\/p>\n","protected":false},"author":1,"featured_media":0,"comment_status":"closed","ping_status":"closed","sticky":false,"template":"","format":"standard","meta":{"ngg_post_thumbnail":0,"jetpack_post_was_ever_published":false,"_jetpack_newsletter_access":"","_jetpack_dont_email_post_to_subs":false,"_jetpack_newsletter_tier_id":0,"_jetpack_memberships_contains_paywalled_content":false,"_jetpack_memberships_contains_paid_content":false,"footnotes":"","jetpack_publicize_message":"","jetpack_publicize_feature_enabled":true,"jetpack_social_post_already_shared":true,"jetpack_social_options":{"image_generator_settings":{"template":"highway","default_image_id":0,"font":"","enabled":false},"version":2}},"categories":[11],"tags":[72,27,71],"class_list":["post-4494","post","type-post","status-publish","format-standard","hentry","category-rennen","tag-bmw","tag-oschersleben","tag-wilbers"],"jetpack_publicize_connections":[],"jetpack_featured_media_url":"","jetpack_sharing_enabled":false,"jetpack_shortlink":"https:\/\/wp.me\/p8UkLO-1au","jetpack-related-posts":[],"_links":{"self":[{"href":"https:\/\/www.fetz-racing.de\/wordpress\/index.php?rest_route=\/wp\/v2\/posts\/4494","targetHints":{"allow":["GET"]}}],"collection":[{"href":"https:\/\/www.fetz-racing.de\/wordpress\/index.php?rest_route=\/wp\/v2\/posts"}],"about":[{"href":"https:\/\/www.fetz-racing.de\/wordpress\/index.php?rest_route=\/wp\/v2\/types\/post"}],"author":[{"embeddable":true,"href":"https:\/\/www.fetz-racing.de\/wordpress\/index.php?rest_route=\/wp\/v2\/users\/1"}],"replies":[{"embeddable":true,"href":"https:\/\/www.fetz-racing.de\/wordpress\/index.php?rest_route=%2Fwp%2Fv2%2Fcomments&post=4494"}],"version-history":[{"count":7,"href":"https:\/\/www.fetz-racing.de\/wordpress\/index.php?rest_route=\/wp\/v2\/posts\/4494\/revisions"}],"predecessor-version":[{"id":4517,"href":"https:\/\/www.fetz-racing.de\/wordpress\/index.php?rest_route=\/wp\/v2\/posts\/4494\/revisions\/4517"}],"wp:attachment":[{"href":"https:\/\/www.fetz-racing.de\/wordpress\/index.php?rest_route=%2Fwp%2Fv2%2Fmedia&parent=4494"}],"wp:term":[{"taxonomy":"category","embeddable":true,"href":"https:\/\/www.fetz-racing.de\/wordpress\/index.php?rest_route=%2Fwp%2Fv2%2Fcategories&post=4494"},{"taxonomy":"post_tag","embeddable":true,"href":"https:\/\/www.fetz-racing.de\/wordpress\/index.php?rest_route=%2Fwp%2Fv2%2Ftags&post=4494"}],"curies":[{"name":"wp","href":"https:\/\/api.w.org\/{rel}","templated":true}]}}