{"id":4330,"date":"2020-07-02T21:36:38","date_gmt":"2020-07-02T20:36:38","guid":{"rendered":"https:\/\/www.fetz-racing.de\/wordpress\/?p=4330"},"modified":"2020-07-07T11:19:53","modified_gmt":"2020-07-07T10:19:53","slug":"idm-saison-2020-startet-in-assen","status":"publish","type":"post","link":"https:\/\/www.fetz-racing.de\/wordpress\/?p=4330","title":{"rendered":"IDM-Saison 2020 startet in Assen"},"content":{"rendered":"<p>Liebe Motorsportfreunde,<\/p>\n<p>endlich gibt es wieder gute Nachrichten was die Saison der Internationale Deutsche Motorradmeisterschaft &#8211; IDM f\u00fcr das Jahr 2020 betrifft. Die Motoren k\u00f6nnen so langsam wieder gestartet werden, denn es wird doch noch eine Saison 2020 geben!<\/p>\n<p>Die Termine:<\/p>\n<p>\u00b0 Assen || 14.-16.08.2020<br \/>\n\u00b0 Sachsenring || 07.-09.09.2020<br \/>\n\u00b0\ufe0f Lausitzring || 11.-13.09.2020<br \/>\n\u00b0 Hockenheim || 25.-27.09.2020<\/p>\n<p>Es sind leider noch keine Zuschauer erlaubt.<br \/>\nDoch daf\u00fcr ist geplant die Veranstaltungen evtl. mit Livestreams zu \u00fcbertragen! Allerdings kann sich jedoch je nach Bundesland noch was \u00e4ndern, was die Zuschauer betrifft.<\/p>\n<blockquote><p>&#8222;Zus\u00e4tzlich werden wir nochmal mit der Suzuki Gsxr 1000 vom Team Suzuki Laux am 18. und 19. Juli in Hockenheim im Rahmen des TunerGP trainieren gehen, worauf ich mich schon sehr freue. Anschlie\u00dfend kann dann die IDM Saison 2020 starten!&#8220;<\/p><\/blockquote>\n<p>Vielen Dank an alle Sponsoren, Helfer und Freunde f\u00fcr die Geduld und Unterst\u00fctzung!<\/p>\n<p>Offizieller IDM Bericht:<\/p>\n<blockquote class=\"wp-embedded-content\" data-secret=\"AslpQsTrYS\"><p><a href=\"https:\/\/idm.de\/2020\/06\/30\/das-warten-hat-ein-ende-die-idm-kann-starten\/\">Das Warten hat ein Ende: Die IDM kann starten<\/a><\/p><\/blockquote>\n<p><iframe loading=\"lazy\" class=\"wp-embedded-content\" sandbox=\"allow-scripts\" security=\"restricted\" style=\"position: absolute; clip: rect(1px, 1px, 1px, 1px);\" title=\"&#8222;Das Warten hat ein Ende: Die IDM kann starten&#8220; &#8212; IDM 2020\" src=\"https:\/\/idm.de\/2020\/06\/30\/das-warten-hat-ein-ende-die-idm-kann-starten\/embed\/#?secret=AslpQsTrYS\" data-secret=\"AslpQsTrYS\" width=\"600\" height=\"338\" frameborder=\"0\" marginwidth=\"0\" marginheight=\"0\" scrolling=\"no\"><\/iframe><\/p>\n<p>Stehen Euch f\u00fcr R\u00fcckfragen gerne zur Verf\u00fcgung!<\/p>\n<p>Mit motorsportlichen Gr\u00fc\u00dfen !<\/p>\n<p>Marco #6<br \/>\n&nbsp; G\u00fcnter Fetz<\/p>\n<p>&nbsp;<\/p>\n<p><a href=\"https:\/\/i0.wp.com\/www.fetz-racing.de\/wordpress\/wp-content\/uploads\/2020\/07\/2020.07.02_2k_small.jpg?ssl=1\"><img data-recalc-dims=\"1\" loading=\"lazy\" decoding=\"async\" data-attachment-id=\"4331\" data-permalink=\"https:\/\/www.fetz-racing.de\/wordpress\/?attachment_id=4331\" data-orig-file=\"https:\/\/i0.wp.com\/www.fetz-racing.de\/wordpress\/wp-content\/uploads\/2020\/07\/2020.07.02_2k_small.jpg?fit=1200%2C900&amp;ssl=1\" data-orig-size=\"1200,900\" data-comments-opened=\"1\" data-image-meta=\"{&quot;aperture&quot;:&quot;0&quot;,&quot;credit&quot;:&quot;&quot;,&quot;camera&quot;:&quot;&quot;,&quot;caption&quot;:&quot;&quot;,&quot;created_timestamp&quot;:&quot;1593710597&quot;,&quot;copyright&quot;:&quot;&quot;,&quot;focal_length&quot;:&quot;0&quot;,&quot;iso&quot;:&quot;0&quot;,&quot;shutter_speed&quot;:&quot;0&quot;,&quot;title&quot;:&quot;&quot;,&quot;orientation&quot;:&quot;0&quot;}\" data-image-title=\"2020.07.02_2k_small\" data-image-description=\"\" data-image-caption=\"\" data-large-file=\"https:\/\/i0.wp.com\/www.fetz-racing.de\/wordpress\/wp-content\/uploads\/2020\/07\/2020.07.02_2k_small.jpg?fit=770%2C578&amp;ssl=1\" class=\"alignleft wp-image-4331\" src=\"https:\/\/i0.wp.com\/www.fetz-racing.de\/wordpress\/wp-content\/uploads\/2020\/07\/2020.07.02_2k_small.jpg?resize=770%2C578&#038;ssl=1\" alt=\"\" width=\"770\" height=\"578\" srcset=\"https:\/\/i0.wp.com\/www.fetz-racing.de\/wordpress\/wp-content\/uploads\/2020\/07\/2020.07.02_2k_small.jpg?w=1200&amp;ssl=1 1200w, https:\/\/i0.wp.com\/www.fetz-racing.de\/wordpress\/wp-content\/uploads\/2020\/07\/2020.07.02_2k_small.jpg?resize=300%2C225&amp;ssl=1 300w, https:\/\/i0.wp.com\/www.fetz-racing.de\/wordpress\/wp-content\/uploads\/2020\/07\/2020.07.02_2k_small.jpg?resize=1024%2C768&amp;ssl=1 1024w, https:\/\/i0.wp.com\/www.fetz-racing.de\/wordpress\/wp-content\/uploads\/2020\/07\/2020.07.02_2k_small.jpg?resize=768%2C576&amp;ssl=1 768w, https:\/\/i0.wp.com\/www.fetz-racing.de\/wordpress\/wp-content\/uploads\/2020\/07\/2020.07.02_2k_small.jpg?resize=200%2C150&amp;ssl=1 200w, https:\/\/i0.wp.com\/www.fetz-racing.de\/wordpress\/wp-content\/uploads\/2020\/07\/2020.07.02_2k_small.jpg?resize=150%2C113&amp;ssl=1 150w\" sizes=\"auto, (max-width: 770px) 100vw, 770px\" \/><\/a><\/p>\n","protected":false},"excerpt":{"rendered":"<p>Liebe Motorsportfreunde, endlich gibt es wieder gute Nachrichten was die Saison der Internationale Deutsche Motorradmeisterschaft &#8211; IDM f\u00fcr das Jahr 2020 betrifft. Die Motoren k\u00f6nnen so langsam wieder gestartet werden, denn es wird doch noch eine Saison 2020 geben! Die Termine: \u00b0 Assen || 14.-16.08.2020 \u00b0 Sachsenring || 07.-09.09.2020 \u00b0\ufe0f\u2026 <a class=\"continue-reading-link\" href=\"https:\/\/www.fetz-racing.de\/wordpress\/?p=4330\">Weiterlesen<\/a><\/p>\n","protected":false},"author":1,"featured_media":0,"comment_status":"closed","ping_status":"closed","sticky":false,"template":"","format":"standard","meta":{"ngg_post_thumbnail":0,"jetpack_post_was_ever_published":false,"_jetpack_newsletter_access":"","_jetpack_dont_email_post_to_subs":false,"_jetpack_newsletter_tier_id":0,"_jetpack_memberships_contains_paywalled_content":false,"_jetpack_memberships_contains_paid_content":false,"footnotes":"","jetpack_publicize_message":"","jetpack_publicize_feature_enabled":true,"jetpack_social_post_already_shared":true,"jetpack_social_options":{"image_generator_settings":{"template":"highway","default_image_id":0,"font":"","enabled":false},"version":2}},"categories":[1],"tags":[],"class_list":["post-4330","post","type-post","status-publish","format-standard","hentry","category-allgemein"],"jetpack_publicize_connections":[],"jetpack_featured_media_url":"","jetpack_sharing_enabled":true,"jetpack_shortlink":"https:\/\/wp.me\/p8UkLO-17Q","jetpack-related-posts":[],"_links":{"self":[{"href":"https:\/\/www.fetz-racing.de\/wordpress\/index.php?rest_route=\/wp\/v2\/posts\/4330","targetHints":{"allow":["GET"]}}],"collection":[{"href":"https:\/\/www.fetz-racing.de\/wordpress\/index.php?rest_route=\/wp\/v2\/posts"}],"about":[{"href":"https:\/\/www.fetz-racing.de\/wordpress\/index.php?rest_route=\/wp\/v2\/types\/post"}],"author":[{"embeddable":true,"href":"https:\/\/www.fetz-racing.de\/wordpress\/index.php?rest_route=\/wp\/v2\/users\/1"}],"replies":[{"embeddable":true,"href":"https:\/\/www.fetz-racing.de\/wordpress\/index.php?rest_route=%2Fwp%2Fv2%2Fcomments&post=4330"}],"version-history":[{"count":5,"href":"https:\/\/www.fetz-racing.de\/wordpress\/index.php?rest_route=\/wp\/v2\/posts\/4330\/revisions"}],"predecessor-version":[{"id":4333,"href":"https:\/\/www.fetz-racing.de\/wordpress\/index.php?rest_route=\/wp\/v2\/posts\/4330\/revisions\/4333"}],"wp:attachment":[{"href":"https:\/\/www.fetz-racing.de\/wordpress\/index.php?rest_route=%2Fwp%2Fv2%2Fmedia&parent=4330"}],"wp:term":[{"taxonomy":"category","embeddable":true,"href":"https:\/\/www.fetz-racing.de\/wordpress\/index.php?rest_route=%2Fwp%2Fv2%2Fcategories&post=4330"},{"taxonomy":"post_tag","embeddable":true,"href":"https:\/\/www.fetz-racing.de\/wordpress\/index.php?rest_route=%2Fwp%2Fv2%2Ftags&post=4330"}],"curies":[{"name":"wp","href":"https:\/\/api.w.org\/{rel}","templated":true}]}}