{"id":4300,"date":"2020-05-14T14:30:11","date_gmt":"2020-05-14T13:30:11","guid":{"rendered":"https:\/\/www.fetz-racing.de\/wordpress\/?p=4300"},"modified":"2020-05-14T14:37:25","modified_gmt":"2020-05-14T13:37:25","slug":"lederkombi-fuer-die-saison-2020","status":"publish","type":"post","link":"https:\/\/www.fetz-racing.de\/wordpress\/?p=4300","title":{"rendered":"Lederkombi f\u00fcr die Saison 2020"},"content":{"rendered":"<p>Hallo Leute,&nbsp;<\/p>\n<p>nachdem es jetzt wieder einen Lichtblick am Ende des Tunnels gibt und die M\u00f6glichkeit besteht dieses Jahr vielleicht doch noch Motorrad zu fahren, haben wir bei Schwabenleder Marcos neue Lederkombi f\u00fcr die Saison 2020 abgeholt!&nbsp;<\/p>\n<p>Und f\u00fcr den 30.-31. Mai ist ein Training in Oschersleben gebucht. Wir hoffen, da\u00df aufgrund der aktuellen Situation dies auch durchgef\u00fchrt werden kann und Marco seine ersten Trainingskilometer auf der Suzuki im Team Laux sammeln kann.&nbsp;<\/p>\n<p>Vielen Dank an Dennis &amp; Julia H\u00e4mmer und das restliche Team f\u00fcr die super Arbeit!&nbsp;<\/p>\n<p>Nun hei\u00dft es abwarten und hoffen das es bald wieder los geht?<\/p>\n<p>Mit motorsportlichen Gr\u00fc\u00dfen!<\/p>\n<p>Marco #6<br \/>\n&amp; G\u00fcnter Fetz<\/p>\n<p>&nbsp;<a href=\"https:\/\/i0.wp.com\/www.fetz-racing.de\/wordpress\/wp-content\/uploads\/2020\/05\/schwabenleder_2020_01.jpg?ssl=1\"><img data-recalc-dims=\"1\" loading=\"lazy\" decoding=\"async\" data-attachment-id=\"4306\" data-permalink=\"https:\/\/www.fetz-racing.de\/wordpress\/?attachment_id=4306\" data-orig-file=\"https:\/\/i0.wp.com\/www.fetz-racing.de\/wordpress\/wp-content\/uploads\/2020\/05\/schwabenleder_2020_01.jpg?fit=800%2C1032&amp;ssl=1\" data-orig-size=\"800,1032\" data-comments-opened=\"1\" data-image-meta=\"{&quot;aperture&quot;:&quot;0&quot;,&quot;credit&quot;:&quot;&quot;,&quot;camera&quot;:&quot;&quot;,&quot;caption&quot;:&quot;&quot;,&quot;created_timestamp&quot;:&quot;1588936722&quot;,&quot;copyright&quot;:&quot;&quot;,&quot;focal_length&quot;:&quot;0&quot;,&quot;iso&quot;:&quot;0&quot;,&quot;shutter_speed&quot;:&quot;0&quot;,&quot;title&quot;:&quot;&quot;,&quot;orientation&quot;:&quot;0&quot;}\" data-image-title=\"schwabenleder_2020_01\" data-image-description=\"\" data-image-caption=\"\" data-large-file=\"https:\/\/i0.wp.com\/www.fetz-racing.de\/wordpress\/wp-content\/uploads\/2020\/05\/schwabenleder_2020_01.jpg?fit=770%2C993&amp;ssl=1\" class=\"wp-image-4306 alignleft\" src=\"https:\/\/i0.wp.com\/www.fetz-racing.de\/wordpress\/wp-content\/uploads\/2020\/05\/schwabenleder_2020_01.jpg?resize=500%2C645&#038;ssl=1\" alt=\"\" width=\"500\" height=\"645\" srcset=\"https:\/\/i0.wp.com\/www.fetz-racing.de\/wordpress\/wp-content\/uploads\/2020\/05\/schwabenleder_2020_01.jpg?w=800&amp;ssl=1 800w, https:\/\/i0.wp.com\/www.fetz-racing.de\/wordpress\/wp-content\/uploads\/2020\/05\/schwabenleder_2020_01.jpg?resize=233%2C300&amp;ssl=1 233w, https:\/\/i0.wp.com\/www.fetz-racing.de\/wordpress\/wp-content\/uploads\/2020\/05\/schwabenleder_2020_01.jpg?resize=794%2C1024&amp;ssl=1 794w, https:\/\/i0.wp.com\/www.fetz-racing.de\/wordpress\/wp-content\/uploads\/2020\/05\/schwabenleder_2020_01.jpg?resize=768%2C991&amp;ssl=1 768w, https:\/\/i0.wp.com\/www.fetz-racing.de\/wordpress\/wp-content\/uploads\/2020\/05\/schwabenleder_2020_01.jpg?resize=116%2C150&amp;ssl=1 116w\" sizes=\"auto, (max-width: 500px) 100vw, 500px\" \/><\/a> <a href=\"https:\/\/i0.wp.com\/www.fetz-racing.de\/wordpress\/wp-content\/uploads\/2020\/05\/schwabenleder_2020_03.jpg?ssl=1\"><img data-recalc-dims=\"1\" loading=\"lazy\" decoding=\"async\" data-attachment-id=\"4305\" data-permalink=\"https:\/\/www.fetz-racing.de\/wordpress\/?attachment_id=4305\" data-orig-file=\"https:\/\/i0.wp.com\/www.fetz-racing.de\/wordpress\/wp-content\/uploads\/2020\/05\/schwabenleder_2020_03.jpg?fit=800%2C600&amp;ssl=1\" data-orig-size=\"800,600\" data-comments-opened=\"1\" data-image-meta=\"{&quot;aperture&quot;:&quot;0&quot;,&quot;credit&quot;:&quot;&quot;,&quot;camera&quot;:&quot;&quot;,&quot;caption&quot;:&quot;&quot;,&quot;created_timestamp&quot;:&quot;1588936653&quot;,&quot;copyright&quot;:&quot;&quot;,&quot;focal_length&quot;:&quot;0&quot;,&quot;iso&quot;:&quot;0&quot;,&quot;shutter_speed&quot;:&quot;0&quot;,&quot;title&quot;:&quot;&quot;,&quot;orientation&quot;:&quot;0&quot;}\" data-image-title=\"schwabenleder_2020_03\" data-image-description=\"\" data-image-caption=\"\" data-large-file=\"https:\/\/i0.wp.com\/www.fetz-racing.de\/wordpress\/wp-content\/uploads\/2020\/05\/schwabenleder_2020_03.jpg?fit=770%2C578&amp;ssl=1\" class=\"alignleft wp-image-4305\" src=\"https:\/\/i0.wp.com\/www.fetz-racing.de\/wordpress\/wp-content\/uploads\/2020\/05\/schwabenleder_2020_03.jpg?resize=667%2C500&#038;ssl=1\" alt=\"\" width=\"667\" height=\"500\" srcset=\"https:\/\/i0.wp.com\/www.fetz-racing.de\/wordpress\/wp-content\/uploads\/2020\/05\/schwabenleder_2020_03.jpg?w=800&amp;ssl=1 800w, https:\/\/i0.wp.com\/www.fetz-racing.de\/wordpress\/wp-content\/uploads\/2020\/05\/schwabenleder_2020_03.jpg?resize=300%2C225&amp;ssl=1 300w, https:\/\/i0.wp.com\/www.fetz-racing.de\/wordpress\/wp-content\/uploads\/2020\/05\/schwabenleder_2020_03.jpg?resize=768%2C576&amp;ssl=1 768w, https:\/\/i0.wp.com\/www.fetz-racing.de\/wordpress\/wp-content\/uploads\/2020\/05\/schwabenleder_2020_03.jpg?resize=200%2C150&amp;ssl=1 200w, https:\/\/i0.wp.com\/www.fetz-racing.de\/wordpress\/wp-content\/uploads\/2020\/05\/schwabenleder_2020_03.jpg?resize=150%2C113&amp;ssl=1 150w\" sizes=\"auto, (max-width: 667px) 100vw, 667px\" \/><\/a><\/p>\n<p>&nbsp;<\/p>\n<p>&nbsp;<\/p>\n<p>&nbsp;<\/p>\n<p><a href=\"https:\/\/i0.wp.com\/www.fetz-racing.de\/wordpress\/wp-content\/uploads\/2020\/05\/schwabenleder_2020_02.jpg?ssl=1\"><img data-recalc-dims=\"1\" loading=\"lazy\" decoding=\"async\" data-attachment-id=\"4307\" data-permalink=\"https:\/\/www.fetz-racing.de\/wordpress\/?attachment_id=4307\" data-orig-file=\"https:\/\/i0.wp.com\/www.fetz-racing.de\/wordpress\/wp-content\/uploads\/2020\/05\/schwabenleder_2020_02.jpg?fit=800%2C993&amp;ssl=1\" data-orig-size=\"800,993\" data-comments-opened=\"1\" data-image-meta=\"{&quot;aperture&quot;:&quot;0&quot;,&quot;credit&quot;:&quot;&quot;,&quot;camera&quot;:&quot;&quot;,&quot;caption&quot;:&quot;&quot;,&quot;created_timestamp&quot;:&quot;1588936734&quot;,&quot;copyright&quot;:&quot;&quot;,&quot;focal_length&quot;:&quot;0&quot;,&quot;iso&quot;:&quot;0&quot;,&quot;shutter_speed&quot;:&quot;0&quot;,&quot;title&quot;:&quot;&quot;,&quot;orientation&quot;:&quot;0&quot;}\" data-image-title=\"schwabenleder_2020_02\" data-image-description=\"\" data-image-caption=\"\" data-large-file=\"https:\/\/i0.wp.com\/www.fetz-racing.de\/wordpress\/wp-content\/uploads\/2020\/05\/schwabenleder_2020_02.jpg?fit=770%2C956&amp;ssl=1\" class=\"alignleft wp-image-4307\" src=\"https:\/\/i0.wp.com\/www.fetz-racing.de\/wordpress\/wp-content\/uploads\/2020\/05\/schwabenleder_2020_02.jpg?resize=500%2C621&#038;ssl=1\" alt=\"\" width=\"500\" height=\"621\" srcset=\"https:\/\/i0.wp.com\/www.fetz-racing.de\/wordpress\/wp-content\/uploads\/2020\/05\/schwabenleder_2020_02.jpg?w=800&amp;ssl=1 800w, https:\/\/i0.wp.com\/www.fetz-racing.de\/wordpress\/wp-content\/uploads\/2020\/05\/schwabenleder_2020_02.jpg?resize=242%2C300&amp;ssl=1 242w, https:\/\/i0.wp.com\/www.fetz-racing.de\/wordpress\/wp-content\/uploads\/2020\/05\/schwabenleder_2020_02.jpg?resize=768%2C953&amp;ssl=1 768w, https:\/\/i0.wp.com\/www.fetz-racing.de\/wordpress\/wp-content\/uploads\/2020\/05\/schwabenleder_2020_02.jpg?resize=121%2C150&amp;ssl=1 121w\" sizes=\"auto, (max-width: 500px) 100vw, 500px\" \/><\/a><\/p>\n","protected":false},"excerpt":{"rendered":"<p>Hallo Leute,&nbsp; nachdem es jetzt wieder einen Lichtblick am Ende des Tunnels gibt und die M\u00f6glichkeit besteht dieses Jahr vielleicht doch noch Motorrad zu fahren, haben wir bei Schwabenleder Marcos neue Lederkombi f\u00fcr die Saison 2020 abgeholt!&nbsp; Und f\u00fcr den 30.-31. Mai ist ein Training in Oschersleben gebucht. Wir hoffen,\u2026 <a class=\"continue-reading-link\" href=\"https:\/\/www.fetz-racing.de\/wordpress\/?p=4300\">Weiterlesen<\/a><\/p>\n","protected":false},"author":1,"featured_media":0,"comment_status":"closed","ping_status":"closed","sticky":false,"template":"","format":"standard","meta":{"ngg_post_thumbnail":0,"jetpack_post_was_ever_published":false,"_jetpack_newsletter_access":"","_jetpack_dont_email_post_to_subs":false,"_jetpack_newsletter_tier_id":0,"_jetpack_memberships_contains_paywalled_content":false,"_jetpack_memberships_contains_paid_content":false,"footnotes":"","jetpack_publicize_message":"","jetpack_publicize_feature_enabled":true,"jetpack_social_post_already_shared":true,"jetpack_social_options":{"image_generator_settings":{"template":"highway","default_image_id":0,"font":"","enabled":false},"version":2}},"categories":[1],"tags":[],"class_list":["post-4300","post","type-post","status-publish","format-standard","hentry","category-allgemein"],"jetpack_publicize_connections":[],"jetpack_featured_media_url":"","jetpack_sharing_enabled":true,"jetpack_shortlink":"https:\/\/wp.me\/p8UkLO-17m","jetpack-related-posts":[],"_links":{"self":[{"href":"https:\/\/www.fetz-racing.de\/wordpress\/index.php?rest_route=\/wp\/v2\/posts\/4300","targetHints":{"allow":["GET"]}}],"collection":[{"href":"https:\/\/www.fetz-racing.de\/wordpress\/index.php?rest_route=\/wp\/v2\/posts"}],"about":[{"href":"https:\/\/www.fetz-racing.de\/wordpress\/index.php?rest_route=\/wp\/v2\/types\/post"}],"author":[{"embeddable":true,"href":"https:\/\/www.fetz-racing.de\/wordpress\/index.php?rest_route=\/wp\/v2\/users\/1"}],"replies":[{"embeddable":true,"href":"https:\/\/www.fetz-racing.de\/wordpress\/index.php?rest_route=%2Fwp%2Fv2%2Fcomments&post=4300"}],"version-history":[{"count":3,"href":"https:\/\/www.fetz-racing.de\/wordpress\/index.php?rest_route=\/wp\/v2\/posts\/4300\/revisions"}],"predecessor-version":[{"id":4309,"href":"https:\/\/www.fetz-racing.de\/wordpress\/index.php?rest_route=\/wp\/v2\/posts\/4300\/revisions\/4309"}],"wp:attachment":[{"href":"https:\/\/www.fetz-racing.de\/wordpress\/index.php?rest_route=%2Fwp%2Fv2%2Fmedia&parent=4300"}],"wp:term":[{"taxonomy":"category","embeddable":true,"href":"https:\/\/www.fetz-racing.de\/wordpress\/index.php?rest_route=%2Fwp%2Fv2%2Fcategories&post=4300"},{"taxonomy":"post_tag","embeddable":true,"href":"https:\/\/www.fetz-racing.de\/wordpress\/index.php?rest_route=%2Fwp%2Fv2%2Ftags&post=4300"}],"curies":[{"name":"wp","href":"https:\/\/api.w.org\/{rel}","templated":true}]}}