{"id":4292,"date":"2020-05-02T12:46:16","date_gmt":"2020-05-02T11:46:16","guid":{"rendered":"https:\/\/www.fetz-racing.de\/wordpress\/?p=4292"},"modified":"2020-05-02T12:46:46","modified_gmt":"2020-05-02T11:46:46","slug":"wie-geht-es-mit-der-idm-saison-2020-weiter","status":"publish","type":"post","link":"https:\/\/www.fetz-racing.de\/wordpress\/?p=4292","title":{"rendered":"Wie geht es mit der IDM-Saison 2020 weiter&#8230;."},"content":{"rendered":"<p>Hallo liebe Freunde und Motorrsportfreunde,<\/p>\n<p>wie geht&#8217;s Euch momentan? Wir hoffen es ist alles soweit gut und ihr seid Alle wohlauf!<\/p>\n<p>Weitere Nachrichten von der IDM 2020 gibt&#8217;s auch immer wieder&#8230;.<br \/>\nZu den bisher abgesagten IDM Veranstaltungen am Sachsenring, RedBull Ring und Speedweek Oschersleben sind jetzt leider auch noch die Veranstaltungen am N\u00fcrburgring und in Schleiz abgesagt worden.<br \/>\nDie Veranstaltung in Most (am 03.07., vor N\u00fcrburgring und Schleiz) ist aktuell noch im Kalender.<\/p>\n<p>Es ist nat\u00fcrlich sehr schade, dass Marco noch keine Vorbereitungen mit der Suzuki &amp; Stefan Laux in Angriff nehmen kann &#8211; er w\u00fcrde gerne auf der Suzuki sitzen \ud83d\ude42<br \/>\nMarco hat z. Zt. teilweise Kurzarbeit und kann sich weiterhin fit halten und viel trainieren.<\/p>\n<p>\u00dcber den weiteren Verlauf werden wir Euch nat\u00fcrlich auf dem Laufenden halten.<br \/>\nDenn wie es mit der Saison und der Vorbereitung genau weitergeht ist noch immer offen und wir hoffen, dass einige Termine evtl. auch verschoben bzw. nachgeholt werden und nicht alles abgesagt wird \ud83d\ude09<\/p>\n<p>Danke auch an H. Hochreuther f\u00fcr die Berichte im Altm\u00fchlboten!<\/p>\n<p>Weitere Infos auch unter: https:\/\/idm.de\/<\/p>\n<p>F\u00fcr alle Infos und R\u00fcckfragen stehen wir Euch nat\u00fcrlich gerne jederzeit zur Verf\u00fcgung!<\/p>\n<p>Weiterhin alles Gute f\u00fcr Euch und euren Familien und bleibt alle gesund!<\/p>\n<p>Bis die Tage&#8230;.<br \/>\nMit motorsportlichen Gr\u00fc\u00dfen!<\/p>\n<p>Marco #6<br \/>\n&amp; G\u00fcnter Fetz<\/p>\n<p>&nbsp;<\/p>\n<p><a href=\"https:\/\/i0.wp.com\/www.fetz-racing.de\/wordpress\/wp-content\/uploads\/2020\/05\/Hesselberg_03_20.jpg?ssl=1\"><img data-recalc-dims=\"1\" loading=\"lazy\" decoding=\"async\" data-attachment-id=\"4293\" data-permalink=\"https:\/\/www.fetz-racing.de\/wordpress\/?attachment_id=4293\" data-orig-file=\"https:\/\/i0.wp.com\/www.fetz-racing.de\/wordpress\/wp-content\/uploads\/2020\/05\/Hesselberg_03_20.jpg?fit=1200%2C1600&amp;ssl=1\" data-orig-size=\"1200,1600\" data-comments-opened=\"1\" data-image-meta=\"{&quot;aperture&quot;:&quot;0&quot;,&quot;credit&quot;:&quot;&quot;,&quot;camera&quot;:&quot;&quot;,&quot;caption&quot;:&quot;&quot;,&quot;created_timestamp&quot;:&quot;0&quot;,&quot;copyright&quot;:&quot;&quot;,&quot;focal_length&quot;:&quot;0&quot;,&quot;iso&quot;:&quot;0&quot;,&quot;shutter_speed&quot;:&quot;0&quot;,&quot;title&quot;:&quot;&quot;,&quot;orientation&quot;:&quot;0&quot;}\" data-image-title=\"Hesselberg_03_20\" data-image-description=\"\" data-image-caption=\"\" data-large-file=\"https:\/\/i0.wp.com\/www.fetz-racing.de\/wordpress\/wp-content\/uploads\/2020\/05\/Hesselberg_03_20.jpg?fit=768%2C1024&amp;ssl=1\" class=\"alignleft wp-image-4293\" src=\"https:\/\/i0.wp.com\/www.fetz-racing.de\/wordpress\/wp-content\/uploads\/2020\/05\/Hesselberg_03_20.jpg?resize=550%2C733&#038;ssl=1\" alt=\"\" width=\"550\" height=\"733\" srcset=\"https:\/\/i0.wp.com\/www.fetz-racing.de\/wordpress\/wp-content\/uploads\/2020\/05\/Hesselberg_03_20.jpg?w=1200&amp;ssl=1 1200w, https:\/\/i0.wp.com\/www.fetz-racing.de\/wordpress\/wp-content\/uploads\/2020\/05\/Hesselberg_03_20.jpg?resize=225%2C300&amp;ssl=1 225w, https:\/\/i0.wp.com\/www.fetz-racing.de\/wordpress\/wp-content\/uploads\/2020\/05\/Hesselberg_03_20.jpg?resize=768%2C1024&amp;ssl=1 768w, https:\/\/i0.wp.com\/www.fetz-racing.de\/wordpress\/wp-content\/uploads\/2020\/05\/Hesselberg_03_20.jpg?resize=1152%2C1536&amp;ssl=1 1152w, https:\/\/i0.wp.com\/www.fetz-racing.de\/wordpress\/wp-content\/uploads\/2020\/05\/Hesselberg_03_20.jpg?resize=113%2C150&amp;ssl=1 113w\" sizes=\"auto, (max-width: 550px) 100vw, 550px\" \/><\/a><\/p>\n","protected":false},"excerpt":{"rendered":"<p>Hallo liebe Freunde und Motorrsportfreunde, wie geht&#8217;s Euch momentan? Wir hoffen es ist alles soweit gut und ihr seid Alle wohlauf! Weitere Nachrichten von der IDM 2020 gibt&#8217;s auch immer wieder&#8230;. Zu den bisher abgesagten IDM Veranstaltungen am Sachsenring, RedBull Ring und Speedweek Oschersleben sind jetzt leider auch noch die\u2026 <a class=\"continue-reading-link\" href=\"https:\/\/www.fetz-racing.de\/wordpress\/?p=4292\">Weiterlesen<\/a><\/p>\n","protected":false},"author":1,"featured_media":0,"comment_status":"open","ping_status":"open","sticky":false,"template":"","format":"standard","meta":{"ngg_post_thumbnail":0,"jetpack_post_was_ever_published":false,"_jetpack_newsletter_access":"","_jetpack_dont_email_post_to_subs":false,"_jetpack_newsletter_tier_id":0,"_jetpack_memberships_contains_paywalled_content":false,"_jetpack_memberships_contains_paid_content":false,"footnotes":"","jetpack_publicize_message":"","jetpack_publicize_feature_enabled":true,"jetpack_social_post_already_shared":true,"jetpack_social_options":{"image_generator_settings":{"template":"highway","default_image_id":0,"font":"","enabled":false},"version":2}},"categories":[1],"tags":[],"class_list":["post-4292","post","type-post","status-publish","format-standard","hentry","category-allgemein"],"jetpack_publicize_connections":[],"jetpack_featured_media_url":"","jetpack_sharing_enabled":true,"jetpack_shortlink":"https:\/\/wp.me\/p8UkLO-17e","jetpack-related-posts":[],"_links":{"self":[{"href":"https:\/\/www.fetz-racing.de\/wordpress\/index.php?rest_route=\/wp\/v2\/posts\/4292","targetHints":{"allow":["GET"]}}],"collection":[{"href":"https:\/\/www.fetz-racing.de\/wordpress\/index.php?rest_route=\/wp\/v2\/posts"}],"about":[{"href":"https:\/\/www.fetz-racing.de\/wordpress\/index.php?rest_route=\/wp\/v2\/types\/post"}],"author":[{"embeddable":true,"href":"https:\/\/www.fetz-racing.de\/wordpress\/index.php?rest_route=\/wp\/v2\/users\/1"}],"replies":[{"embeddable":true,"href":"https:\/\/www.fetz-racing.de\/wordpress\/index.php?rest_route=%2Fwp%2Fv2%2Fcomments&post=4292"}],"version-history":[{"count":2,"href":"https:\/\/www.fetz-racing.de\/wordpress\/index.php?rest_route=\/wp\/v2\/posts\/4292\/revisions"}],"predecessor-version":[{"id":4295,"href":"https:\/\/www.fetz-racing.de\/wordpress\/index.php?rest_route=\/wp\/v2\/posts\/4292\/revisions\/4295"}],"wp:attachment":[{"href":"https:\/\/www.fetz-racing.de\/wordpress\/index.php?rest_route=%2Fwp%2Fv2%2Fmedia&parent=4292"}],"wp:term":[{"taxonomy":"category","embeddable":true,"href":"https:\/\/www.fetz-racing.de\/wordpress\/index.php?rest_route=%2Fwp%2Fv2%2Fcategories&post=4292"},{"taxonomy":"post_tag","embeddable":true,"href":"https:\/\/www.fetz-racing.de\/wordpress\/index.php?rest_route=%2Fwp%2Fv2%2Ftags&post=4292"}],"curies":[{"name":"wp","href":"https:\/\/api.w.org\/{rel}","templated":true}]}}