{"id":4282,"date":"2020-03-24T18:49:03","date_gmt":"2020-03-24T17:49:03","guid":{"rendered":"https:\/\/www.fetz-racing.de\/wordpress\/?p=4282"},"modified":"2020-03-24T18:49:19","modified_gmt":"2020-03-24T17:49:19","slug":"start-der-idm-saison-verlegt","status":"publish","type":"post","link":"https:\/\/www.fetz-racing.de\/wordpress\/?p=4282","title":{"rendered":"Start der IDM-Saison 2020 verlegt"},"content":{"rendered":"<p>Hallo liebe Freunde und Motorsportfreunde,<\/p>\n<p>aufgrund der aktuellen Umst\u00e4nde in Deutschland und dem Rest der Welt, m\u00f6chten wir uns an euch wenden.<br \/>\nWir hoffen ihr seid soweit alle fit und gesund!<\/p>\n<p>Auch m\u00f6chten wir Euch \u00fcber Marcos Vorbereitungen und die IDM Saison 2020 mit dem Team Laux informieren&#8230;.<br \/>\nStefan Laux bereitet z. Zt. die GSXR vor&#8230;<br \/>\nDanke auch an Benny Wilbers mit Team, der uns mit einem Wilbers Fahrwerk unterst\u00fctzt!<\/p>\n<p>Geplant war am 30.+31. M\u00e4rz in Hockenheim das erste Training mit Stefan Laux um die Suzuki zu testen und kennen zu lernen.<br \/>\nDanach vom 06.-08. April am Pannoniaring in Ungarn zu trainieren.<br \/>\nAm Ostersamstag, 11. April, die 1000km Hockenheim mit J\u00f6rg Teuchert und Nils Endter zu fahren.<br \/>\nVom 08.-10. Mai w\u00e4re die IDM Saison 2020 am Sachsenring gestartet.<br \/>\nLeider wurden all diese Veranstaltungen abgesagt!<br \/>\nWie es mit der Saison und der Vorbereitung genau weitergeht ist noch offen&#8230;.<\/p>\n<p>Wir werden euch \u00fcber den weiteren Verlauf nat\u00fcrlich auf dem Laufenden halten.<\/p>\n<p>Marco h\u00e4lt sich weiterhin k\u00f6rperlich fit und trainiert regelm\u00e4\u00dfig Ausdauer und Kraft, wie schon fast den ganzen Winter \u00fcber&#8230;. \ud83d\ude09<\/p>\n<p>Wir w\u00fcnschen Euch weiterhin alles Gute und hoffen ihr bleibt alle gesund!<\/p>\n<p>Mit motorsportlichen Gr\u00fc\u00dfen!<\/p>\n<p>Marco #6<br \/>\n&amp; G\u00fcnter Fetz<br \/>\nmit Familie<\/p>\n<p>www.Fetz-Racing.de<\/p>\n","protected":false},"excerpt":{"rendered":"<p>Hallo liebe Freunde und Motorsportfreunde, aufgrund der aktuellen Umst\u00e4nde in Deutschland und dem Rest der Welt, m\u00f6chten wir uns an euch wenden. Wir hoffen ihr seid soweit alle fit und gesund! Auch m\u00f6chten wir Euch \u00fcber Marcos Vorbereitungen und die IDM Saison 2020 mit dem Team Laux informieren&#8230;. Stefan Laux\u2026 <a class=\"continue-reading-link\" href=\"https:\/\/www.fetz-racing.de\/wordpress\/?p=4282\">Weiterlesen<\/a><\/p>\n","protected":false},"author":1,"featured_media":0,"comment_status":"open","ping_status":"open","sticky":false,"template":"","format":"standard","meta":{"ngg_post_thumbnail":0,"jetpack_post_was_ever_published":false,"_jetpack_newsletter_access":"","_jetpack_dont_email_post_to_subs":false,"_jetpack_newsletter_tier_id":0,"_jetpack_memberships_contains_paywalled_content":false,"_jetpack_memberships_contains_paid_content":false,"footnotes":"","jetpack_publicize_message":"","jetpack_publicize_feature_enabled":true,"jetpack_social_post_already_shared":true,"jetpack_social_options":{"image_generator_settings":{"template":"highway","default_image_id":0,"font":"","enabled":false},"version":2}},"categories":[1],"tags":[],"class_list":["post-4282","post","type-post","status-publish","format-standard","hentry","category-allgemein"],"jetpack_publicize_connections":[],"jetpack_featured_media_url":"","jetpack_sharing_enabled":true,"jetpack_shortlink":"https:\/\/wp.me\/p8UkLO-174","jetpack-related-posts":[],"_links":{"self":[{"href":"https:\/\/www.fetz-racing.de\/wordpress\/index.php?rest_route=\/wp\/v2\/posts\/4282","targetHints":{"allow":["GET"]}}],"collection":[{"href":"https:\/\/www.fetz-racing.de\/wordpress\/index.php?rest_route=\/wp\/v2\/posts"}],"about":[{"href":"https:\/\/www.fetz-racing.de\/wordpress\/index.php?rest_route=\/wp\/v2\/types\/post"}],"author":[{"embeddable":true,"href":"https:\/\/www.fetz-racing.de\/wordpress\/index.php?rest_route=\/wp\/v2\/users\/1"}],"replies":[{"embeddable":true,"href":"https:\/\/www.fetz-racing.de\/wordpress\/index.php?rest_route=%2Fwp%2Fv2%2Fcomments&post=4282"}],"version-history":[{"count":2,"href":"https:\/\/www.fetz-racing.de\/wordpress\/index.php?rest_route=\/wp\/v2\/posts\/4282\/revisions"}],"predecessor-version":[{"id":4284,"href":"https:\/\/www.fetz-racing.de\/wordpress\/index.php?rest_route=\/wp\/v2\/posts\/4282\/revisions\/4284"}],"wp:attachment":[{"href":"https:\/\/www.fetz-racing.de\/wordpress\/index.php?rest_route=%2Fwp%2Fv2%2Fmedia&parent=4282"}],"wp:term":[{"taxonomy":"category","embeddable":true,"href":"https:\/\/www.fetz-racing.de\/wordpress\/index.php?rest_route=%2Fwp%2Fv2%2Fcategories&post=4282"},{"taxonomy":"post_tag","embeddable":true,"href":"https:\/\/www.fetz-racing.de\/wordpress\/index.php?rest_route=%2Fwp%2Fv2%2Ftags&post=4282"}],"curies":[{"name":"wp","href":"https:\/\/api.w.org\/{rel}","templated":true}]}}