{"id":4170,"date":"2020-01-15T14:11:22","date_gmt":"2020-01-15T13:11:22","guid":{"rendered":"https:\/\/www.fetz-racing.de\/wordpress\/?p=4170"},"modified":"2020-01-15T14:18:49","modified_gmt":"2020-01-15T13:18:49","slug":"2020-auf-suzuki-in-der-idm-superbike-1000","status":"publish","type":"post","link":"https:\/\/www.fetz-racing.de\/wordpress\/?p=4170","title":{"rendered":"2020 auf Suzuki in der IDM Superbike 1000"},"content":{"rendered":"<p>Hallo Motorsportfreunde,<\/p>\n<p>Marcos IDM SSP600 Saison 2019 ist seit dem Saisonfinale in Hockenheim lange vorbei und wir hatten dann auch viel Zeit um die Saison 2020 zu besprechen und abzukl\u00e4ren wie es weiter gehen k\u00f6nnte &#8230;.!?<\/p>\n<p>Erfreulicherweise hatte es mit Stefan Laux vom Team Suzuki Laux bereits in Hockenheim Gespr\u00e4che gegeben.<br \/>\nMarco und wir haben uns entschieden in der Saison 2020 mit der Suzuki des Team Suzuki Laux in der Superbike 1000 an den Start zu gehen. Vielen Dank an Stefan Laux mit Team!<\/p>\n<p>Die Vorbereitung l\u00e4uft noch immer und wir haben erfreulicherweise bereits einige Zusagen von Sponsoren, Unterst\u00fctzern und Partnern, welche 2020 mit an Bord sind!<\/p>\n<p>Marco:<\/p>\n<blockquote><p>&#8222;Endlich ist es offiziell und ich freue mich darauf ein weiteres Jahr in der IDM an den Start gehen zu d\u00fcrfen !<br \/>\nIch bin bereit f\u00fcr die neue Herausforderung und freu\u00b4 mich auf die Suzuki !<br \/>\nVielen Dank an jeden einzelnen Sponsor, Partner und Unterst\u00fctzer sowie an meine Familie und mein Team !&#8220;<\/p><\/blockquote>\n<p>&nbsp;<\/p>\n<p><strong>Pressemitteilung Team Suzuki Laux:<br \/>\n<\/strong><a href=\"https:\/\/www.fetz-racing.de\/wordpress\/wp-content\/uploads\/2020\/01\/Pressemitteilung_2020.pdf\">https:\/\/www.fetz-racing.de\/wordpress\/wp-content\/uploads\/2020\/01\/Pressemitteilung_2020.pdf<\/a><strong><br \/>\n<\/strong><\/p>\n<p><em>Weiterer Berichte dazu unter folgenden Links:<\/em><\/p>\n<p><strong>IDM:<\/strong><br \/>\n<a href=\"https:\/\/idm.de\/2020\/01\/14\/idm-superbike-1000-marco-fetz-uebernimmt-die-suzuki-von-sarah-heide\/\">https:\/\/idm.de\/2020\/01\/14\/idm-superbike-1000-marco-fetz-uebernimmt-die-suzuki-von-sarah-heide\/<\/a><\/p>\n<p><strong>Speedweek:<\/strong><br \/>\n<a href=\"https:\/\/www.speedweek.com\/idmallgemein\/news\/154015\/Heide-faehrt-IDM-300-Fetz-uebernimmt-Suzuki-Superbike.html\">https:\/\/www.speedweek.com\/idmallgemein\/news\/154015\/Heide-faehrt-IDM-300-Fetz-uebernimmt-Suzuki-Superbike.html<\/a><\/p>\n<p><strong>Marco auf Facebook:<\/strong><br \/>\n<a href=\"https:\/\/de-de.facebook.com\/fetzRacing\/\">https:\/\/de-de.facebook.com\/fetzRacing\/<\/a><\/p>\n<p>Wir stehen Euch f\u00fcr R\u00fcckfragen gerne zur Verf\u00fcgung!<\/p>\n<p>Mit motorsportlichen Gr\u00fc\u00dfen !<\/p>\n<p>Marco #9<br \/>\n&nbsp;&nbsp;&nbsp; &amp; G\u00fcnter Fetz<\/p>\n<p>&nbsp;<\/p>\n<p><a href=\"https:\/\/i0.wp.com\/www.fetz-racing.de\/wordpress\/wp-content\/uploads\/2020\/01\/Marco-Fetz-Most-2019-Foto-Hermann-R%C3%BCger-33-scaled.jpg?ssl=1\"><img data-recalc-dims=\"1\" loading=\"lazy\" decoding=\"async\" data-attachment-id=\"4168\" data-permalink=\"https:\/\/www.fetz-racing.de\/wordpress\/?attachment_id=4168\" data-orig-file=\"https:\/\/i0.wp.com\/www.fetz-racing.de\/wordpress\/wp-content\/uploads\/2020\/01\/Marco-Fetz-Most-2019-Foto-Hermann-R%C3%BCger-33-scaled.jpg?fit=2560%2C1707&amp;ssl=1\" data-orig-size=\"2560,1707\" data-comments-opened=\"1\" data-image-meta=\"{&quot;aperture&quot;:&quot;4.2&quot;,&quot;credit&quot;:&quot;&quot;,&quot;camera&quot;:&quot;NIKON D90&quot;,&quot;caption&quot;:&quot;&quot;,&quot;created_timestamp&quot;:&quot;1565436064&quot;,&quot;copyright&quot;:&quot;&quot;,&quot;focal_length&quot;:&quot;32&quot;,&quot;iso&quot;:&quot;400&quot;,&quot;shutter_speed&quot;:&quot;0.0125&quot;,&quot;title&quot;:&quot;&quot;,&quot;orientation&quot;:&quot;1&quot;}\" data-image-title=\"Marco Fetz &amp;#8211; Most 2019 Foto Hermann R\u00fcger (33)\" data-image-description=\"\" data-image-caption=\"\" data-large-file=\"https:\/\/i0.wp.com\/www.fetz-racing.de\/wordpress\/wp-content\/uploads\/2020\/01\/Marco-Fetz-Most-2019-Foto-Hermann-R%C3%BCger-33-scaled.jpg?fit=770%2C514&amp;ssl=1\" class=\"alignleft wp-image-4168\" src=\"https:\/\/i0.wp.com\/www.fetz-racing.de\/wordpress\/wp-content\/uploads\/2020\/01\/Marco-Fetz-Most-2019-Foto-Hermann-R%C3%BCger-33-scaled.jpg?resize=600%2C400&#038;ssl=1\" alt=\"\" width=\"600\" height=\"400\" srcset=\"https:\/\/i0.wp.com\/www.fetz-racing.de\/wordpress\/wp-content\/uploads\/2020\/01\/Marco-Fetz-Most-2019-Foto-Hermann-R%C3%BCger-33-scaled.jpg?w=2560&amp;ssl=1 2560w, https:\/\/i0.wp.com\/www.fetz-racing.de\/wordpress\/wp-content\/uploads\/2020\/01\/Marco-Fetz-Most-2019-Foto-Hermann-R%C3%BCger-33-scaled.jpg?resize=300%2C200&amp;ssl=1 300w, https:\/\/i0.wp.com\/www.fetz-racing.de\/wordpress\/wp-content\/uploads\/2020\/01\/Marco-Fetz-Most-2019-Foto-Hermann-R%C3%BCger-33-scaled.jpg?resize=1024%2C683&amp;ssl=1 1024w, https:\/\/i0.wp.com\/www.fetz-racing.de\/wordpress\/wp-content\/uploads\/2020\/01\/Marco-Fetz-Most-2019-Foto-Hermann-R%C3%BCger-33-scaled.jpg?resize=768%2C512&amp;ssl=1 768w, https:\/\/i0.wp.com\/www.fetz-racing.de\/wordpress\/wp-content\/uploads\/2020\/01\/Marco-Fetz-Most-2019-Foto-Hermann-R%C3%BCger-33-scaled.jpg?resize=1536%2C1024&amp;ssl=1 1536w, https:\/\/i0.wp.com\/www.fetz-racing.de\/wordpress\/wp-content\/uploads\/2020\/01\/Marco-Fetz-Most-2019-Foto-Hermann-R%C3%BCger-33-scaled.jpg?resize=2048%2C1365&amp;ssl=1 2048w, https:\/\/i0.wp.com\/www.fetz-racing.de\/wordpress\/wp-content\/uploads\/2020\/01\/Marco-Fetz-Most-2019-Foto-Hermann-R%C3%BCger-33-scaled.jpg?resize=225%2C150&amp;ssl=1 225w, https:\/\/i0.wp.com\/www.fetz-racing.de\/wordpress\/wp-content\/uploads\/2020\/01\/Marco-Fetz-Most-2019-Foto-Hermann-R%C3%BCger-33-scaled.jpg?resize=150%2C100&amp;ssl=1 150w, https:\/\/i0.wp.com\/www.fetz-racing.de\/wordpress\/wp-content\/uploads\/2020\/01\/Marco-Fetz-Most-2019-Foto-Hermann-R%C3%BCger-33-scaled.jpg?w=2310&amp;ssl=1 2310w\" sizes=\"auto, (max-width: 600px) 100vw, 600px\" \/><\/a> <a href=\"https:\/\/i0.wp.com\/www.fetz-racing.de\/wordpress\/wp-content\/uploads\/2020\/01\/IDM_2019_Hockenheim_Sonntag_1_2_23-scaled.jpg?ssl=1\"><img data-recalc-dims=\"1\" loading=\"lazy\" decoding=\"async\" data-attachment-id=\"4167\" data-permalink=\"https:\/\/www.fetz-racing.de\/wordpress\/?attachment_id=4167\" data-orig-file=\"https:\/\/i0.wp.com\/www.fetz-racing.de\/wordpress\/wp-content\/uploads\/2020\/01\/IDM_2019_Hockenheim_Sonntag_1_2_23-scaled.jpg?fit=2560%2C1707&amp;ssl=1\" data-orig-size=\"2560,1707\" data-comments-opened=\"1\" data-image-meta=\"{&quot;aperture&quot;:&quot;2.8&quot;,&quot;credit&quot;:&quot;Dino Eisele \/ Motor Presse Stutt&quot;,&quot;camera&quot;:&quot;Canon EOS-1D X Mark II&quot;,&quot;caption&quot;:&quot;&quot;,&quot;created_timestamp&quot;:&quot;1569740736&quot;,&quot;copyright&quot;:&quot;Motor Presse Stuttgart GmbH \\u0026amp; Co. KG&quot;,&quot;focal_length&quot;:&quot;85&quot;,&quot;iso&quot;:&quot;640&quot;,&quot;shutter_speed&quot;:&quot;0.002&quot;,&quot;title&quot;:&quot;&quot;,&quot;orientation&quot;:&quot;0&quot;}\" data-image-title=\"IDM_2019_Hockenheim_Sonntag_1_2_23\" data-image-description=\"\" data-image-caption=\"\" data-large-file=\"https:\/\/i0.wp.com\/www.fetz-racing.de\/wordpress\/wp-content\/uploads\/2020\/01\/IDM_2019_Hockenheim_Sonntag_1_2_23-scaled.jpg?fit=770%2C514&amp;ssl=1\" class=\"alignleft wp-image-4167\" src=\"https:\/\/i0.wp.com\/www.fetz-racing.de\/wordpress\/wp-content\/uploads\/2020\/01\/IDM_2019_Hockenheim_Sonntag_1_2_23-scaled.jpg?resize=600%2C400&#038;ssl=1\" alt=\"\" width=\"600\" height=\"400\" srcset=\"https:\/\/i0.wp.com\/www.fetz-racing.de\/wordpress\/wp-content\/uploads\/2020\/01\/IDM_2019_Hockenheim_Sonntag_1_2_23-scaled.jpg?w=2560&amp;ssl=1 2560w, https:\/\/i0.wp.com\/www.fetz-racing.de\/wordpress\/wp-content\/uploads\/2020\/01\/IDM_2019_Hockenheim_Sonntag_1_2_23-scaled.jpg?resize=300%2C200&amp;ssl=1 300w, https:\/\/i0.wp.com\/www.fetz-racing.de\/wordpress\/wp-content\/uploads\/2020\/01\/IDM_2019_Hockenheim_Sonntag_1_2_23-scaled.jpg?resize=1024%2C683&amp;ssl=1 1024w, https:\/\/i0.wp.com\/www.fetz-racing.de\/wordpress\/wp-content\/uploads\/2020\/01\/IDM_2019_Hockenheim_Sonntag_1_2_23-scaled.jpg?resize=768%2C512&amp;ssl=1 768w, https:\/\/i0.wp.com\/www.fetz-racing.de\/wordpress\/wp-content\/uploads\/2020\/01\/IDM_2019_Hockenheim_Sonntag_1_2_23-scaled.jpg?resize=1536%2C1024&amp;ssl=1 1536w, https:\/\/i0.wp.com\/www.fetz-racing.de\/wordpress\/wp-content\/uploads\/2020\/01\/IDM_2019_Hockenheim_Sonntag_1_2_23-scaled.jpg?resize=2048%2C1365&amp;ssl=1 2048w, https:\/\/i0.wp.com\/www.fetz-racing.de\/wordpress\/wp-content\/uploads\/2020\/01\/IDM_2019_Hockenheim_Sonntag_1_2_23-scaled.jpg?resize=225%2C150&amp;ssl=1 225w, https:\/\/i0.wp.com\/www.fetz-racing.de\/wordpress\/wp-content\/uploads\/2020\/01\/IDM_2019_Hockenheim_Sonntag_1_2_23-scaled.jpg?resize=150%2C100&amp;ssl=1 150w, https:\/\/i0.wp.com\/www.fetz-racing.de\/wordpress\/wp-content\/uploads\/2020\/01\/IDM_2019_Hockenheim_Sonntag_1_2_23-scaled.jpg?w=2310&amp;ssl=1 2310w\" sizes=\"auto, (max-width: 600px) 100vw, 600px\" \/><\/a><\/p>\n","protected":false},"excerpt":{"rendered":"<p>Hallo Motorsportfreunde, Marcos IDM SSP600 Saison 2019 ist seit dem Saisonfinale in Hockenheim lange vorbei und wir hatten dann auch viel Zeit um die Saison 2020 zu besprechen und abzukl\u00e4ren wie es weiter gehen k\u00f6nnte &#8230;.!? Erfreulicherweise hatte es mit Stefan Laux vom Team Suzuki Laux bereits in Hockenheim Gespr\u00e4che\u2026 <a class=\"continue-reading-link\" href=\"https:\/\/www.fetz-racing.de\/wordpress\/?p=4170\">Weiterlesen<\/a><\/p>\n","protected":false},"author":1,"featured_media":0,"comment_status":"closed","ping_status":"closed","sticky":false,"template":"","format":"standard","meta":{"ngg_post_thumbnail":0,"jetpack_post_was_ever_published":false,"_jetpack_newsletter_access":"","_jetpack_dont_email_post_to_subs":false,"_jetpack_newsletter_tier_id":0,"_jetpack_memberships_contains_paywalled_content":false,"_jetpack_memberships_contains_paid_content":false,"footnotes":"","jetpack_publicize_message":"","jetpack_publicize_feature_enabled":true,"jetpack_social_post_already_shared":true,"jetpack_social_options":{"image_generator_settings":{"template":"highway","default_image_id":0,"font":"","enabled":false},"version":2}},"categories":[1],"tags":[],"class_list":["post-4170","post","type-post","status-publish","format-standard","hentry","category-allgemein"],"jetpack_publicize_connections":[],"jetpack_featured_media_url":"","jetpack_sharing_enabled":true,"jetpack_shortlink":"https:\/\/wp.me\/p8UkLO-15g","jetpack-related-posts":[],"_links":{"self":[{"href":"https:\/\/www.fetz-racing.de\/wordpress\/index.php?rest_route=\/wp\/v2\/posts\/4170","targetHints":{"allow":["GET"]}}],"collection":[{"href":"https:\/\/www.fetz-racing.de\/wordpress\/index.php?rest_route=\/wp\/v2\/posts"}],"about":[{"href":"https:\/\/www.fetz-racing.de\/wordpress\/index.php?rest_route=\/wp\/v2\/types\/post"}],"author":[{"embeddable":true,"href":"https:\/\/www.fetz-racing.de\/wordpress\/index.php?rest_route=\/wp\/v2\/users\/1"}],"replies":[{"embeddable":true,"href":"https:\/\/www.fetz-racing.de\/wordpress\/index.php?rest_route=%2Fwp%2Fv2%2Fcomments&post=4170"}],"version-history":[{"count":8,"href":"https:\/\/www.fetz-racing.de\/wordpress\/index.php?rest_route=\/wp\/v2\/posts\/4170\/revisions"}],"predecessor-version":[{"id":4178,"href":"https:\/\/www.fetz-racing.de\/wordpress\/index.php?rest_route=\/wp\/v2\/posts\/4170\/revisions\/4178"}],"wp:attachment":[{"href":"https:\/\/www.fetz-racing.de\/wordpress\/index.php?rest_route=%2Fwp%2Fv2%2Fmedia&parent=4170"}],"wp:term":[{"taxonomy":"category","embeddable":true,"href":"https:\/\/www.fetz-racing.de\/wordpress\/index.php?rest_route=%2Fwp%2Fv2%2Fcategories&post=4170"},{"taxonomy":"post_tag","embeddable":true,"href":"https:\/\/www.fetz-racing.de\/wordpress\/index.php?rest_route=%2Fwp%2Fv2%2Ftags&post=4170"}],"curies":[{"name":"wp","href":"https:\/\/api.w.org\/{rel}","templated":true}]}}