{"id":4151,"date":"2019-12-14T09:20:03","date_gmt":"2019-12-14T08:20:03","guid":{"rendered":"https:\/\/www.fetz-racing.de\/wordpress\/?p=4151"},"modified":"2019-12-14T09:26:40","modified_gmt":"2019-12-14T08:26:40","slug":"rueckblick-und-ausblick","status":"publish","type":"post","link":"https:\/\/www.fetz-racing.de\/wordpress\/?p=4151","title":{"rendered":"R\u00fcckblick und Ausblick"},"content":{"rendered":"<p>Liebe Motorsportfreunde,<\/p>\n<p>die IDM Supersport 600 Saison 2019 ist ja mittlerweile seit dem Hockenheimfinale am 27.-29.10.19 vorbei. Marco landete nach der bisher schwierigsten und sehr abwechslungsreichen Saison auf Platz 12 der SSP600, womit wir trotzdem zufrieden sind.<\/p>\n<p>Wie es denn 2020 bei Marco weitergeht ist gerade noch im Gespr\u00e4ch&#8230;.vielleicht gehen wir in der SBK1000 an den Start&#8230;.<br \/>\nAber dar\u00fcber halten wir euch auf dem Laufenden \ud83d\ude09<\/p>\n<p>Aber hiermit m\u00f6chte ich, G\u00fcnni, uns erst einmal f\u00fcr die Umst\u00e4nde entschuldigen, da\u00df wir uns bis heute noch nicht bei euch Allen gemeldet haben&#8230;!<br \/>\nLeider hatte ich nach dem Finale in Hockenheim einen kleinen Unfall. Ich wurde sofort im Krankenhaus behandelt und war nach kurzem Aufenthalt zu Hause dann noch auf Reha.<br \/>\nGott sei Dank befinde ich mich noch immer auf einem guten Weg der Besserung!<br \/>\nAus diesem Grund konnten wir auch bei Theo leider keine kleine Abschlussfeier f\u00fcr unsere Freunde, Sponsoren und Helfer mehr veranstalten.<br \/>\nDies m\u00f6chten wir jedoch im Fr\u00fchjahr der neuen Saison 2020 nachholen \ud83d\ude42<\/p>\n<p>Und was wir Euch unbedingt noch sagen m\u00f6chten ist:<br \/>\nEin riesiges Dankesch\u00f6n an alle unsere Sponsoren, Partner, Reifenclub, Hunderterclub und Helfer die Marco und unser Team in der Saison 2019 unterst\u00fctzt haben!<\/p>\n<p>Des weiteren w\u00fcnschen wir Euch und euren Familien eine sch\u00f6ne ruhige Weihnachtszeit und einen guten Rutsch ins Jahr 2020!<\/p>\n<p>Mit motorsportlichen Gr\u00fc\u00dfen !<\/p>\n<p>Marco #9<br \/>\n&amp; G\u00fcnter Fetz<\/p>\n<div id=\"attachment_4155\" style=\"width: 760px\" class=\"wp-caption aligncenter\"><a href=\"https:\/\/i0.wp.com\/www.fetz-racing.de\/wordpress\/wp-content\/uploads\/2019\/12\/FETZ_Saisonstart-2019-am-Lausitzring-scaled.jpg?ssl=1\"><img data-recalc-dims=\"1\" decoding=\"async\" aria-describedby=\"caption-attachment-4155\" data-attachment-id=\"4155\" data-permalink=\"https:\/\/www.fetz-racing.de\/wordpress\/?attachment_id=4155\" data-orig-file=\"https:\/\/i0.wp.com\/www.fetz-racing.de\/wordpress\/wp-content\/uploads\/2019\/12\/FETZ_Saisonstart-2019-am-Lausitzring-scaled.jpg?fit=2560%2C1568&amp;ssl=1\" data-orig-size=\"2560,1568\" data-comments-opened=\"1\" data-image-meta=\"{&quot;aperture&quot;:&quot;2&quot;,&quot;credit&quot;:&quot;&quot;,&quot;camera&quot;:&quot;moto g(6) play&quot;,&quot;caption&quot;:&quot;&quot;,&quot;created_timestamp&quot;:&quot;1558120704&quot;,&quot;copyright&quot;:&quot;&quot;,&quot;focal_length&quot;:&quot;3.519&quot;,&quot;iso&quot;:&quot;50&quot;,&quot;shutter_speed&quot;:&quot;0.0015898251192369&quot;,&quot;title&quot;:&quot;&quot;,&quot;orientation&quot;:&quot;1&quot;}\" data-image-title=\"FETZ_Saisonstart 2019 am Lausitzring\" data-image-description=\"\" data-image-caption=\"\" data-large-file=\"https:\/\/i0.wp.com\/www.fetz-racing.de\/wordpress\/wp-content\/uploads\/2019\/12\/FETZ_Saisonstart-2019-am-Lausitzring-scaled.jpg?fit=770%2C471&amp;ssl=1\" class=\"wp-image-4155\" src=\"https:\/\/i0.wp.com\/www.fetz-racing.de\/wordpress\/wp-content\/uploads\/2019\/12\/FETZ_Saisonstart-2019-am-Lausitzring-scaled.jpg?w=750&#038;ssl=1\" alt=\"Saisonstart 2019 SSP600 am Lausitzring\"  srcset=\"https:\/\/i0.wp.com\/www.fetz-racing.de\/wordpress\/wp-content\/uploads\/2019\/12\/FETZ_Saisonstart-2019-am-Lausitzring-scaled.jpg?w=2560&amp;ssl=1 2560w, https:\/\/i0.wp.com\/www.fetz-racing.de\/wordpress\/wp-content\/uploads\/2019\/12\/FETZ_Saisonstart-2019-am-Lausitzring-scaled.jpg?resize=300%2C184&amp;ssl=1 300w, https:\/\/i0.wp.com\/www.fetz-racing.de\/wordpress\/wp-content\/uploads\/2019\/12\/FETZ_Saisonstart-2019-am-Lausitzring-scaled.jpg?resize=1024%2C627&amp;ssl=1 1024w, https:\/\/i0.wp.com\/www.fetz-racing.de\/wordpress\/wp-content\/uploads\/2019\/12\/FETZ_Saisonstart-2019-am-Lausitzring-scaled.jpg?resize=768%2C470&amp;ssl=1 768w, https:\/\/i0.wp.com\/www.fetz-racing.de\/wordpress\/wp-content\/uploads\/2019\/12\/FETZ_Saisonstart-2019-am-Lausitzring-scaled.jpg?resize=1536%2C941&amp;ssl=1 1536w, https:\/\/i0.wp.com\/www.fetz-racing.de\/wordpress\/wp-content\/uploads\/2019\/12\/FETZ_Saisonstart-2019-am-Lausitzring-scaled.jpg?resize=2048%2C1254&amp;ssl=1 2048w, https:\/\/i0.wp.com\/www.fetz-racing.de\/wordpress\/wp-content\/uploads\/2019\/12\/FETZ_Saisonstart-2019-am-Lausitzring-scaled.jpg?resize=245%2C150&amp;ssl=1 245w, https:\/\/i0.wp.com\/www.fetz-racing.de\/wordpress\/wp-content\/uploads\/2019\/12\/FETZ_Saisonstart-2019-am-Lausitzring-scaled.jpg?resize=150%2C92&amp;ssl=1 150w, https:\/\/i0.wp.com\/www.fetz-racing.de\/wordpress\/wp-content\/uploads\/2019\/12\/FETZ_Saisonstart-2019-am-Lausitzring-scaled.jpg?w=2310&amp;ssl=1 2310w\" sizes=\"(max-width: 770px) 100vw, 770px\" \/><\/a><p id=\"caption-attachment-4155\" class=\"wp-caption-text\">Saisonstart 2019 SSP600 am Lausitzring<\/p><\/div>\n<div id=\"attachment_4153\" style=\"width: 760px\" class=\"wp-caption aligncenter\"><a href=\"https:\/\/i0.wp.com\/www.fetz-racing.de\/wordpress\/wp-content\/uploads\/2019\/12\/FETZ_Saisonfinale-in-HH-scaled.jpg?ssl=1\"><img data-recalc-dims=\"1\" decoding=\"async\" aria-describedby=\"caption-attachment-4153\" data-attachment-id=\"4153\" data-permalink=\"https:\/\/www.fetz-racing.de\/wordpress\/?attachment_id=4153\" data-orig-file=\"https:\/\/i0.wp.com\/www.fetz-racing.de\/wordpress\/wp-content\/uploads\/2019\/12\/FETZ_Saisonfinale-in-HH-scaled.jpg?fit=2560%2C2428&amp;ssl=1\" data-orig-size=\"2560,2428\" data-comments-opened=\"1\" data-image-meta=\"{&quot;aperture&quot;:&quot;4.5&quot;,&quot;credit&quot;:&quot;&quot;,&quot;camera&quot;:&quot;NIKON D7100&quot;,&quot;caption&quot;:&quot;&quot;,&quot;created_timestamp&quot;:&quot;1569778394&quot;,&quot;copyright&quot;:&quot;&quot;,&quot;focal_length&quot;:&quot;21&quot;,&quot;iso&quot;:&quot;400&quot;,&quot;shutter_speed&quot;:&quot;0.0125&quot;,&quot;title&quot;:&quot;&quot;,&quot;orientation&quot;:&quot;1&quot;}\" data-image-title=\"FETZ_Saisonfinale in HH\" data-image-description=\"\" data-image-caption=\"\" data-large-file=\"https:\/\/i0.wp.com\/www.fetz-racing.de\/wordpress\/wp-content\/uploads\/2019\/12\/FETZ_Saisonfinale-in-HH-scaled.jpg?fit=770%2C730&amp;ssl=1\" class=\"wp-image-4153\" src=\"https:\/\/i0.wp.com\/www.fetz-racing.de\/wordpress\/wp-content\/uploads\/2019\/12\/FETZ_Saisonfinale-in-HH-scaled.jpg?w=750&#038;ssl=1\" alt=\"Saisonfinale 2019 SSP600 am Hockenheimring\"  srcset=\"https:\/\/i0.wp.com\/www.fetz-racing.de\/wordpress\/wp-content\/uploads\/2019\/12\/FETZ_Saisonfinale-in-HH-scaled.jpg?w=2560&amp;ssl=1 2560w, https:\/\/i0.wp.com\/www.fetz-racing.de\/wordpress\/wp-content\/uploads\/2019\/12\/FETZ_Saisonfinale-in-HH-scaled.jpg?resize=300%2C285&amp;ssl=1 300w, https:\/\/i0.wp.com\/www.fetz-racing.de\/wordpress\/wp-content\/uploads\/2019\/12\/FETZ_Saisonfinale-in-HH-scaled.jpg?resize=1024%2C971&amp;ssl=1 1024w, https:\/\/i0.wp.com\/www.fetz-racing.de\/wordpress\/wp-content\/uploads\/2019\/12\/FETZ_Saisonfinale-in-HH-scaled.jpg?resize=768%2C728&amp;ssl=1 768w, https:\/\/i0.wp.com\/www.fetz-racing.de\/wordpress\/wp-content\/uploads\/2019\/12\/FETZ_Saisonfinale-in-HH-scaled.jpg?resize=1536%2C1457&amp;ssl=1 1536w, https:\/\/i0.wp.com\/www.fetz-racing.de\/wordpress\/wp-content\/uploads\/2019\/12\/FETZ_Saisonfinale-in-HH-scaled.jpg?resize=2048%2C1942&amp;ssl=1 2048w, https:\/\/i0.wp.com\/www.fetz-racing.de\/wordpress\/wp-content\/uploads\/2019\/12\/FETZ_Saisonfinale-in-HH-scaled.jpg?resize=158%2C150&amp;ssl=1 158w, https:\/\/i0.wp.com\/www.fetz-racing.de\/wordpress\/wp-content\/uploads\/2019\/12\/FETZ_Saisonfinale-in-HH-scaled.jpg?resize=150%2C142&amp;ssl=1 150w, https:\/\/i0.wp.com\/www.fetz-racing.de\/wordpress\/wp-content\/uploads\/2019\/12\/FETZ_Saisonfinale-in-HH-scaled.jpg?w=2310&amp;ssl=1 2310w\" sizes=\"(max-width: 770px) 100vw, 770px\" \/><\/a><p id=\"caption-attachment-4153\" class=\"wp-caption-text\">Saisonfinale 2019 SSP600 am Hockenheimring<\/p><\/div>\n","protected":false},"excerpt":{"rendered":"<p>Liebe Motorsportfreunde, die IDM Supersport 600 Saison 2019 ist ja mittlerweile seit dem Hockenheimfinale am 27.-29.10.19 vorbei. Marco landete nach der bisher schwierigsten und sehr abwechslungsreichen Saison auf Platz 12 der SSP600, womit wir trotzdem zufrieden sind. Wie es denn 2020 bei Marco weitergeht ist gerade noch im Gespr\u00e4ch&#8230;.vielleicht gehen\u2026 <a class=\"continue-reading-link\" href=\"https:\/\/www.fetz-racing.de\/wordpress\/?p=4151\">Weiterlesen<\/a><\/p>\n","protected":false},"author":1,"featured_media":0,"comment_status":"closed","ping_status":"closed","sticky":false,"template":"","format":"standard","meta":{"ngg_post_thumbnail":0,"jetpack_post_was_ever_published":false,"_jetpack_newsletter_access":"","_jetpack_dont_email_post_to_subs":false,"_jetpack_newsletter_tier_id":0,"_jetpack_memberships_contains_paywalled_content":false,"_jetpack_memberships_contains_paid_content":false,"footnotes":"","jetpack_publicize_message":"","jetpack_publicize_feature_enabled":true,"jetpack_social_post_already_shared":true,"jetpack_social_options":{"image_generator_settings":{"template":"highway","default_image_id":0,"font":"","enabled":false},"version":2}},"categories":[1],"tags":[],"class_list":["post-4151","post","type-post","status-publish","format-standard","hentry","category-allgemein"],"jetpack_publicize_connections":[],"jetpack_featured_media_url":"","jetpack_sharing_enabled":true,"jetpack_shortlink":"https:\/\/wp.me\/p8UkLO-14X","jetpack-related-posts":[],"_links":{"self":[{"href":"https:\/\/www.fetz-racing.de\/wordpress\/index.php?rest_route=\/wp\/v2\/posts\/4151","targetHints":{"allow":["GET"]}}],"collection":[{"href":"https:\/\/www.fetz-racing.de\/wordpress\/index.php?rest_route=\/wp\/v2\/posts"}],"about":[{"href":"https:\/\/www.fetz-racing.de\/wordpress\/index.php?rest_route=\/wp\/v2\/types\/post"}],"author":[{"embeddable":true,"href":"https:\/\/www.fetz-racing.de\/wordpress\/index.php?rest_route=\/wp\/v2\/users\/1"}],"replies":[{"embeddable":true,"href":"https:\/\/www.fetz-racing.de\/wordpress\/index.php?rest_route=%2Fwp%2Fv2%2Fcomments&post=4151"}],"version-history":[{"count":5,"href":"https:\/\/www.fetz-racing.de\/wordpress\/index.php?rest_route=\/wp\/v2\/posts\/4151\/revisions"}],"predecessor-version":[{"id":4158,"href":"https:\/\/www.fetz-racing.de\/wordpress\/index.php?rest_route=\/wp\/v2\/posts\/4151\/revisions\/4158"}],"wp:attachment":[{"href":"https:\/\/www.fetz-racing.de\/wordpress\/index.php?rest_route=%2Fwp%2Fv2%2Fmedia&parent=4151"}],"wp:term":[{"taxonomy":"category","embeddable":true,"href":"https:\/\/www.fetz-racing.de\/wordpress\/index.php?rest_route=%2Fwp%2Fv2%2Fcategories&post=4151"},{"taxonomy":"post_tag","embeddable":true,"href":"https:\/\/www.fetz-racing.de\/wordpress\/index.php?rest_route=%2Fwp%2Fv2%2Ftags&post=4151"}],"curies":[{"name":"wp","href":"https:\/\/api.w.org\/{rel}","templated":true}]}}