{"id":3985,"date":"2019-08-01T20:49:30","date_gmt":"2019-08-01T19:49:30","guid":{"rendered":"https:\/\/www.fetz-racing.de\/wordpress\/?p=3985"},"modified":"2019-08-15T17:52:41","modified_gmt":"2019-08-15T16:52:41","slug":"2x-top10-am-schleizer-dreieck","status":"publish","type":"post","link":"https:\/\/www.fetz-racing.de\/wordpress\/?p=3985","title":{"rendered":"2x Top10 am Schleizer Dreieck"},"content":{"rendered":"<p>Hallo Freunde,<br \/>\nhier unser Bericht von unserem Rennwochenende am Schleizer Dreieck!<\/p>\n<p>Donnerstag letzter Woche waren wir nachmittags in Schleiz angekommen.<br \/>\nDer Wetterbericht sagte f\u00fcr Samstag und Sonntag zwar etwas Regen bzw. Gewitter an, aber das Wochenende blieb hochsommerlich warm und trocken.<\/p>\n<p>Bereits am Freitag in den freien Trainings konnte Marco von Beginn an gute Zeiten fahren und f\u00fchlte sich auf seiner Yamaha R6 pudelwohl.<br \/>\n&#8222;Die Strecke macht mir jede Menge Spa\u00df und ist einfach geil zu fahren&#8220;<br \/>\nMarco beendete das erste freie Training auf P10 und das zweite auf P4.<\/p>\n<p>Im ersten Quali am Samstag Vormittag konnte Marco mit einer Zeit von 1:28,840 P10 herausfahren, mit 1,1 Sekunden R\u00fcckstand auf P1 und nur 0,6sec. auf P3.<br \/>\nIn Q2 am Nachmittag waren wieder deutlich h\u00f6here Temperaturen und so konnten nur wenige ihre Zeit verbessern.<br \/>\nEs blieb somit bei Startplatz 10, womit wir sehr zufrieden waren, da die Zeiten sehr eng beieinander lagen!<\/p>\n<p>Im Warmup am Sonntag morgen um 8:00 Uhr hat alles super funktioniert und Marco beendete dieses auf P4.<\/p>\n<p>Rennen 1: Marco hatte einen einigerma\u00dfen guten Start und konnte seine Position halten. Im Verlauf des Rennens r\u00fcckte er durch den Sturz eines Konkurrenten auf P9. Er hatte einen super Speed, fuhr konstante 1:28er und 1:29er Zeiten, und konnte an der F\u00fchrungsgruppe dranbleiben. Nach einigen Fights und \u00dcberholman\u00f6vern \u00fcberquerte er nach anstrengenden 15 Runden auf Platz 9, mit 5,3 Sekunden R\u00fcckstand auf Sieger Luca Gr\u00fcnwald den Zielstrich!<br \/>\nAuf P10, hatte Marco am Schluss \u00fcber 8 Sec. Vorsprung.<br \/>\nSomit bisher bestes Ergebnis der Saison und erneut Top10.<\/p>\n<p>Rennen 2: Diesmal hatte Marco einen guten Start erwischt, verlor aber in der ersten Kurve gleich wieder einige Pl\u00e4tze, da es sehr eng zuging. Er versuchte wieder an der F\u00fchrungsgruppe dran zu bleiben, was aber diesmal leider nicht gelungen ist und sortierte sich auf P9 ein. Bei den h\u00f6heren Temperaturen hatte er minimale Gripprobleme und fuhr somit ab der H\u00e4lfte der Renndistanz ein recht einsames Rennen. Es reicht wieder zu Platz 9.<\/p>\n<p>Wir waren wirklich super zufrieden mit dem Schleiz-Wochenende. Marco war als 15ter der Gesamttabelle angekommen, hat 14 Punkte geholt und wir sind als Gesamt 12ter wieder abgereist.<\/p>\n<p>&#8222;Super happy freue ich mich nun schon auf das n\u00e4chste Event der Internationale Deutsche Motorradmeisterschaft &#8211; IDM, welches in zwei Wochen, vom 09.-11.08.19 in Most stattfindet.<br \/>\nDanke an alle meine Sponsoren, ohne die es nicht m\u00f6glich w\u00e4re diesen Sport zu betreiben!<\/p>\n<p>Ebenfalls Danke an die vielen Fans, die mit uns in Schleiz waren und an die 29.000 Zuschauer \u2026<br \/>\n<strong>Ihr seid spitze!<\/strong><\/p>\n<p>Vielen Dank an Alle Sponsoren, Helfer und G\u00f6nner f\u00fcr Eure Unterst\u00fctzung!<\/p>\n<p>Wir stehen Euch f\u00fcr R\u00fcckfragen jederzeit gerne zur Verf\u00fcgung!<\/p>\n<p>Bis dann &#8230;<\/p>\n<p>Mit motorsportlichen Gr\u00fc\u00dfen !<\/p>\n<p>Marco #9<br \/>\n&amp; G\u00fcnter Fetz<\/p>\n<p>&nbsp;<\/p>\n<p>ngg_shortcode_0_placeholderWir danken u.a. Hermann R\u00fcger f\u00fcr die zur Verf\u00fcgungstellung einiger Fotos!<\/p>\n","protected":false},"excerpt":{"rendered":"<p>Hallo Freunde, hier unser Bericht von unserem Rennwochenende am Schleizer Dreieck! Donnerstag letzter Woche waren wir nachmittags in Schleiz angekommen. Der Wetterbericht sagte f\u00fcr Samstag und Sonntag zwar etwas Regen bzw. Gewitter an, aber das Wochenende blieb hochsommerlich warm und trocken. Bereits am Freitag in den freien Trainings konnte Marco\u2026 <a class=\"continue-reading-link\" href=\"https:\/\/www.fetz-racing.de\/wordpress\/?p=3985\">Weiterlesen<\/a><\/p>\n","protected":false},"author":1,"featured_media":0,"comment_status":"closed","ping_status":"closed","sticky":false,"template":"","format":"standard","meta":{"ngg_post_thumbnail":0,"jetpack_post_was_ever_published":false,"_jetpack_newsletter_access":"","_jetpack_dont_email_post_to_subs":false,"_jetpack_newsletter_tier_id":0,"_jetpack_memberships_contains_paywalled_content":false,"_jetpack_memberships_contains_paid_content":false,"footnotes":"","jetpack_publicize_message":"","jetpack_publicize_feature_enabled":true,"jetpack_social_post_already_shared":true,"jetpack_social_options":{"image_generator_settings":{"template":"highway","default_image_id":0,"font":"","enabled":false},"version":2}},"categories":[51],"tags":[40,57],"class_list":["post-3985","post","type-post","status-publish","format-standard","hentry","category-rennen-2019","tag-schleiz","tag-schleizer-dreieck"],"jetpack_publicize_connections":[],"jetpack_featured_media_url":"","jetpack_sharing_enabled":true,"jetpack_shortlink":"https:\/\/wp.me\/p8UkLO-12h","jetpack-related-posts":[],"_links":{"self":[{"href":"https:\/\/www.fetz-racing.de\/wordpress\/index.php?rest_route=\/wp\/v2\/posts\/3985","targetHints":{"allow":["GET"]}}],"collection":[{"href":"https:\/\/www.fetz-racing.de\/wordpress\/index.php?rest_route=\/wp\/v2\/posts"}],"about":[{"href":"https:\/\/www.fetz-racing.de\/wordpress\/index.php?rest_route=\/wp\/v2\/types\/post"}],"author":[{"embeddable":true,"href":"https:\/\/www.fetz-racing.de\/wordpress\/index.php?rest_route=\/wp\/v2\/users\/1"}],"replies":[{"embeddable":true,"href":"https:\/\/www.fetz-racing.de\/wordpress\/index.php?rest_route=%2Fwp%2Fv2%2Fcomments&post=3985"}],"version-history":[{"count":10,"href":"https:\/\/www.fetz-racing.de\/wordpress\/index.php?rest_route=\/wp\/v2\/posts\/3985\/revisions"}],"predecessor-version":[{"id":4056,"href":"https:\/\/www.fetz-racing.de\/wordpress\/index.php?rest_route=\/wp\/v2\/posts\/3985\/revisions\/4056"}],"wp:attachment":[{"href":"https:\/\/www.fetz-racing.de\/wordpress\/index.php?rest_route=%2Fwp%2Fv2%2Fmedia&parent=3985"}],"wp:term":[{"taxonomy":"category","embeddable":true,"href":"https:\/\/www.fetz-racing.de\/wordpress\/index.php?rest_route=%2Fwp%2Fv2%2Fcategories&post=3985"},{"taxonomy":"post_tag","embeddable":true,"href":"https:\/\/www.fetz-racing.de\/wordpress\/index.php?rest_route=%2Fwp%2Fv2%2Ftags&post=3985"}],"curies":[{"name":"wp","href":"https:\/\/api.w.org\/{rel}","templated":true}]}}