{"id":3907,"date":"2019-06-02T09:17:37","date_gmt":"2019-06-02T08:17:37","guid":{"rendered":"https:\/\/www.fetz-racing.de\/wordpress\/?p=3907"},"modified":"2019-06-02T09:18:13","modified_gmt":"2019-06-02T08:18:13","slug":"oschersleben-steht-vor-der-tuer","status":"publish","type":"post","link":"https:\/\/www.fetz-racing.de\/wordpress\/?p=3907","title":{"rendered":"Oschersleben steht vor der T\u00fcr"},"content":{"rendered":"<p>Hallo Motorsportfreunde,<\/p>\n<p>falls Euer Sonntag noch nicht verplant ist , k\u00f6nnt ihr uns heute zwischen 10:00 und 18:00 Uhr in Merkendorf auf der Gewerbeschau besuchen \ud83d\ude09<\/p>\n<p>Und am Mittwoch werden wir uns auf den Weg nach Oschersleben machen.<br \/>\nDort finden bereits ab Donnerstag bis Sonntag im Rahmen der Speedweek (Langstreckenweltmeisterschaft) die Rennen 3 und 4 der IDM-Klassen statt.<br \/>\nAnbei Zeitplan und Fahrerlagerplan, damit ihr uns findet \ud83d\ude09<\/p>\n<p>\u00b0 <a href=\"https:\/\/www.fetz-racing.de\/wordpress\/wp-content\/uploads\/2019\/06\/Zeitplan_Speedweek.pdf\" target=\"_blank\" rel=\"noopener noreferrer\">Zeitplan Speedweek Oschersleben 2019<\/a><\/p>\n<p>\u00b0 <a href=\"https:\/\/www.fetz-racing.de\/wordpress\/wp-content\/uploads\/2019\/06\/Speedweek_Fahrerlagerplan.pdf\" target=\"_blank\" rel=\"noopener noreferrer\">Fahrerlagerplan Speedweek Oschersleben 2019<\/a><\/p>\n<p>Hier noch der Link zum Livetiming,<br \/>\ndamit ihr auch von zu Hause aus dabei sein k\u00f6nnt: <a href=\"http:\/\/idm.de\/live-timing\/\">http:\/\/idm.de\/live-timing\/<\/a><\/p>\n<p>Stehen f\u00fcr R\u00fcckfragen gerne zur Verf\u00fcgung !<br \/>\nBis dann &#8230;<\/p>\n<p>Mit motorsportlichen Gr\u00fc\u00dfen !<\/p>\n<p>Marco #9<br \/>\n&amp; G\u00fcnter Fetz<\/p>\n<p>www.fetz-racing.de<\/p>\n","protected":false},"excerpt":{"rendered":"<p>Hallo Motorsportfreunde, falls Euer Sonntag noch nicht verplant ist , k\u00f6nnt ihr uns heute zwischen 10:00 und 18:00 Uhr in Merkendorf auf der Gewerbeschau besuchen \ud83d\ude09 Und am Mittwoch werden wir uns auf den Weg nach Oschersleben machen. Dort finden bereits ab Donnerstag bis Sonntag im Rahmen der Speedweek (Langstreckenweltmeisterschaft)\u2026 <a class=\"continue-reading-link\" href=\"https:\/\/www.fetz-racing.de\/wordpress\/?p=3907\">Weiterlesen<\/a><\/p>\n","protected":false},"author":1,"featured_media":0,"comment_status":"open","ping_status":"open","sticky":false,"template":"","format":"standard","meta":{"ngg_post_thumbnail":0,"jetpack_post_was_ever_published":false,"_jetpack_newsletter_access":"","_jetpack_dont_email_post_to_subs":false,"_jetpack_newsletter_tier_id":0,"_jetpack_memberships_contains_paywalled_content":false,"_jetpack_memberships_contains_paid_content":false,"footnotes":"","jetpack_publicize_message":"","jetpack_publicize_feature_enabled":true,"jetpack_social_post_already_shared":true,"jetpack_social_options":{"image_generator_settings":{"template":"highway","default_image_id":0,"font":"","enabled":false},"version":2}},"categories":[1],"tags":[],"class_list":["post-3907","post","type-post","status-publish","format-standard","hentry","category-allgemein"],"jetpack_publicize_connections":[],"jetpack_featured_media_url":"","jetpack_sharing_enabled":true,"jetpack_shortlink":"https:\/\/wp.me\/p8UkLO-111","jetpack-related-posts":[],"_links":{"self":[{"href":"https:\/\/www.fetz-racing.de\/wordpress\/index.php?rest_route=\/wp\/v2\/posts\/3907","targetHints":{"allow":["GET"]}}],"collection":[{"href":"https:\/\/www.fetz-racing.de\/wordpress\/index.php?rest_route=\/wp\/v2\/posts"}],"about":[{"href":"https:\/\/www.fetz-racing.de\/wordpress\/index.php?rest_route=\/wp\/v2\/types\/post"}],"author":[{"embeddable":true,"href":"https:\/\/www.fetz-racing.de\/wordpress\/index.php?rest_route=\/wp\/v2\/users\/1"}],"replies":[{"embeddable":true,"href":"https:\/\/www.fetz-racing.de\/wordpress\/index.php?rest_route=%2Fwp%2Fv2%2Fcomments&post=3907"}],"version-history":[{"count":2,"href":"https:\/\/www.fetz-racing.de\/wordpress\/index.php?rest_route=\/wp\/v2\/posts\/3907\/revisions"}],"predecessor-version":[{"id":3911,"href":"https:\/\/www.fetz-racing.de\/wordpress\/index.php?rest_route=\/wp\/v2\/posts\/3907\/revisions\/3911"}],"wp:attachment":[{"href":"https:\/\/www.fetz-racing.de\/wordpress\/index.php?rest_route=%2Fwp%2Fv2%2Fmedia&parent=3907"}],"wp:term":[{"taxonomy":"category","embeddable":true,"href":"https:\/\/www.fetz-racing.de\/wordpress\/index.php?rest_route=%2Fwp%2Fv2%2Fcategories&post=3907"},{"taxonomy":"post_tag","embeddable":true,"href":"https:\/\/www.fetz-racing.de\/wordpress\/index.php?rest_route=%2Fwp%2Fv2%2Ftags&post=3907"}],"curies":[{"name":"wp","href":"https:\/\/api.w.org\/{rel}","templated":true}]}}