{"id":3901,"date":"2019-05-23T06:34:30","date_gmt":"2019-05-23T05:34:30","guid":{"rendered":"https:\/\/www.fetz-racing.de\/wordpress\/?p=3901"},"modified":"2019-05-23T06:36:45","modified_gmt":"2019-05-23T05:36:45","slug":"erstes-rennwochende-in-der-idm-ssp-600-am-lausitzring","status":"publish","type":"post","link":"https:\/\/www.fetz-racing.de\/wordpress\/?p=3901","title":{"rendered":"Erstes Rennwochende in der IDM SSP 600 am Lausitzring"},"content":{"rendered":"<p>Hallo Freunde,<\/p>\n<p>leider lief unser erstes Rennwochenende auf dem Lausitzring nicht wie geplant.<\/p>\n<p>Nachdem Marco in den freien Trainings ganz gut zurecht kam, er belegte dort P6 und P9, konnte er sich im Quali den 12. Startplatz herausfahren.<\/p>\n<p>Im ersten Rennen kam Marco beim Start gut weg, musste jedoch in der ersten Kurve ein wenig aufmachen, da es doch ziemlich eng zuging.<br \/>\nNach ein paar Runden hatte er technische Probleme und musste leider komplett auf seinen Schaltautomat und Blipper verzichten, womit er den Anschluss an die Gruppe vor ihm verlor. Nach 14 Runden \u00fcberquerte er somit auf Platz 15 den Zielstrich und war damit nat\u00fcrlich nicht happy.<\/p>\n<p>F\u00fcr das zweite Rennen war Marco hoch motiviert und wollte alles geben, um diesmal ein besseres Ergebnis einfahren zu k\u00f6nnen.<br \/>\nEr kam vom Start gut weg, wurde jedoch direkt in der ersten Kurve von einem \u00fcbermotivierten Kontrahenten abgeschossen. Leider waren die Besch\u00e4digungen am Motorrad zu gro\u00df um das Rennen wieder aufnehmen zu k\u00f6nnen<\/p>\n<p>Marco: <\/p>\n<blockquote><p>&#8222;That\u00b4s Racing&#8230;..Im gesamten konnte ich somit leider nur einen Punkt mitnehmen&#8230;..<br \/>\nNun freue ich mich auf Oschersleben, wo wir im Rahmen der Speedweek vom 06.06 bis 09.06.2019 die Rennen drei und vier bestreiten werden!<br \/>\nVielen Dank an all meine Sponsoren und G\u00f6nner f\u00fcr die gro\u00dfartige Unterst\u00fctzung!&#8220;<\/p><\/blockquote>\n<p>Mit motorsportlichen Gr\u00fc\u00dfen !<\/p>\n<p>Marco #9<br \/>\n&#038; G\u00fcnter Fetz<\/p>\n<p>www.fetz-racing.de <\/p>\nngg_shortcode_0_placeholder\n","protected":false},"excerpt":{"rendered":"<p>Hallo Freunde, leider lief unser erstes Rennwochenende auf dem Lausitzring nicht wie geplant. Nachdem Marco in den freien Trainings ganz gut zurecht kam, er belegte dort P6 und P9, konnte er sich im Quali den 12. Startplatz herausfahren. Im ersten Rennen kam Marco beim Start gut weg, musste jedoch in\u2026 <a class=\"continue-reading-link\" href=\"https:\/\/www.fetz-racing.de\/wordpress\/?p=3901\">Weiterlesen<\/a><\/p>\n","protected":false},"author":1,"featured_media":0,"comment_status":"closed","ping_status":"closed","sticky":false,"template":"","format":"standard","meta":{"ngg_post_thumbnail":0,"jetpack_post_was_ever_published":false,"_jetpack_newsletter_access":"","_jetpack_dont_email_post_to_subs":false,"_jetpack_newsletter_tier_id":0,"_jetpack_memberships_contains_paywalled_content":false,"_jetpack_memberships_contains_paid_content":false,"footnotes":"","jetpack_publicize_message":"","jetpack_publicize_feature_enabled":true,"jetpack_social_post_already_shared":true,"jetpack_social_options":{"image_generator_settings":{"template":"highway","default_image_id":0,"font":"","enabled":false},"version":2}},"categories":[51],"tags":[21],"class_list":["post-3901","post","type-post","status-publish","format-standard","hentry","category-rennen-2019","tag-lausitzring"],"jetpack_publicize_connections":[],"jetpack_featured_media_url":"","jetpack_sharing_enabled":true,"jetpack_shortlink":"https:\/\/wp.me\/p8UkLO-10V","jetpack-related-posts":[],"_links":{"self":[{"href":"https:\/\/www.fetz-racing.de\/wordpress\/index.php?rest_route=\/wp\/v2\/posts\/3901","targetHints":{"allow":["GET"]}}],"collection":[{"href":"https:\/\/www.fetz-racing.de\/wordpress\/index.php?rest_route=\/wp\/v2\/posts"}],"about":[{"href":"https:\/\/www.fetz-racing.de\/wordpress\/index.php?rest_route=\/wp\/v2\/types\/post"}],"author":[{"embeddable":true,"href":"https:\/\/www.fetz-racing.de\/wordpress\/index.php?rest_route=\/wp\/v2\/users\/1"}],"replies":[{"embeddable":true,"href":"https:\/\/www.fetz-racing.de\/wordpress\/index.php?rest_route=%2Fwp%2Fv2%2Fcomments&post=3901"}],"version-history":[{"count":2,"href":"https:\/\/www.fetz-racing.de\/wordpress\/index.php?rest_route=\/wp\/v2\/posts\/3901\/revisions"}],"predecessor-version":[{"id":3903,"href":"https:\/\/www.fetz-racing.de\/wordpress\/index.php?rest_route=\/wp\/v2\/posts\/3901\/revisions\/3903"}],"wp:attachment":[{"href":"https:\/\/www.fetz-racing.de\/wordpress\/index.php?rest_route=%2Fwp%2Fv2%2Fmedia&parent=3901"}],"wp:term":[{"taxonomy":"category","embeddable":true,"href":"https:\/\/www.fetz-racing.de\/wordpress\/index.php?rest_route=%2Fwp%2Fv2%2Fcategories&post=3901"},{"taxonomy":"post_tag","embeddable":true,"href":"https:\/\/www.fetz-racing.de\/wordpress\/index.php?rest_route=%2Fwp%2Fv2%2Ftags&post=3901"}],"curies":[{"name":"wp","href":"https:\/\/api.w.org\/{rel}","templated":true}]}}