{"id":3271,"date":"2018-07-12T09:24:13","date_gmt":"2018-07-12T08:24:13","guid":{"rendered":"https:\/\/www.fetz-racing.de\/wordpress\/?p=3271"},"modified":"2018-10-02T13:25:30","modified_gmt":"2018-10-02T12:25:30","slug":"volle-punktzahl-auch-in-zoldern","status":"publish","type":"post","link":"https:\/\/www.fetz-racing.de\/wordpress\/?p=3271","title":{"rendered":"Volle Punktzahl auch in Zolder!"},"content":{"rendered":"<p>Hallo Leute,<\/p>\n<p>nun ist auch das zweite Rennwochenende mit den Rennen drei und vier in der Meisterschaft leider vorbei.<br \/>\nIn den freien Trainings am Freitag konnte sich Marco erst einmal wieder an die Strecke gew\u00f6hnen, welche ja ihren eigenen Charakter hat! Leider ist ihm in der zweiten Runde, im 2. freien Training, Ende Start Ziel der Gang heraus gesprungen, weshalb dann sein Vorderrad eingeklappt ist&#8230;<br \/>\nSofort ging es zur\u00fcck an die Box und wir machten uns an die Arbeit, denn zweieinhalb Stunden sp\u00e4ter stand das erste Quali auf dem Programm.<\/p>\n<p>\u00dcberp\u00fcnktlich zum ersten Quali am Freitag Abend wurde das Bike fertig. Marco f\u00fchlte sich schnell wieder wohl auf seiner Yamaha.<br \/>\nAm Ende stand dann eine 1:38.574 auf seiner Zeitenliste womit er auf Gesamtplatz 14 und in der Stockklasse auf P2 hinter Jan Schmidt lag.<\/p>\n<p>Samstag Vormittag stand Q2 an. Leider konnte er seine Rundenzeit nur um 1\/100 sek verbessern. Das bedeutete Startplatz 15 gesamt und STK-P2 hinter Jan Schmidt.<\/p>\n<p>Beim ersten Rennen Samstag Nachmittag hatte Marco einen mega Start und konnte gleich ein paar Pl\u00e4tze gut machen, welche er aber in den n\u00e4chsten Runden wieder verlor. Marco lag lange auf P2 in der Stockwertung, hatte ca. 2 sec. Vorsprung auf Str\u00f6hlein und Jenkner und mittlerweile 4 Sekunden R\u00fcckstand auf Jan Schmidt. Marco konnte den Abstand mit seinen konstanten Rundenzeiten wieder zufahren und ihn 3 Runden vor Schluss \u00fcberholen. Als 13ter auf P1 in der Stockwertung mit 2,7sec. Vorsprung \u00fcberquerte er die Ziellinie.<\/p>\n<p>Im zweiten Rennen lief es \u00e4hnlich. Marco hatte wieder einen super Start und konnte erneut ein paar Pl\u00e4tze gut machen. Leider wurde er Ende der Gegengerade von Schmidt und einem Supersportfahrer wieder \u00fcberholt und um einen Sturz zu vermeiden musste Marco etwas aufmachen. Doch Marco konnte gleich an Schmidt dran bleiben und ihn nach ca. 5 Runden \u00fcberholen. Er fuhr einen Vorsprung von guten 8 Sekunden heraus und \u00fcberquerte abermals auf P1 in der Stockklasse und diesmal als gesamt 11ter die Ziellinie.<\/p>\n<p>Marco und das gesamte Team freuen sich riesig \u00fcber den Doppelsieg und weiteren Meisterschaftsausbau in Zolder \ud83d\ude42<\/p>\n<p>Marco:<br \/>\n&#8222;Ein gro\u00dfes Dankesch\u00f6n an alle unsere Sponsoren, Partner und Helfer !!!<br \/>\nVielen Dank an mein Team, welche mein Bike \u00fcberp\u00fcnktlich zum Q1 fertig bekommen haben.<br \/>\nUnd auch vielen Dank an Benny Wilbers und sein Team, welche mir wie auch schon in Oschersleben, ein perfektes Fahrwerk hingestellt haben!<\/p>\n<p>Nun freue ich mich schon auf Schleiz, wo die n\u00e4chste Veranstaltung vom 27.07.18 bis 29.07.18 stattfindet.<br \/>\nIch w\u00fcrde mich freuen ein paar von euch dort anzutreffen um uns und diesen tollen Sport zu unterst\u00fctzen&#8220;<\/p>\n<p>Wir stehen Euch f\u00fcr R\u00fcckfragen gerne zur Verf\u00fcgung !!<\/p>\n<p>Vielen Dank und bis dahin&#8230;.<\/p>\n<p>Mit motorsportlichen Gr\u00fc\u00dfen !<\/p>\n<p>Marco #9<br \/>\n&amp; G\u00fcnter Fetz<\/p>\n<p>www.fetz-racing.de<\/p>\nngg_shortcode_0_placeholder\n","protected":false},"excerpt":{"rendered":"<p>Hallo Leute, nun ist auch das zweite Rennwochenende mit den Rennen drei und vier in der Meisterschaft leider vorbei. In den freien Trainings am Freitag konnte sich Marco erst einmal wieder an die Strecke gew\u00f6hnen, welche ja ihren eigenen Charakter hat! Leider ist ihm in der zweiten Runde, im 2.\u2026 <a class=\"continue-reading-link\" href=\"https:\/\/www.fetz-racing.de\/wordpress\/?p=3271\">Weiterlesen<\/a><\/p>\n","protected":false},"author":1,"featured_media":0,"comment_status":"closed","ping_status":"closed","sticky":false,"template":"","format":"standard","meta":{"ngg_post_thumbnail":0,"jetpack_post_was_ever_published":false,"_jetpack_newsletter_access":"","_jetpack_dont_email_post_to_subs":false,"_jetpack_newsletter_tier_id":0,"_jetpack_memberships_contains_paywalled_content":false,"_jetpack_memberships_contains_paid_content":false,"footnotes":"","jetpack_publicize_message":"","jetpack_publicize_feature_enabled":true,"jetpack_social_post_already_shared":true,"jetpack_social_options":{"image_generator_settings":{"template":"highway","default_image_id":0,"font":"","enabled":false},"version":2}},"categories":[34],"tags":[36,35],"class_list":["post-3271","post","type-post","status-publish","format-standard","hentry","category-rennen-2018","tag-belgien","tag-zolder"],"jetpack_publicize_connections":[],"jetpack_featured_media_url":"","jetpack_sharing_enabled":true,"jetpack_shortlink":"https:\/\/wp.me\/p8UkLO-QL","jetpack-related-posts":[],"_links":{"self":[{"href":"https:\/\/www.fetz-racing.de\/wordpress\/index.php?rest_route=\/wp\/v2\/posts\/3271","targetHints":{"allow":["GET"]}}],"collection":[{"href":"https:\/\/www.fetz-racing.de\/wordpress\/index.php?rest_route=\/wp\/v2\/posts"}],"about":[{"href":"https:\/\/www.fetz-racing.de\/wordpress\/index.php?rest_route=\/wp\/v2\/types\/post"}],"author":[{"embeddable":true,"href":"https:\/\/www.fetz-racing.de\/wordpress\/index.php?rest_route=\/wp\/v2\/users\/1"}],"replies":[{"embeddable":true,"href":"https:\/\/www.fetz-racing.de\/wordpress\/index.php?rest_route=%2Fwp%2Fv2%2Fcomments&post=3271"}],"version-history":[{"count":5,"href":"https:\/\/www.fetz-racing.de\/wordpress\/index.php?rest_route=\/wp\/v2\/posts\/3271\/revisions"}],"predecessor-version":[{"id":3539,"href":"https:\/\/www.fetz-racing.de\/wordpress\/index.php?rest_route=\/wp\/v2\/posts\/3271\/revisions\/3539"}],"wp:attachment":[{"href":"https:\/\/www.fetz-racing.de\/wordpress\/index.php?rest_route=%2Fwp%2Fv2%2Fmedia&parent=3271"}],"wp:term":[{"taxonomy":"category","embeddable":true,"href":"https:\/\/www.fetz-racing.de\/wordpress\/index.php?rest_route=%2Fwp%2Fv2%2Fcategories&post=3271"},{"taxonomy":"post_tag","embeddable":true,"href":"https:\/\/www.fetz-racing.de\/wordpress\/index.php?rest_route=%2Fwp%2Fv2%2Ftags&post=3271"}],"curies":[{"name":"wp","href":"https:\/\/api.w.org\/{rel}","templated":true}]}}