{"id":2800,"date":"2017-08-21T19:53:57","date_gmt":"2017-08-21T18:53:57","guid":{"rendered":"http:\/\/www.fetz-racing.de\/wordpress\/?p=2800"},"modified":"2017-08-21T20:29:29","modified_gmt":"2017-08-21T19:29:29","slug":"rueckspiel-in-assen-nl","status":"publish","type":"post","link":"https:\/\/www.fetz-racing.de\/wordpress\/?p=2800","title":{"rendered":"R\u00fcckspiel in Assen (NL)"},"content":{"rendered":"<p>Hallo Motorsportfreunde,  <\/p>\n<p>letztes Wochenende, vom 11.-13.08.17, fand der 7. Lauf des Yamaha R6 Dunlop Cups wieder in Assen statt, diesmal im Rahmen der IDM. Nachdem wir schon eine Woche vorher unser Rennen bei den Gamma Race Days dort stattfand, blieben wir die Woche \u00fcber in den Niederlanden und machten 3 Tage Erholungsurlaub. <\/p>\n<p>Nun zum Wochenende.<br \/>\nIn den freien Trainings konnte ich mich wieder an die Strecke gew\u00f6hnen und kam wieder gut zurecht. Freitagabend fand dann das erste Quali statt, auf das wir uns konzentrierten, da f\u00fcr Samstag zum 2. Quali Regen vorhergesagt wurde. Mit einer Zeit von 1.46,5 konnte ich auf Platz 2 fahren.<br \/>\nSamstag regnete es dann tats\u00e4chlich bis Mittag, danach begann die Strecke abzutrocknen. Als das Q2 um 14:10 Uhr startete war der Grip und die Strecke nicht ganz optimal und keiner konnte sich mehr verbessern.<br \/>\nSomit blieb es bei P2, wieder ein Start aus der ersten Reihe  \ud83d\ude42 <\/p>\n<p>Im Rennen hatte ich einen guten Start, bog aber trotzdem als 3. in die erste Kurve ein. Jedoch fuhr ich mit einem &#8222;Stoppi&#8220; in die Kurve, da ich ein wenig vom fr\u00fchen Bremspunkt meiner Kollegen \u00fcberrascht war. In der zweiten Runde konnte ich mich an die Spitze setzen und F\u00fchrungskilometer herausfahren, jedoch nur ca. 4 Runden, bis ich fast per Highsider abgestiegen bin. Zum Gl\u00fcck blieb ich auf dem Bike, kam aber ein bisschen aus dem Rhythmus und verlor 3 Pl\u00e4tze. Nach einem Sturz des Zweitplatzierten lag ich auf Platz 3 und wurde kurz vor Schluss noch auf P4 durchgereicht. Allerdings konnte ich mir diesen Platz in der letzten Runde zur\u00fcckholen und als 3. \u00fcbers Ziel fahren!<br \/>\nErfreulicherweise ein weiterer Podiumsplatz!<\/p>\n<p>In der Gesamtwertung liege ich nun immer noch auf Platz 3! <\/p>\n<p>Vielen Dank an all meine Sponsoren, Helfer und Mechaniker!  <\/p>\n<p>Bereits in 2 Wochen, vom 01.-03.09.17, findet im Rahmen der IDM in Oschersleben Lauf 8 und 9 statt.  <\/p>\n<p>Und noch was&#8230;&#8230; hier findet ihr eine TV-Aufzeichnung von unserem kompletten R6 Cup Rennen bei den Gamma Race Days: <\/p>\n<p><span class=\"embed-youtube\" style=\"text-align:center; display: block;\"><iframe loading=\"lazy\" class=\"youtube-player\" width=\"770\" height=\"434\" src=\"https:\/\/www.youtube.com\/embed\/_zqkTfS-sJo?version=3&#038;rel=1&#038;showsearch=0&#038;showinfo=1&#038;iv_load_policy=1&#038;fs=1&#038;hl=de-DE&#038;autohide=2&#038;wmode=transparent\" allowfullscreen=\"true\" style=\"border:0;\" sandbox=\"allow-scripts allow-same-origin allow-popups allow-presentation allow-popups-to-escape-sandbox\"><\/iframe><\/span><\/p>\n<p>Bis in Oschersleben\u270c<\/p>\n<p> Mit motorsportlichen Gr\u00fc\u00dfen !<\/p>\n<p>Marco  #9<br \/>\n      &#038; G\u00fcnter Fetz<\/p>\nngg_shortcode_0_placeholder\n","protected":false},"excerpt":{"rendered":"<p>Hallo Motorsportfreunde, letztes Wochenende, vom 11.-13.08.17, fand der 7. Lauf des Yamaha R6 Dunlop Cups wieder in Assen statt, diesmal im Rahmen der IDM. Nachdem wir schon eine Woche vorher unser Rennen bei den Gamma Race Days dort stattfand, blieben wir die Woche \u00fcber in den Niederlanden und machten 3\u2026 <a class=\"continue-reading-link\" href=\"https:\/\/www.fetz-racing.de\/wordpress\/?p=2800\">Weiterlesen<\/a><\/p>\n","protected":false},"author":1,"featured_media":0,"comment_status":"open","ping_status":"open","sticky":false,"template":"","format":"standard","meta":{"ngg_post_thumbnail":0,"jetpack_post_was_ever_published":false,"_jetpack_newsletter_access":"","_jetpack_dont_email_post_to_subs":false,"_jetpack_newsletter_tier_id":0,"_jetpack_memberships_contains_paywalled_content":false,"_jetpack_memberships_contains_paid_content":false,"footnotes":"","jetpack_publicize_message":"","jetpack_publicize_feature_enabled":true,"jetpack_social_post_already_shared":true,"jetpack_social_options":{"image_generator_settings":{"template":"highway","default_image_id":0,"font":"","enabled":false},"version":2}},"categories":[11,32],"tags":[],"class_list":["post-2800","post","type-post","status-publish","format-standard","hentry","category-rennen","category-rennen-2017"],"jetpack_publicize_connections":[],"jetpack_featured_media_url":"","jetpack_sharing_enabled":true,"jetpack_shortlink":"https:\/\/wp.me\/p8UkLO-Ja","jetpack-related-posts":[],"_links":{"self":[{"href":"https:\/\/www.fetz-racing.de\/wordpress\/index.php?rest_route=\/wp\/v2\/posts\/2800","targetHints":{"allow":["GET"]}}],"collection":[{"href":"https:\/\/www.fetz-racing.de\/wordpress\/index.php?rest_route=\/wp\/v2\/posts"}],"about":[{"href":"https:\/\/www.fetz-racing.de\/wordpress\/index.php?rest_route=\/wp\/v2\/types\/post"}],"author":[{"embeddable":true,"href":"https:\/\/www.fetz-racing.de\/wordpress\/index.php?rest_route=\/wp\/v2\/users\/1"}],"replies":[{"embeddable":true,"href":"https:\/\/www.fetz-racing.de\/wordpress\/index.php?rest_route=%2Fwp%2Fv2%2Fcomments&post=2800"}],"version-history":[{"count":3,"href":"https:\/\/www.fetz-racing.de\/wordpress\/index.php?rest_route=\/wp\/v2\/posts\/2800\/revisions"}],"predecessor-version":[{"id":2827,"href":"https:\/\/www.fetz-racing.de\/wordpress\/index.php?rest_route=\/wp\/v2\/posts\/2800\/revisions\/2827"}],"wp:attachment":[{"href":"https:\/\/www.fetz-racing.de\/wordpress\/index.php?rest_route=%2Fwp%2Fv2%2Fmedia&parent=2800"}],"wp:term":[{"taxonomy":"category","embeddable":true,"href":"https:\/\/www.fetz-racing.de\/wordpress\/index.php?rest_route=%2Fwp%2Fv2%2Fcategories&post=2800"},{"taxonomy":"post_tag","embeddable":true,"href":"https:\/\/www.fetz-racing.de\/wordpress\/index.php?rest_route=%2Fwp%2Fv2%2Ftags&post=2800"}],"curies":[{"name":"wp","href":"https:\/\/api.w.org\/{rel}","templated":true}]}}