{"id":2759,"date":"2017-08-09T14:15:48","date_gmt":"2017-08-09T13:15:48","guid":{"rendered":"http:\/\/www.fetz-racing.de\/wordpress\/?p=2759"},"modified":"2017-08-09T14:18:42","modified_gmt":"2017-08-09T13:18:42","slug":"gamma-race-days-assen-nl","status":"publish","type":"post","link":"https:\/\/www.fetz-racing.de\/wordpress\/?p=2759","title":{"rendered":"Gamma Race Days Assen (NL)"},"content":{"rendered":"<p>Hallo Motorsportfreunde,<\/p>\n<p>am vergangenen Wochenende, 04.-06.08.17, fand der 6. Lauf des Yamaha R6 Dunlop Cup&#8217;s in Assen im Rahmen der Gamma Race Days statt. Am Freitag hatten wir leider nur ein freies Training, bei dem ich mich wieder an die Strecke, mit dem &#8222;gro\u00dfen&#8220; Bike, gew\u00f6hnen konnte. In Q1 + 2 konnte ich meine Zeiten stetig verbessern. Nach den zwei Qualis startete ich dann von Platz 5 aus am Sonntag in das Rennen.<\/p>\n<p>Ich hatte einen guten Start und konnte mich hinter Hobelsberger #52 auf P2 einreihen. Im Verlauf des Rennen entstand dann eine spannende 4-Mann Gruppe, welche um den Sieg k\u00e4mpfte. Jedoch hatte ich am Ende starke Probleme dran zu bleiben, da mein rechter Unterarm dick wurde ich ich kein Gef\u00fchl mehr in meiner Hand bzw. Arm hatte. Nach einigen sch\u00f6nen und spannenden \u00dcberholman\u00f6vern \u00fcberquerte ich dann schlie\u00dflich als 4. mit 0,7 Sekunden auf P1 den Zielstrich.<\/p>\n<p>Nat\u00fcrlich w\u00e4re eine weiteres Podium sehr sch\u00f6n gewesen, trotzdem bin ich und mein Team zufrieden.<\/p>\n<p>Kommendes Wochenende habe ich ja schlie\u00dflich nochmal eine Chance, denn Lauf 7 steht im Rahmen der IDM an!<\/p>\n<p>Ein weiteres Highlight an diesem Wochenende waren die Autorennen, welche ebenfalls im Rahmen statt fanden!!! Von GT3 \u00fcber F1 war alles geboten!<\/p>\n<p>Vielen Dank an meine Sponsoren, alle G\u00f6nner, Helfer und \u00fcber 100.000 Fans!<\/p>\n<p>Mit motorsportlichen Gr\u00fc\u00dfen !<\/p>\n<p>Marco #9<br \/>\n&#038; G\u00fcnter Fetz<\/p>\nngg_shortcode_0_placeholder\n","protected":false},"excerpt":{"rendered":"<p>Hallo Motorsportfreunde, am vergangenen Wochenende, 04.-06.08.17, fand der 6. Lauf des Yamaha R6 Dunlop Cup&#8217;s in Assen im Rahmen der Gamma Race Days statt. Am Freitag hatten wir leider nur ein freies Training, bei dem ich mich wieder an die Strecke, mit dem &#8222;gro\u00dfen&#8220; Bike, gew\u00f6hnen konnte. In Q1 +\u2026 <a class=\"continue-reading-link\" href=\"https:\/\/www.fetz-racing.de\/wordpress\/?p=2759\">Weiterlesen<\/a><\/p>\n","protected":false},"author":1,"featured_media":0,"comment_status":"open","ping_status":"open","sticky":false,"template":"","format":"standard","meta":{"ngg_post_thumbnail":0,"jetpack_post_was_ever_published":false,"_jetpack_newsletter_access":"","_jetpack_dont_email_post_to_subs":false,"_jetpack_newsletter_tier_id":0,"_jetpack_memberships_contains_paywalled_content":false,"_jetpack_memberships_contains_paid_content":false,"footnotes":"","jetpack_publicize_message":"","jetpack_publicize_feature_enabled":true,"jetpack_social_post_already_shared":true,"jetpack_social_options":{"image_generator_settings":{"template":"highway","default_image_id":0,"font":"","enabled":false},"version":2}},"categories":[11,32],"tags":[],"class_list":["post-2759","post","type-post","status-publish","format-standard","hentry","category-rennen","category-rennen-2017"],"jetpack_publicize_connections":[],"jetpack_featured_media_url":"","jetpack_sharing_enabled":true,"jetpack_shortlink":"https:\/\/wp.me\/p8UkLO-Iv","jetpack-related-posts":[],"_links":{"self":[{"href":"https:\/\/www.fetz-racing.de\/wordpress\/index.php?rest_route=\/wp\/v2\/posts\/2759","targetHints":{"allow":["GET"]}}],"collection":[{"href":"https:\/\/www.fetz-racing.de\/wordpress\/index.php?rest_route=\/wp\/v2\/posts"}],"about":[{"href":"https:\/\/www.fetz-racing.de\/wordpress\/index.php?rest_route=\/wp\/v2\/types\/post"}],"author":[{"embeddable":true,"href":"https:\/\/www.fetz-racing.de\/wordpress\/index.php?rest_route=\/wp\/v2\/users\/1"}],"replies":[{"embeddable":true,"href":"https:\/\/www.fetz-racing.de\/wordpress\/index.php?rest_route=%2Fwp%2Fv2%2Fcomments&post=2759"}],"version-history":[{"count":3,"href":"https:\/\/www.fetz-racing.de\/wordpress\/index.php?rest_route=\/wp\/v2\/posts\/2759\/revisions"}],"predecessor-version":[{"id":2770,"href":"https:\/\/www.fetz-racing.de\/wordpress\/index.php?rest_route=\/wp\/v2\/posts\/2759\/revisions\/2770"}],"wp:attachment":[{"href":"https:\/\/www.fetz-racing.de\/wordpress\/index.php?rest_route=%2Fwp%2Fv2%2Fmedia&parent=2759"}],"wp:term":[{"taxonomy":"category","embeddable":true,"href":"https:\/\/www.fetz-racing.de\/wordpress\/index.php?rest_route=%2Fwp%2Fv2%2Fcategories&post=2759"},{"taxonomy":"post_tag","embeddable":true,"href":"https:\/\/www.fetz-racing.de\/wordpress\/index.php?rest_route=%2Fwp%2Fv2%2Ftags&post=2759"}],"curies":[{"name":"wp","href":"https:\/\/api.w.org\/{rel}","templated":true}]}}