{"id":2742,"date":"2017-08-02T06:09:14","date_gmt":"2017-08-02T05:09:14","guid":{"rendered":"http:\/\/www.fetz-racing.de\/wordpress\/?p=2742"},"modified":"2017-08-02T09:31:50","modified_gmt":"2017-08-02T08:31:50","slug":"mega-wochenende-in-schleiz","status":"publish","type":"post","link":"https:\/\/www.fetz-racing.de\/wordpress\/?p=2742","title":{"rendered":"Mega Wochenende in Schleiz"},"content":{"rendered":"<p>Hallo Motorsportfreunde,<\/p>\n<p>wir sind nun zur\u00fcck aus Schleiz und ich kann sagen, dass es ein mega Wochenende war!<\/p>\n<p>In den zwei freien Trainings am Freitag musste ich mich erst einmal an die f\u00fcr mich neue Strecke gew\u00f6hnen, dann ging es Step by Step nach vorne. Nach dem ersten Quali am Freitagabend, rechnete ich mir nach aktuell P8 noch eine bessere Position f\u00fcr das zweite Quali aus. So kam es dann auch am Samstagmittag, bei besten Bedingungen, wie sie am ganzen Wochenende herrschten. Ich konnte meine Zeit nochmal um 1,1 Sekunden verbessern und startete somit das erste Mal aus der ersten Startreihe, von Platz 3 aus indie beiden Rennen. <\/p>\n<p>Im ersten Rennen hatte ich einen sehr guten Start, konnte Anfangs einen Platz gut machen, fiel aber nach ein paar Runden wieder auf Platz 3. Mein Konkurrent Patrick Hobelsberger #52 klebte mir zwar immer am &#8222;Arsch&#8220;, konnte am Ende jedoch kein Man\u00f6ver mehr starten. Ich freute mich schon auf die Zieldurchfahrt, aber zwei Kurven vor der Ziellinie wurde das Rennen dann aufgrund eines Rennunfalls abgebrochen und ich wurde als 3. gewertet. Somit ist das mein zweites R6 Cup Podium in meiner Roockie Saison! <\/p>\n<p>Wie schon im ersten, hatte ich auch im zweiten Rennen wieder einen bomben Start und lag ein paar Runden auf Platz 2. Beinlich war vor mir und der sp\u00e4tere Sieger Zellh\u00f6fer kassierte mich dann Ende Start-Ziel-Gerade. Ich konnte allerdings konstant gute Rundenzeiten fahren und mich so langsam von Hobelberger auf P4 absetzen. Am Ende fuhr ich dann als Dritter mit 5 Sekunden Vorsprung auf den Vierten \u00fcber den Zielstrich und ich war \u00fcbergl\u00fccklich, als es vorbei war! <\/p>\n<p>Vielen Dank an die Unterst\u00fctzung vor Ort, an all die Fans, die dieses Wochenende zu etwas ganz Besonderem gemacht haben!<br \/>\nSomit k\u00f6nnte ich zwei 3. Pl\u00e4tze an diesem Wochenende herausfahren, womit ich als Roockie \u00fcbergl\u00fccklich bin!<\/p>\n<p>Kommendes Wochenende geht es schon in Assen, bei den &#8222;Gamma Racing Days&#8220; weiter&#8230;<\/p>\n<p>Ich halte euch auf dem Laufenden!<\/p>\n<p>Mit motorsportlichen Gr\u00fc\u00dfen !<\/p>\n<p>Marco  #9<br \/>\n      &#038; G\u00fcnter Fetz<\/p>\nngg_shortcode_0_placeholder\n","protected":false},"excerpt":{"rendered":"<p>Hallo Motorsportfreunde, wir sind nun zur\u00fcck aus Schleiz und ich kann sagen, dass es ein mega Wochenende war! In den zwei freien Trainings am Freitag musste ich mich erst einmal an die f\u00fcr mich neue Strecke gew\u00f6hnen, dann ging es Step by Step nach vorne. Nach dem ersten Quali am\u2026 <a class=\"continue-reading-link\" href=\"https:\/\/www.fetz-racing.de\/wordpress\/?p=2742\">Weiterlesen<\/a><\/p>\n","protected":false},"author":1,"featured_media":0,"comment_status":"open","ping_status":"open","sticky":false,"template":"","format":"standard","meta":{"ngg_post_thumbnail":0,"jetpack_post_was_ever_published":false,"_jetpack_newsletter_access":"","_jetpack_dont_email_post_to_subs":false,"_jetpack_newsletter_tier_id":0,"_jetpack_memberships_contains_paywalled_content":false,"_jetpack_memberships_contains_paid_content":false,"footnotes":"","jetpack_publicize_message":"","jetpack_publicize_feature_enabled":true,"jetpack_social_post_already_shared":true,"jetpack_social_options":{"image_generator_settings":{"template":"highway","default_image_id":0,"font":"","enabled":false},"version":2}},"categories":[11,32],"tags":[],"class_list":["post-2742","post","type-post","status-publish","format-standard","hentry","category-rennen","category-rennen-2017"],"jetpack_publicize_connections":[],"jetpack_featured_media_url":"","jetpack_sharing_enabled":true,"jetpack_shortlink":"https:\/\/wp.me\/p8UkLO-Ie","jetpack-related-posts":[],"_links":{"self":[{"href":"https:\/\/www.fetz-racing.de\/wordpress\/index.php?rest_route=\/wp\/v2\/posts\/2742","targetHints":{"allow":["GET"]}}],"collection":[{"href":"https:\/\/www.fetz-racing.de\/wordpress\/index.php?rest_route=\/wp\/v2\/posts"}],"about":[{"href":"https:\/\/www.fetz-racing.de\/wordpress\/index.php?rest_route=\/wp\/v2\/types\/post"}],"author":[{"embeddable":true,"href":"https:\/\/www.fetz-racing.de\/wordpress\/index.php?rest_route=\/wp\/v2\/users\/1"}],"replies":[{"embeddable":true,"href":"https:\/\/www.fetz-racing.de\/wordpress\/index.php?rest_route=%2Fwp%2Fv2%2Fcomments&post=2742"}],"version-history":[{"count":3,"href":"https:\/\/www.fetz-racing.de\/wordpress\/index.php?rest_route=\/wp\/v2\/posts\/2742\/revisions"}],"predecessor-version":[{"id":2746,"href":"https:\/\/www.fetz-racing.de\/wordpress\/index.php?rest_route=\/wp\/v2\/posts\/2742\/revisions\/2746"}],"wp:attachment":[{"href":"https:\/\/www.fetz-racing.de\/wordpress\/index.php?rest_route=%2Fwp%2Fv2%2Fmedia&parent=2742"}],"wp:term":[{"taxonomy":"category","embeddable":true,"href":"https:\/\/www.fetz-racing.de\/wordpress\/index.php?rest_route=%2Fwp%2Fv2%2Fcategories&post=2742"},{"taxonomy":"post_tag","embeddable":true,"href":"https:\/\/www.fetz-racing.de\/wordpress\/index.php?rest_route=%2Fwp%2Fv2%2Ftags&post=2742"}],"curies":[{"name":"wp","href":"https:\/\/api.w.org\/{rel}","templated":true}]}}