{"id":2640,"date":"2017-06-25T11:53:22","date_gmt":"2017-06-25T10:53:22","guid":{"rendered":"http:\/\/www.fetz-racing.de\/wordpress\/?p=2640"},"modified":"2017-06-26T14:34:24","modified_gmt":"2017-06-26T13:34:24","slug":"auftakttraining-und-saisonstart-in-oschersleben","status":"publish","type":"post","link":"https:\/\/www.fetz-racing.de\/wordpress\/?p=2640","title":{"rendered":"Auftakttraining und Saisonstart in Oschersleben"},"content":{"rendered":"<div>\n<div dir=\"ltr\" align=\"left\">\n<div>\n<div dir=\"ltr\" align=\"left\"><span style=\"font-family: Arial;\"><span style=\"font-size: small;\">Hallo&nbsp;<span class=\"826593317-28052017\">liebe Motorsportfreunde,&nbsp;<\/span><span class=\"826593317-28052017\">&nbsp;<\/span><\/span><\/span><\/div>\n<div dir=\"ltr\" align=\"left\"><span style=\"font-family: Arial; font-size: small;\"><span class=\"826593317-28052017\"><span class=\"624185907-25062017\">die letzten Wochen waren doch sehr stressig&#8230;&#8230;.aber jetzt sind wir startklar f\u00fcr das Auftakttraining und die erste Veranstaltung. <\/span><\/span><\/span><\/div>\n<div dir=\"ltr\" align=\"left\"><span style=\"font-family: Arial; font-size: small;\"><span class=\"826593317-28052017\"><span class=\"624185907-25062017\">Leider reichte es aus zeitlichen und organisatorischen Gr\u00fcnden nicht mehr f\u00fcr eine Pr\u00e4sentation, sorry !!<\/span><\/span><\/span><\/div>\n<div dir=\"ltr\" align=\"left\">&nbsp;<\/div>\n<div dir=\"ltr\" align=\"left\"><span style=\"font-family: Arial; font-size: small;\"><span class=\"826593317-28052017\"><span class=\"624185907-25062017\">Am Mittwoch, 28.06.17, starten wir nach Oschersleben um am Donnerstag und Freitag am Einf\u00fcrungstraining teil zu nehmen. <\/span><\/span><\/span><\/div>\n<div dir=\"ltr\" align=\"left\"><span style=\"font-family: Arial; font-size: small;\"><span class=\"826593317-28052017\"><span class=\"624185907-25062017\">Samstag und Sonntag finden die ersten beiden Rennen im Rahmen der DRC\/DLC (Deutscher Rund &#8211; und &#8211; Langstrecken Cup) mit Bike-Promotion statt! <\/span><\/span><\/span><\/div>\n<div dir=\"ltr\" align=\"left\"><span style=\"font-family: Arial; font-size: small;\"><span class=\"826593317-28052017\"><span class=\"624185907-25062017\">Zeitplan im Anhang !!<\/span><\/span><\/span><\/div>\n<div dir=\"ltr\" align=\"left\"><span style=\"font-family: Arial; font-size: small;\"><span class=\"826593317-28052017\"><span class=\"624185907-25062017\">Bereits das Wochenende darauf, 07.-09.07.17, folgt die zweite Veranstaltung mit der IDM (Internationale Deutsche Meisterschaft) in Zolder\/Belgien. <\/span><\/span><\/span><\/div>\n<div dir=\"ltr\" align=\"left\">&nbsp;<\/div>\n<div dir=\"ltr\" align=\"left\"><span style=\"font-family: Arial; font-size: small;\"><span class=\"826593317-28052017\"><span class=\"624185907-25062017\">Wir freuen uns nat\u00fcrlich wenn ihr uns&nbsp;an der Strecke&nbsp;besuchen w\u00fcrdet !<\/span><\/span><\/span><\/div>\n<div dir=\"ltr\" align=\"left\">&nbsp;<\/div>\n<div dir=\"ltr\" align=\"left\"><span style=\"font-family: Arial; font-size: small;\"><span class=\"826593317-28052017\"><span class=\"624185907-25062017\">Bericht vom &#8222;ersten mal&#8220; folgt n\u00e4chste Woche \ud83d\ude09 <\/span><\/span><\/span><\/div>\n<div dir=\"ltr\" align=\"left\">&nbsp;<\/div>\n<div dir=\"ltr\" align=\"left\"><span style=\"font-family: Arial; font-size: small;\"><span class=\"826593317-28052017\"><span class=\"624185907-25062017\">Ein Dank vorab an unsere Sponsoren und Unterst\u00fctzern sowie den Fanclub Mitgliedern !!<\/span><\/span><\/span><\/div>\n<div dir=\"ltr\" align=\"left\">&nbsp;<\/div>\n<div dir=\"ltr\" align=\"left\"><span style=\"font-family: Arial; font-size: small;\"><span class=\"826593317-28052017\"><span class=\"624185907-25062017\">Bis dahin&#8230;<\/span><\/span><\/span><\/div>\n<div dir=\"ltr\" align=\"left\">&nbsp;<\/div>\n<div dir=\"ltr\" align=\"left\"><span style=\"font-family: Arial; font-size: small;\">Mit motorsportlichen Gr\u00fc\u00dfen !<\/span><\/div>\n<div align=\"left\">&nbsp;<\/div>\n<div align=\"left\"><span style=\"font-family: Arial; font-size: small;\">Marco&nbsp; #9<\/span><\/div>\n<div align=\"left\"><span style=\"font-family: Arial; font-size: small;\">&nbsp;&nbsp;&nbsp;&nbsp;&nbsp; &amp; G\u00fcnter Fetz<\/span><\/div>\n<div align=\"left\">&nbsp;<\/div>\n<div align=\"left\"><a title=\"https:\/\/www.fetz-racing.de\/\" href=\"https:\/\/www.fetz-racing.de\/\"><span style=\"font-family: Arial; font-size: small;\" title=\"https:\/\/www.fetz-racing.de\/\">www.fetz-racing.de<\/span><\/a><span class=\"826593317-28052017\"><span style=\"font-family: Arial; font-size: small;\">&nbsp; &nbsp;<\/span><\/span><\/div>\n<div align=\"left\">\n<p><a href=\"https:\/\/i0.wp.com\/www.fetz-racing.de\/wordpress\/wp-content\/uploads\/2017\/06\/P6257042.jpg?ssl=1\"><img data-recalc-dims=\"1\" loading=\"lazy\" decoding=\"async\" data-attachment-id=\"2644\" data-permalink=\"https:\/\/www.fetz-racing.de\/wordpress\/?attachment_id=2644\" data-orig-file=\"https:\/\/i0.wp.com\/www.fetz-racing.de\/wordpress\/wp-content\/uploads\/2017\/06\/P6257042.jpg?fit=3264%2C2448&amp;ssl=1\" data-orig-size=\"3264,2448\" data-comments-opened=\"1\" data-image-meta=\"{&quot;aperture&quot;:&quot;3.6&quot;,&quot;credit&quot;:&quot;&quot;,&quot;camera&quot;:&quot;SZ-14&quot;,&quot;caption&quot;:&quot;OLYMPUS DIGITAL CAMERA&quot;,&quot;created_timestamp&quot;:&quot;1498390633&quot;,&quot;copyright&quot;:&quot;&quot;,&quot;focal_length&quot;:&quot;6.6&quot;,&quot;iso&quot;:&quot;80&quot;,&quot;shutter_speed&quot;:&quot;0.003125&quot;,&quot;title&quot;:&quot;OLYMPUS DIGITAL CAMERA&quot;,&quot;orientation&quot;:&quot;1&quot;}\" data-image-title=\"OLYMPUS DIGITAL CAMERA\" data-image-description=\"\" data-image-caption=\"&lt;p&gt;OLYMPUS DIGITAL CAMERA&lt;\/p&gt;\n\" data-large-file=\"https:\/\/i0.wp.com\/www.fetz-racing.de\/wordpress\/wp-content\/uploads\/2017\/06\/P6257042.jpg?fit=770%2C578&amp;ssl=1\" class=\"size-medium wp-image-2644\" src=\"https:\/\/i0.wp.com\/www.fetz-racing.de\/wordpress\/wp-content\/uploads\/2017\/06\/P6257042.jpg?resize=300%2C225&#038;ssl=1\" alt=\"\" width=\"300\" height=\"225\" srcset=\"https:\/\/i0.wp.com\/www.fetz-racing.de\/wordpress\/wp-content\/uploads\/2017\/06\/P6257042.jpg?resize=300%2C225&amp;ssl=1 300w, https:\/\/i0.wp.com\/www.fetz-racing.de\/wordpress\/wp-content\/uploads\/2017\/06\/P6257042.jpg?resize=768%2C576&amp;ssl=1 768w, https:\/\/i0.wp.com\/www.fetz-racing.de\/wordpress\/wp-content\/uploads\/2017\/06\/P6257042.jpg?resize=1024%2C768&amp;ssl=1 1024w, https:\/\/i0.wp.com\/www.fetz-racing.de\/wordpress\/wp-content\/uploads\/2017\/06\/P6257042.jpg?resize=200%2C150&amp;ssl=1 200w, https:\/\/i0.wp.com\/www.fetz-racing.de\/wordpress\/wp-content\/uploads\/2017\/06\/P6257042.jpg?resize=150%2C113&amp;ssl=1 150w, https:\/\/i0.wp.com\/www.fetz-racing.de\/wordpress\/wp-content\/uploads\/2017\/06\/P6257042.jpg?w=1540&amp;ssl=1 1540w, https:\/\/i0.wp.com\/www.fetz-racing.de\/wordpress\/wp-content\/uploads\/2017\/06\/P6257042.jpg?w=2310&amp;ssl=1 2310w\" sizes=\"auto, (max-width: 300px) 100vw, 300px\" \/><\/a><\/p>\n<\/div>\n<\/div>\n<\/div>\n<\/div>\n","protected":false},"excerpt":{"rendered":"<p>Hallo&nbsp;liebe Motorsportfreunde,&nbsp;&nbsp; die letzten Wochen waren doch sehr stressig&#8230;&#8230;.aber jetzt sind wir startklar f\u00fcr das Auftakttraining und die erste Veranstaltung. Leider reichte es aus zeitlichen und organisatorischen Gr\u00fcnden nicht mehr f\u00fcr eine Pr\u00e4sentation, sorry !! &nbsp; Am Mittwoch, 28.06.17, starten wir nach Oschersleben um am Donnerstag und Freitag am Einf\u00fcrungstraining\u2026 <a class=\"continue-reading-link\" href=\"https:\/\/www.fetz-racing.de\/wordpress\/?p=2640\">Weiterlesen<\/a><\/p>\n","protected":false},"author":2,"featured_media":0,"comment_status":"open","ping_status":"open","sticky":false,"template":"","format":"standard","meta":{"ngg_post_thumbnail":0,"jetpack_post_was_ever_published":false,"_jetpack_newsletter_access":"","_jetpack_dont_email_post_to_subs":false,"_jetpack_newsletter_tier_id":0,"_jetpack_memberships_contains_paywalled_content":false,"_jetpack_memberships_contains_paid_content":false,"footnotes":"","jetpack_publicize_message":"","jetpack_publicize_feature_enabled":true,"jetpack_social_post_already_shared":false,"jetpack_social_options":{"image_generator_settings":{"template":"highway","default_image_id":0,"font":"","enabled":false},"version":2}},"categories":[1],"tags":[],"class_list":["post-2640","post","type-post","status-publish","format-standard","hentry","category-allgemein"],"jetpack_publicize_connections":[],"jetpack_featured_media_url":"","jetpack_sharing_enabled":true,"jetpack_shortlink":"https:\/\/wp.me\/p8UkLO-GA","jetpack-related-posts":[],"_links":{"self":[{"href":"https:\/\/www.fetz-racing.de\/wordpress\/index.php?rest_route=\/wp\/v2\/posts\/2640","targetHints":{"allow":["GET"]}}],"collection":[{"href":"https:\/\/www.fetz-racing.de\/wordpress\/index.php?rest_route=\/wp\/v2\/posts"}],"about":[{"href":"https:\/\/www.fetz-racing.de\/wordpress\/index.php?rest_route=\/wp\/v2\/types\/post"}],"author":[{"embeddable":true,"href":"https:\/\/www.fetz-racing.de\/wordpress\/index.php?rest_route=\/wp\/v2\/users\/2"}],"replies":[{"embeddable":true,"href":"https:\/\/www.fetz-racing.de\/wordpress\/index.php?rest_route=%2Fwp%2Fv2%2Fcomments&post=2640"}],"version-history":[{"count":5,"href":"https:\/\/www.fetz-racing.de\/wordpress\/index.php?rest_route=\/wp\/v2\/posts\/2640\/revisions"}],"predecessor-version":[{"id":2646,"href":"https:\/\/www.fetz-racing.de\/wordpress\/index.php?rest_route=\/wp\/v2\/posts\/2640\/revisions\/2646"}],"wp:attachment":[{"href":"https:\/\/www.fetz-racing.de\/wordpress\/index.php?rest_route=%2Fwp%2Fv2%2Fmedia&parent=2640"}],"wp:term":[{"taxonomy":"category","embeddable":true,"href":"https:\/\/www.fetz-racing.de\/wordpress\/index.php?rest_route=%2Fwp%2Fv2%2Fcategories&post=2640"},{"taxonomy":"post_tag","embeddable":true,"href":"https:\/\/www.fetz-racing.de\/wordpress\/index.php?rest_route=%2Fwp%2Fv2%2Ftags&post=2640"}],"curies":[{"name":"wp","href":"https:\/\/api.w.org\/{rel}","templated":true}]}}