{"id":2573,"date":"2017-05-02T10:51:22","date_gmt":"2017-05-02T09:51:22","guid":{"rendered":"http:\/\/www.fetz-racing.de\/wordpress\/?p=2573"},"modified":"2017-05-04T09:52:28","modified_gmt":"2017-05-04T08:52:28","slug":"vorbereitung-am-pannoniaring-h-und-most-cz","status":"publish","type":"post","link":"https:\/\/www.fetz-racing.de\/wordpress\/?p=2573","title":{"rendered":"Vorbereitung am Pannoniaring (H) und Most (CZ)"},"content":{"rendered":"<div><span style=\"font-family: Arial; font-size: small;\"><span class=\"794272515-27042017\">Hallo Motorsportfreunde, <\/span><\/span><\/div>\n<div><span style=\"font-family: Arial; font-size: small;\"><span class=\"794272515-27042017\">die Vorbereitungen f\u00fcr die kommende Saison laufen nach wie vor auf Hochtouren !!<\/span><\/span><\/div>\n<div><\/div>\n<div><span style=\"font-family: Arial; font-size: small;\"><span class=\"794272515-27042017\">Damit sich Marco an\u00a0etwas mehr Pferdest\u00e4rken gew\u00f6hnen kann,\u00a0waren wir\u00a0am 13. und 14. M\u00e4rz am Pannoniaring in\u00a0Ungarn trainieren.\u00a0\u00a0<\/span><\/span><\/div>\n<div><span style=\"font-family: Arial; font-size: small;\"><span class=\"794272515-27042017\">Die Bedingungen waren super, zwischen 15 und 20\u00b0C, wenn&#8217;s auch ein windig war&#8230;..<\/span><\/span><\/div>\n<div><span style=\"font-family: Arial; font-size: small;\"><span class=\"794272515-27042017\">&#8222;Hat m\u00e4chtig Spa\u00df gemacht, auch wenn ich nur mit der &#8222;alten&#8220; Suzuki von meinem Papa trainiert habe&#8220;! \ud83d\ude42 <\/span><\/span><\/div>\n<div><\/div>\n<div><span style=\"font-family: Arial; font-size: small;\"><span class=\"794272515-27042017\">Auf Einladung von unserem Sponsor\u00a0&#8222;Fahrschule Heinlein&#8220;\u00a0war am Ostermontag ein Trainingstag in Most, Tschechien, angesagt.\u00a0<\/span><\/span><\/div>\n<div><span style=\"font-family: Arial; font-size: small;\"><span class=\"794272515-27042017\">&#8222;Danke daf\u00fcr Thilo !!&#8220;<\/span><\/span><\/div>\n<div><span style=\"font-family: Arial; font-size: small;\"><span class=\"794272515-27042017\">Das Wetter war ja leider nicht so toll&#8230;. <\/span><\/span><\/div>\n<div><span style=\"font-family: Arial; font-size: small;\"><span class=\"794272515-27042017\">Es war sehr k\u00fchl und nass, die Bergspitzen der Gegend waren Montagmorgen schneebedeckt.<\/span><\/span><\/div>\n<div><span style=\"font-family: Arial; font-size: small;\"><span class=\"794272515-27042017\">Zeit um zum ersten mal auch\u00a0mit Regenreifen zu fahren, &#8230;..was doch sehr gew\u00f6hnungsbed\u00fcrftig ist. <\/span><\/span><\/div>\n<div><span style=\"font-family: Arial; font-size: small;\"><span class=\"794272515-27042017\">Die einzigen trockenen Runden konnten im &#8222;Warm up&#8220; vor dem Rennen gefahren werden, doch p\u00fcnktlich zur Einf\u00fchrungsrunde des\u00a0Rennen&#8217;s begann es erneut zu regnen \ud83d\ude41 <\/span><\/span><\/div>\n<div><span style=\"font-family: Arial; font-size: small;\"><span class=\"794272515-27042017\">Es wurde erst trocken, als Abends alles zusammengepackt wurde und wir Richtung Heimat reisten. <\/span><\/span><\/div>\n<div><\/div>\n<div><span style=\"font-family: Arial; font-size: small;\"><span class=\"794272515-27042017\">Die erste Veranstaltung startet f\u00fcr den\u00a0YAMAHA\u00a0R6 Cup am 10. und 11. Mai mit der Einf\u00fchrung. Dort geht es um Materialausgabe, Datarecording, Fototermine usw. ! <\/span><\/span><\/div>\n<div><span style=\"font-family: Arial; font-size: small;\"><span class=\"794272515-27042017\">Ab Freitag bis Sonntag\u00a0l\u00e4uft dann die erste IDM Veranstaltung. <\/span><\/span><\/div>\n<div><\/div>\n<div><span style=\"font-family: Arial; font-size: small;\"><span class=\"794272515-27042017\">Bereits eine Woche sp\u00e4ter ist der R6 Cup zu Gast bei der Speedweek in Oschersleben (Langstreckenweltmeisterschaft) zu Gast. <\/span><\/span><\/div>\n<div><\/div>\n<div><span style=\"font-family: Arial; font-size: small;\"><span class=\"794272515-27042017\">Wir warten t\u00e4glich auf die neue YAMAHA R6, doch leider ist noch immer kein genauer Liefertermin f\u00fcr das Motorrad bekannt gegeben worden\u00a0! <\/span><\/span><\/div>\n<div><\/div>\n<div><span style=\"font-family: Arial; font-size: small;\"><span class=\"794272515-27042017\">Neue Info&#8217;s gibt&#8217;s nat\u00fcrlich, sobald wir\u00a0was wissen&#8230;..\u00a0<\/span><\/span><\/div>\n<div><\/div>\n<div><span style=\"font-family: Arial; font-size: small;\"><span class=\"794272515-27042017\">Wir stehen Euch nat\u00fcrlich gerne f\u00fcr R\u00fcckfragen zur Verf\u00fcgung&#8230;.!! <\/span><\/span><\/div>\n<div><\/div>\n<div><span style=\"font-family: Arial; font-size: small;\"><span class=\"794272515-27042017\">Bis dann!!<\/span><\/span><\/div>\n<div><\/div>\n<div>\n<div align=\"left\"><span style=\"font-family: Comic Sans MS;\">Mit motorsportlichen Gr\u00fc\u00dfen !<\/span><\/div>\n<div align=\"left\"><\/div>\n<div align=\"left\"><span style=\"font-family: Comic Sans MS;\">Marco\u00a0 #9<\/span><\/div>\n<div align=\"left\"><span style=\"font-family: Comic Sans MS;\">\u00a0\u00a0\u00a0\u00a0\u00a0 &amp; G\u00fcnter Fetz<\/span><\/div>\n<div align=\"left\"><\/div>\n<\/div>\n<div id=\"attachment_2578\" style=\"width: 310px\" class=\"wp-caption alignnone\"><a href=\"https:\/\/i0.wp.com\/www.fetz-racing.de\/wordpress\/wp-content\/uploads\/2017\/05\/DSC_4607.jpg?ssl=1\"><img data-recalc-dims=\"1\" loading=\"lazy\" decoding=\"async\" aria-describedby=\"caption-attachment-2578\" data-attachment-id=\"2578\" data-permalink=\"https:\/\/www.fetz-racing.de\/wordpress\/?attachment_id=2578\" data-orig-file=\"https:\/\/i0.wp.com\/www.fetz-racing.de\/wordpress\/wp-content\/uploads\/2017\/05\/DSC_4607.jpg?fit=3008%2C2000&amp;ssl=1\" data-orig-size=\"3008,2000\" data-comments-opened=\"1\" data-image-meta=\"{&quot;aperture&quot;:&quot;6.3&quot;,&quot;credit&quot;:&quot;&quot;,&quot;camera&quot;:&quot;NIKON D50&quot;,&quot;caption&quot;:&quot;&quot;,&quot;created_timestamp&quot;:&quot;1491221547&quot;,&quot;copyright&quot;:&quot;&quot;,&quot;focal_length&quot;:&quot;200&quot;,&quot;iso&quot;:&quot;0&quot;,&quot;shutter_speed&quot;:&quot;0.0015625&quot;,&quot;title&quot;:&quot;&quot;,&quot;orientation&quot;:&quot;1&quot;}\" data-image-title=\"Zum &amp;#8222;umgew\u00f6hnen&amp;#8220; mit Papa&amp;#8217;s GSXR750 Bj. 2000 am Pan.\" data-image-description=\"\" data-image-caption=\"&lt;p&gt;Zum &amp;#8222;umgew\u00f6hnen&amp;#8220; mit Papa&amp;#8217;s GSXR750 Bj. 2000 am Pan.&lt;\/p&gt;\n\" data-large-file=\"https:\/\/i0.wp.com\/www.fetz-racing.de\/wordpress\/wp-content\/uploads\/2017\/05\/DSC_4607.jpg?fit=770%2C512&amp;ssl=1\" class=\"size-medium wp-image-2578\" src=\"https:\/\/i0.wp.com\/www.fetz-racing.de\/wordpress\/wp-content\/uploads\/2017\/05\/DSC_4607.jpg?resize=300%2C199&#038;ssl=1\" alt=\"\" width=\"300\" height=\"199\" srcset=\"https:\/\/i0.wp.com\/www.fetz-racing.de\/wordpress\/wp-content\/uploads\/2017\/05\/DSC_4607.jpg?resize=300%2C199&amp;ssl=1 300w, https:\/\/i0.wp.com\/www.fetz-racing.de\/wordpress\/wp-content\/uploads\/2017\/05\/DSC_4607.jpg?resize=768%2C511&amp;ssl=1 768w, https:\/\/i0.wp.com\/www.fetz-racing.de\/wordpress\/wp-content\/uploads\/2017\/05\/DSC_4607.jpg?resize=1024%2C681&amp;ssl=1 1024w, https:\/\/i0.wp.com\/www.fetz-racing.de\/wordpress\/wp-content\/uploads\/2017\/05\/DSC_4607.jpg?resize=226%2C150&amp;ssl=1 226w, https:\/\/i0.wp.com\/www.fetz-racing.de\/wordpress\/wp-content\/uploads\/2017\/05\/DSC_4607.jpg?resize=150%2C100&amp;ssl=1 150w, https:\/\/i0.wp.com\/www.fetz-racing.de\/wordpress\/wp-content\/uploads\/2017\/05\/DSC_4607.jpg?w=1540&amp;ssl=1 1540w, https:\/\/i0.wp.com\/www.fetz-racing.de\/wordpress\/wp-content\/uploads\/2017\/05\/DSC_4607.jpg?w=2310&amp;ssl=1 2310w\" sizes=\"auto, (max-width: 300px) 100vw, 300px\" \/><\/a><p id=\"caption-attachment-2578\" class=\"wp-caption-text\">Zum &#8222;umgew\u00f6hnen&#8220; mit Papa&#8217;s GSXR750 Bj. 2000 am Pan.<\/p><\/div>\n<div id=\"attachment_2579\" style=\"width: 310px\" class=\"wp-caption alignnone\"><a href=\"https:\/\/i0.wp.com\/www.fetz-racing.de\/wordpress\/wp-content\/uploads\/2017\/05\/DSC_4708.jpg?ssl=1\"><img data-recalc-dims=\"1\" loading=\"lazy\" decoding=\"async\" aria-describedby=\"caption-attachment-2579\" data-attachment-id=\"2579\" data-permalink=\"https:\/\/www.fetz-racing.de\/wordpress\/?attachment_id=2579\" data-orig-file=\"https:\/\/i0.wp.com\/www.fetz-racing.de\/wordpress\/wp-content\/uploads\/2017\/05\/DSC_4708.jpg?fit=3008%2C2000&amp;ssl=1\" data-orig-size=\"3008,2000\" data-comments-opened=\"1\" data-image-meta=\"{&quot;aperture&quot;:&quot;7.1&quot;,&quot;credit&quot;:&quot;&quot;,&quot;camera&quot;:&quot;NIKON D50&quot;,&quot;caption&quot;:&quot;&quot;,&quot;created_timestamp&quot;:&quot;1491300837&quot;,&quot;copyright&quot;:&quot;&quot;,&quot;focal_length&quot;:&quot;60&quot;,&quot;iso&quot;:&quot;0&quot;,&quot;shutter_speed&quot;:&quot;0.00125&quot;,&quot;title&quot;:&quot;&quot;,&quot;orientation&quot;:&quot;1&quot;}\" data-image-title=\"Pan. 13.+14.M\u00e4rz 17\" data-image-description=\"\" data-image-caption=\"&lt;p&gt;Pan bei 18-20\u00b0C und zu Hause K\u00e4lte &amp;#038; Regen,  brrrrr&lt;\/p&gt;\n\" data-large-file=\"https:\/\/i0.wp.com\/www.fetz-racing.de\/wordpress\/wp-content\/uploads\/2017\/05\/DSC_4708.jpg?fit=770%2C512&amp;ssl=1\" class=\"size-medium wp-image-2579\" src=\"https:\/\/i0.wp.com\/www.fetz-racing.de\/wordpress\/wp-content\/uploads\/2017\/05\/DSC_4708.jpg?resize=300%2C199&#038;ssl=1\" alt=\"\" width=\"300\" height=\"199\" srcset=\"https:\/\/i0.wp.com\/www.fetz-racing.de\/wordpress\/wp-content\/uploads\/2017\/05\/DSC_4708.jpg?resize=300%2C199&amp;ssl=1 300w, https:\/\/i0.wp.com\/www.fetz-racing.de\/wordpress\/wp-content\/uploads\/2017\/05\/DSC_4708.jpg?resize=768%2C511&amp;ssl=1 768w, https:\/\/i0.wp.com\/www.fetz-racing.de\/wordpress\/wp-content\/uploads\/2017\/05\/DSC_4708.jpg?resize=1024%2C681&amp;ssl=1 1024w, https:\/\/i0.wp.com\/www.fetz-racing.de\/wordpress\/wp-content\/uploads\/2017\/05\/DSC_4708.jpg?resize=226%2C150&amp;ssl=1 226w, https:\/\/i0.wp.com\/www.fetz-racing.de\/wordpress\/wp-content\/uploads\/2017\/05\/DSC_4708.jpg?resize=150%2C100&amp;ssl=1 150w, https:\/\/i0.wp.com\/www.fetz-racing.de\/wordpress\/wp-content\/uploads\/2017\/05\/DSC_4708.jpg?w=1540&amp;ssl=1 1540w, https:\/\/i0.wp.com\/www.fetz-racing.de\/wordpress\/wp-content\/uploads\/2017\/05\/DSC_4708.jpg?w=2310&amp;ssl=1 2310w\" sizes=\"auto, (max-width: 300px) 100vw, 300px\" \/><\/a><p id=\"caption-attachment-2579\" class=\"wp-caption-text\">Pan bei 18-20\u00b0C und zu Hause K\u00e4lte &amp; Regen, brrrrr<\/p><\/div>\n<div id=\"attachment_2581\" style=\"width: 310px\" class=\"wp-caption alignnone\"><a href=\"https:\/\/i0.wp.com\/www.fetz-racing.de\/wordpress\/wp-content\/uploads\/2017\/05\/DSC_4889.jpg?ssl=1\"><img data-recalc-dims=\"1\" loading=\"lazy\" decoding=\"async\" aria-describedby=\"caption-attachment-2581\" data-attachment-id=\"2581\" data-permalink=\"https:\/\/www.fetz-racing.de\/wordpress\/?attachment_id=2581\" data-orig-file=\"https:\/\/i0.wp.com\/www.fetz-racing.de\/wordpress\/wp-content\/uploads\/2017\/05\/DSC_4889.jpg?fit=3008%2C2000&amp;ssl=1\" data-orig-size=\"3008,2000\" data-comments-opened=\"1\" data-image-meta=\"{&quot;aperture&quot;:&quot;5.3&quot;,&quot;credit&quot;:&quot;&quot;,&quot;camera&quot;:&quot;NIKON D50&quot;,&quot;caption&quot;:&quot;&quot;,&quot;created_timestamp&quot;:&quot;1491323162&quot;,&quot;copyright&quot;:&quot;&quot;,&quot;focal_length&quot;:&quot;60&quot;,&quot;iso&quot;:&quot;0&quot;,&quot;shutter_speed&quot;:&quot;0.003125&quot;,&quot;title&quot;:&quot;&quot;,&quot;orientation&quot;:&quot;1&quot;}\" data-image-title=\"2h Rennen auf P1, Ton, Ale, Marco\" data-image-description=\"\" data-image-caption=\"&lt;p&gt;2h Rennen auf P1, Ton, Ale, Marco&lt;\/p&gt;\n\" data-large-file=\"https:\/\/i0.wp.com\/www.fetz-racing.de\/wordpress\/wp-content\/uploads\/2017\/05\/DSC_4889.jpg?fit=770%2C512&amp;ssl=1\" class=\"size-medium wp-image-2581\" src=\"https:\/\/i0.wp.com\/www.fetz-racing.de\/wordpress\/wp-content\/uploads\/2017\/05\/DSC_4889.jpg?resize=300%2C199&#038;ssl=1\" alt=\"\" width=\"300\" height=\"199\" srcset=\"https:\/\/i0.wp.com\/www.fetz-racing.de\/wordpress\/wp-content\/uploads\/2017\/05\/DSC_4889.jpg?resize=300%2C199&amp;ssl=1 300w, https:\/\/i0.wp.com\/www.fetz-racing.de\/wordpress\/wp-content\/uploads\/2017\/05\/DSC_4889.jpg?resize=768%2C511&amp;ssl=1 768w, https:\/\/i0.wp.com\/www.fetz-racing.de\/wordpress\/wp-content\/uploads\/2017\/05\/DSC_4889.jpg?resize=1024%2C681&amp;ssl=1 1024w, https:\/\/i0.wp.com\/www.fetz-racing.de\/wordpress\/wp-content\/uploads\/2017\/05\/DSC_4889.jpg?resize=226%2C150&amp;ssl=1 226w, https:\/\/i0.wp.com\/www.fetz-racing.de\/wordpress\/wp-content\/uploads\/2017\/05\/DSC_4889.jpg?resize=150%2C100&amp;ssl=1 150w, https:\/\/i0.wp.com\/www.fetz-racing.de\/wordpress\/wp-content\/uploads\/2017\/05\/DSC_4889.jpg?w=1540&amp;ssl=1 1540w, https:\/\/i0.wp.com\/www.fetz-racing.de\/wordpress\/wp-content\/uploads\/2017\/05\/DSC_4889.jpg?w=2310&amp;ssl=1 2310w\" sizes=\"auto, (max-width: 300px) 100vw, 300px\" \/><\/a><p id=\"caption-attachment-2581\" class=\"wp-caption-text\">2h Rennen am Pan auf 1, Tom, Ale, Marco<\/p><\/div>\n<div id=\"attachment_2583\" style=\"width: 235px\" class=\"wp-caption alignnone\"><a href=\"https:\/\/i0.wp.com\/www.fetz-racing.de\/wordpress\/wp-content\/uploads\/2017\/05\/IMG_20170417_122249177_HDR.jpg?ssl=1\"><img data-recalc-dims=\"1\" loading=\"lazy\" decoding=\"async\" aria-describedby=\"caption-attachment-2583\" data-attachment-id=\"2583\" data-permalink=\"https:\/\/www.fetz-racing.de\/wordpress\/?attachment_id=2583\" data-orig-file=\"https:\/\/i0.wp.com\/www.fetz-racing.de\/wordpress\/wp-content\/uploads\/2017\/05\/IMG_20170417_122249177_HDR.jpg?fit=1944%2C2592&amp;ssl=1\" data-orig-size=\"1944,2592\" data-comments-opened=\"1\" data-image-meta=\"{&quot;aperture&quot;:&quot;2.4&quot;,&quot;credit&quot;:&quot;&quot;,&quot;camera&quot;:&quot;XT1032&quot;,&quot;caption&quot;:&quot;&quot;,&quot;created_timestamp&quot;:&quot;1039348800&quot;,&quot;copyright&quot;:&quot;&quot;,&quot;focal_length&quot;:&quot;3.5&quot;,&quot;iso&quot;:&quot;125&quot;,&quot;shutter_speed&quot;:&quot;0.01974&quot;,&quot;title&quot;:&quot;&quot;,&quot;orientation&quot;:&quot;0&quot;}\" data-image-title=\"17. April in Most, erster Test mit Regenreifen bei ca. 8\u00b0C&amp;#8230;&amp;#8230;\" data-image-description=\"\" data-image-caption=\"&lt;p&gt;17. April in Most, erster Test mit Regenreifen bei ca. 8\u00b0C&amp;#8230;&amp;#8230;&lt;\/p&gt;\n\" data-large-file=\"https:\/\/i0.wp.com\/www.fetz-racing.de\/wordpress\/wp-content\/uploads\/2017\/05\/IMG_20170417_122249177_HDR.jpg?fit=768%2C1024&amp;ssl=1\" class=\"size-medium wp-image-2583\" src=\"https:\/\/i0.wp.com\/www.fetz-racing.de\/wordpress\/wp-content\/uploads\/2017\/05\/IMG_20170417_122249177_HDR.jpg?resize=225%2C300&#038;ssl=1\" alt=\"\" width=\"225\" height=\"300\" srcset=\"https:\/\/i0.wp.com\/www.fetz-racing.de\/wordpress\/wp-content\/uploads\/2017\/05\/IMG_20170417_122249177_HDR.jpg?resize=225%2C300&amp;ssl=1 225w, https:\/\/i0.wp.com\/www.fetz-racing.de\/wordpress\/wp-content\/uploads\/2017\/05\/IMG_20170417_122249177_HDR.jpg?resize=768%2C1024&amp;ssl=1 768w, https:\/\/i0.wp.com\/www.fetz-racing.de\/wordpress\/wp-content\/uploads\/2017\/05\/IMG_20170417_122249177_HDR.jpg?resize=113%2C150&amp;ssl=1 113w, https:\/\/i0.wp.com\/www.fetz-racing.de\/wordpress\/wp-content\/uploads\/2017\/05\/IMG_20170417_122249177_HDR.jpg?w=1944&amp;ssl=1 1944w, https:\/\/i0.wp.com\/www.fetz-racing.de\/wordpress\/wp-content\/uploads\/2017\/05\/IMG_20170417_122249177_HDR.jpg?w=1540&amp;ssl=1 1540w\" sizes=\"auto, (max-width: 225px) 100vw, 225px\" \/><\/a><p id=\"caption-attachment-2583\" class=\"wp-caption-text\">17. April in Most, erster Test mit Regenreifen bei ca. 8\u00b0C&#8230;&#8230;<\/p><\/div>\n<p>&nbsp;<\/p>\n","protected":false},"excerpt":{"rendered":"<p>Hallo Motorsportfreunde, die Vorbereitungen f\u00fcr die kommende Saison laufen nach wie vor auf Hochtouren !! Damit sich Marco an\u00a0etwas mehr Pferdest\u00e4rken gew\u00f6hnen kann,\u00a0waren wir\u00a0am 13. und 14. M\u00e4rz am Pannoniaring in\u00a0Ungarn trainieren.\u00a0\u00a0 Die Bedingungen waren super, zwischen 15 und 20\u00b0C, wenn&#8217;s auch ein windig war&#8230;.. &#8222;Hat m\u00e4chtig Spa\u00df gemacht, auch\u2026 <a class=\"continue-reading-link\" href=\"https:\/\/www.fetz-racing.de\/wordpress\/?p=2573\">Weiterlesen<\/a><\/p>\n","protected":false},"author":2,"featured_media":0,"comment_status":"open","ping_status":"open","sticky":false,"template":"","format":"standard","meta":{"ngg_post_thumbnail":0,"jetpack_post_was_ever_published":false,"_jetpack_newsletter_access":"","_jetpack_dont_email_post_to_subs":false,"_jetpack_newsletter_tier_id":0,"_jetpack_memberships_contains_paywalled_content":false,"_jetpack_memberships_contains_paid_content":false,"footnotes":"","jetpack_publicize_message":"","jetpack_publicize_feature_enabled":true,"jetpack_social_post_already_shared":false,"jetpack_social_options":{"image_generator_settings":{"template":"highway","default_image_id":0,"font":"","enabled":false},"version":2}},"categories":[1],"tags":[],"class_list":["post-2573","post","type-post","status-publish","format-standard","hentry","category-allgemein"],"jetpack_publicize_connections":[],"jetpack_featured_media_url":"","jetpack_sharing_enabled":true,"jetpack_shortlink":"https:\/\/wp.me\/p8UkLO-Fv","jetpack-related-posts":[],"_links":{"self":[{"href":"https:\/\/www.fetz-racing.de\/wordpress\/index.php?rest_route=\/wp\/v2\/posts\/2573","targetHints":{"allow":["GET"]}}],"collection":[{"href":"https:\/\/www.fetz-racing.de\/wordpress\/index.php?rest_route=\/wp\/v2\/posts"}],"about":[{"href":"https:\/\/www.fetz-racing.de\/wordpress\/index.php?rest_route=\/wp\/v2\/types\/post"}],"author":[{"embeddable":true,"href":"https:\/\/www.fetz-racing.de\/wordpress\/index.php?rest_route=\/wp\/v2\/users\/2"}],"replies":[{"embeddable":true,"href":"https:\/\/www.fetz-racing.de\/wordpress\/index.php?rest_route=%2Fwp%2Fv2%2Fcomments&post=2573"}],"version-history":[{"count":9,"href":"https:\/\/www.fetz-racing.de\/wordpress\/index.php?rest_route=\/wp\/v2\/posts\/2573\/revisions"}],"predecessor-version":[{"id":2586,"href":"https:\/\/www.fetz-racing.de\/wordpress\/index.php?rest_route=\/wp\/v2\/posts\/2573\/revisions\/2586"}],"wp:attachment":[{"href":"https:\/\/www.fetz-racing.de\/wordpress\/index.php?rest_route=%2Fwp%2Fv2%2Fmedia&parent=2573"}],"wp:term":[{"taxonomy":"category","embeddable":true,"href":"https:\/\/www.fetz-racing.de\/wordpress\/index.php?rest_route=%2Fwp%2Fv2%2Fcategories&post=2573"},{"taxonomy":"post_tag","embeddable":true,"href":"https:\/\/www.fetz-racing.de\/wordpress\/index.php?rest_route=%2Fwp%2Fv2%2Ftags&post=2573"}],"curies":[{"name":"wp","href":"https:\/\/api.w.org\/{rel}","templated":true}]}}