{"id":2322,"date":"2016-10-23T08:58:08","date_gmt":"2016-10-23T07:58:08","guid":{"rendered":"http:\/\/www.fetz-racing.de\/wordpress\/?p=2322"},"modified":"2017-03-27T15:39:16","modified_gmt":"2017-03-27T14:39:16","slug":"saisonabschluss-bei-den-ktm-world-finals-in-assen-mit-p8","status":"publish","type":"post","link":"https:\/\/www.fetz-racing.de\/wordpress\/?p=2322","title":{"rendered":"Saisonabschluss bei den KTM World Finals in Assen mit P8"},"content":{"rendered":"<p>Hallo Motorsportfreunde,<\/p>\n<p>hier&nbsp;eine Zusammenfassung von den KTM World Finals bei der British Super Bike in Assen:<\/p>\n<p>Vom 30.09.-02.10.16 fand das KTM RC CUP World Finale in Assen im Rahmen der BSB (British Superbike) statt.&nbsp;Ich&nbsp;durfte dort gegen die besten Fahrer der&nbsp;jeweiligen L\u00e4nder, in denen die KTM RC 390 als Cup Motorrad verwendet wird, antreten. Mit mir waren f\u00fcr Deutschland&nbsp;am Start: Mate Lazko Cupsieger, Jan-Ole J\u00e4hnig Cup 2ter und Yannik Kruse Cup 5ter.&nbsp;Dieses WF wurde von KTM organisiert und es waren die besten 5 Fahrer&nbsp;aus USA, Gro\u00dfbritannien, Finnland, den Niederlanden, die besten 3 aus Mexico, Frankreich, Italien und 1 aus S\u00fcdafrika eingeladen.<\/p>\n<p>Da wir erst Donnerstag nach der Arbeit los fuhren,&nbsp;erreichten wir&nbsp;Assen Freitag Nachts um ca.&nbsp;00:15 Uhr und&nbsp;konnten&nbsp;erst Freitagmorgen um 8:15 Uhr nach dem einchecken&nbsp;das Fahrerlager beziehen. Jetzt noch auspacken,&nbsp;Frontverkleidung neu bekleben, Transponder holen, dann zur technischen Abnahme. Denn&nbsp;es&nbsp;folgten 2 freie Trainings um 11:10 und 16:00 Uhr.&nbsp;Dabei konnte&nbsp;ich mir erst einmal einen \u00dcberblick \u00fcber die starke Konkurrenz machen. Im 1. freien Training fuhr ich auf den 12. Platz Gesamt, World Final 10, da holl\u00e4ndische und ein belgischer Gaststarter dabei waren. Im 2. Training konnte ich meine Zeit um ca. 4 Zehntel verbessern und lag mit einer Zeit von 2:01.228&nbsp;erneut auf Platz 11 Gesamt und Platz 9 des World Final.<\/p>\n<p>Im Quali am Samstagvormittag war die Strecke teilweise noch nass, da es \u00fcber Nacht regnete.&nbsp;Nach 5 Runden&nbsp;kam ich in einer schnellen Kurve zu weit nach au\u00dfen&nbsp;auf die noch feuchten&nbsp;Cerbs&nbsp;ging zu Boden. Mir ist&nbsp;nichts passiert,&nbsp;doch das Motorrad hat einiges abbekommen,&nbsp; wurde&nbsp;aber p\u00fcnktlich zum 1. Rennen am Nachmittag wieder fertig.&nbsp;Da ich meine Zeit somit nicht mehr verbessern konnte,&nbsp;startete das 1. Rennen also von Platz 16, was nicht optimal war.<\/p>\n<p>Bei 17\u00b0 und trockenen Bedingungen ging am Samstag&nbsp;um 16:20 Uhr die Ampel aus. Ich hatte einen guten Start und konnte gleich ein paar Pl\u00e4tze gut machen, doch der F\u00fchrungsgruppe nicht folgen und so&nbsp;k\u00e4mpfte ich in einer 3er&nbsp;Gruppe gegen&nbsp;2 Holl\u00e4nder. Es gab viele \u00dcberholman\u00f6ver und blieb bis zum Ende spannend. In der letzten Runde&nbsp;verbremste sich einer meiner Gegner,&nbsp;den anderen \u00fcberholte ich in der letzten&nbsp;Schikane vor der Zielgeraden und \u00fcberquerte als 10. Gesamt und 9. des World Final den Zielstrich, mit&nbsp;14 Sekunden R\u00fcckstand auf die Spitze und 16 Sekunden Vorsprung vor den Verfolgern. Ich war nicht ganz zufrieden damit, da ich eigentlich an der F\u00fchrungsgruppe dranbleiben wollte. Trotzdem habe ich mich \u00fcber die Punkte f\u00fcr den 9. Platz gefreut.<\/p>\n<p>Das letzte Rennen am Sonntagnachmittag fand&nbsp;auch unter trockenen aber sehr k\u00fchlen Bedingungen statt. Ich startete dieses Mal von P15 aus ins Rennen, da die schnellsten Rundenzeiten des 1. Rennen \u00fcber die Startpositionen entschieden.&nbsp;Mein&nbsp;Start war nicht optimal,&nbsp;ich verlor diesmal ein paar Pl\u00e4tze, welche ich aber&nbsp;in der ersten Runde gleich wieder gutmachen konnte.&nbsp;Auch diesmal konnte&nbsp;ich der F\u00fchrungsgruppe&nbsp;leider nicht folgen.&nbsp;So fuhr ich&nbsp;mein&nbsp;eigenes einsames Rennen mit 5 Sekunden Luft nach hinten und auch nach vorne.&nbsp;Im Verlauf des Rennens sind 2 Fahrer ausgefallen&nbsp;und in der letzten Runde, in der Schikane&nbsp;vor Start-Ziel, kam es in der F\u00fchrungsgruppe noch zu einem Crash, bei dem 2 Fahrer st\u00fcrzten und auf der Zielgeraden lagen, aus diesem Grund wurde das Rennen abgebrochen.&nbsp;Somit landete ich&nbsp;auf P11 gesamt und abz\u00fcglich der Gaststarter wieder auf P9. In der Gesamtwertung&nbsp;belegte ich am Ende&nbsp;P8. Alle Teilnehmer&nbsp;bekamen&nbsp;bei der anschlie\u00dfenden Ehrung noch tolle Preise.<\/p>\n<p>Das wars dann leider auch wieder mit dieser Saison. Meine letzten Rennen mit der KTM sind Geschichte. Die 2 Jahre haben mir sehr viel Spa\u00df gemacht, obwohl ich am Ende doch schon fast zu gro\u00df und schwer f\u00fcr dieses Motorrad war!!!<\/p>\n<p>Vielen Dank an alle, die mich unterst\u00fctzt haben!!!<\/p>\n<p>Wie es in der n\u00e4chsten Saison weitergeht, kann ich noch nicht sagen, doch&nbsp;wir halten euch auf dem Laufenden!<\/p>\n<p>Ihr k\u00f6nnt Euch die beiden Rennen in Youtube anschauen:<\/p>\n<div>\n<div class=\"text_exposed_show\">\n<p><span class=\"080340517-05102016\"><span style=\"font-family: Arial; font-size: small;\"><a title=\"https:\/\/www.youtube.com\/watch?v=21sp1MIJjRY\" href=\"https:\/\/www.youtube.com\/watch?v=21sp1MIJjRY\">https:\/\/www.youtube.com\/watch?v=21sp1MIJjRY<\/a><\/span><\/span><\/p>\n<p><span class=\"080340517-05102016\"><span style=\"font-family: Arial; font-size: small;\"><a title=\"https:\/\/www.youtube.com\/watch?v=uJg_0HzusCw\" href=\"https:\/\/www.youtube.com\/watch?v=uJg_0HzusCw\">https:\/\/www.youtube.com\/watch?v=uJg_0HzusCw<\/a><\/span><\/span><\/p>\n<p>Viele Gr\u00fc\u00dfe<br \/>\nMarco#9<\/p>\n<div id=\"attachment_2329\" style=\"width: 310px\" class=\"wp-caption alignnone\"><a href=\"https:\/\/i0.wp.com\/www.fetz-racing.de\/wordpress\/wp-content\/uploads\/2016\/10\/16_BSB_RC_Fetz2136.jpg?ssl=1\"><img data-recalc-dims=\"1\" loading=\"lazy\" decoding=\"async\" aria-describedby=\"caption-attachment-2329\" data-attachment-id=\"2329\" data-permalink=\"https:\/\/www.fetz-racing.de\/wordpress\/?attachment_id=2329\" data-orig-file=\"https:\/\/i0.wp.com\/www.fetz-racing.de\/wordpress\/wp-content\/uploads\/2016\/10\/16_BSB_RC_Fetz2136.jpg?fit=4896%2C3264&amp;ssl=1\" data-orig-size=\"4896,3264\" data-comments-opened=\"1\" data-image-meta=\"{&quot;aperture&quot;:&quot;6.3&quot;,&quot;credit&quot;:&quot;&quot;,&quot;camera&quot;:&quot;Canon EOS-1D Mark IV&quot;,&quot;caption&quot;:&quot;&quot;,&quot;created_timestamp&quot;:&quot;1475409305&quot;,&quot;copyright&quot;:&quot;&quot;,&quot;focal_length&quot;:&quot;28&quot;,&quot;iso&quot;:&quot;400&quot;,&quot;shutter_speed&quot;:&quot;0.0033333333333333&quot;,&quot;title&quot;:&quot;&quot;,&quot;orientation&quot;:&quot;1&quot;}\" data-image-title=\"16_bsb_rc_fetz2136\" data-image-description=\"\" data-image-caption=\"\" data-large-file=\"https:\/\/i0.wp.com\/www.fetz-racing.de\/wordpress\/wp-content\/uploads\/2016\/10\/16_BSB_RC_Fetz2136.jpg?fit=770%2C514&amp;ssl=1\" class=\"wp-image-2329 size-medium\" src=\"https:\/\/i0.wp.com\/www.fetz-racing.de\/wordpress\/wp-content\/uploads\/2016\/10\/16_BSB_RC_Fetz2136.jpg?resize=300%2C200&#038;ssl=1\" alt=\"16_bsb_rc_fetz2136\" height=\"200\" width=\"300\" srcset=\"https:\/\/i0.wp.com\/www.fetz-racing.de\/wordpress\/wp-content\/uploads\/2016\/10\/16_BSB_RC_Fetz2136.jpg?resize=300%2C200&amp;ssl=1 300w, https:\/\/i0.wp.com\/www.fetz-racing.de\/wordpress\/wp-content\/uploads\/2016\/10\/16_BSB_RC_Fetz2136.jpg?resize=768%2C512&amp;ssl=1 768w, https:\/\/i0.wp.com\/www.fetz-racing.de\/wordpress\/wp-content\/uploads\/2016\/10\/16_BSB_RC_Fetz2136.jpg?resize=1024%2C683&amp;ssl=1 1024w, https:\/\/i0.wp.com\/www.fetz-racing.de\/wordpress\/wp-content\/uploads\/2016\/10\/16_BSB_RC_Fetz2136.jpg?resize=225%2C150&amp;ssl=1 225w, https:\/\/i0.wp.com\/www.fetz-racing.de\/wordpress\/wp-content\/uploads\/2016\/10\/16_BSB_RC_Fetz2136.jpg?resize=150%2C100&amp;ssl=1 150w, https:\/\/i0.wp.com\/www.fetz-racing.de\/wordpress\/wp-content\/uploads\/2016\/10\/16_BSB_RC_Fetz2136.jpg?w=1540&amp;ssl=1 1540w, https:\/\/i0.wp.com\/www.fetz-racing.de\/wordpress\/wp-content\/uploads\/2016\/10\/16_BSB_RC_Fetz2136.jpg?w=2310&amp;ssl=1 2310w\" sizes=\"auto, (max-width: 300px) 100vw, 300px\" \/><\/a><p id=\"caption-attachment-2329\" class=\"wp-caption-text\">Suuper Veranstaltung auf geiler Strecke&#8230;..vor vollem Haus bei der BSB&#8230;..<\/p><\/div>\n<p><a href=\"https:\/\/i0.wp.com\/www.fetz-racing.de\/wordpress\/wp-content\/uploads\/2016\/10\/16_BSB_RC_Team2024-e1477208893961.jpg?ssl=1\"><img data-recalc-dims=\"1\" loading=\"lazy\" decoding=\"async\" data-attachment-id=\"2328\" data-permalink=\"https:\/\/www.fetz-racing.de\/wordpress\/?attachment_id=2328\" data-orig-file=\"https:\/\/i0.wp.com\/www.fetz-racing.de\/wordpress\/wp-content\/uploads\/2016\/10\/16_BSB_RC_Team2024-e1477208893961.jpg?fit=3000%2C2000&amp;ssl=1\" data-orig-size=\"3000,2000\" data-comments-opened=\"1\" data-image-meta=\"{&quot;aperture&quot;:&quot;7.1&quot;,&quot;credit&quot;:&quot;&quot;,&quot;camera&quot;:&quot;Canon EOS-1D Mark IV&quot;,&quot;caption&quot;:&quot;&quot;,&quot;created_timestamp&quot;:&quot;1475408998&quot;,&quot;copyright&quot;:&quot;&quot;,&quot;focal_length&quot;:&quot;24&quot;,&quot;iso&quot;:&quot;400&quot;,&quot;shutter_speed&quot;:&quot;0.0033333333333333&quot;,&quot;title&quot;:&quot;&quot;,&quot;orientation&quot;:&quot;1&quot;}\" data-image-title=\"Fahrervorstellung vor dem Rennen&amp;#8230;..\" data-image-description=\"\" data-image-caption=\"\" data-large-file=\"https:\/\/i0.wp.com\/www.fetz-racing.de\/wordpress\/wp-content\/uploads\/2016\/10\/16_BSB_RC_Team2024-e1477208893961.jpg?fit=770%2C514&amp;ssl=1\" class=\"alignnone size-medium wp-image-2328\" src=\"https:\/\/i0.wp.com\/www.fetz-racing.de\/wordpress\/wp-content\/uploads\/2016\/10\/16_BSB_RC_Team2024.jpg?resize=300%2C200&#038;ssl=1\" alt=\"Fahrervorstellung vor dem Rennen.....\" height=\"200\" width=\"300\"><\/a><\/p>\n<div id=\"attachment_2327\" style=\"width: 310px\" class=\"wp-caption alignnone\"><a href=\"https:\/\/i0.wp.com\/www.fetz-racing.de\/wordpress\/wp-content\/uploads\/2016\/10\/16_BSB_RC_Fetz0100.jpg?ssl=1\"><img data-recalc-dims=\"1\" loading=\"lazy\" decoding=\"async\" aria-describedby=\"caption-attachment-2327\" data-attachment-id=\"2327\" data-permalink=\"https:\/\/www.fetz-racing.de\/wordpress\/?attachment_id=2327\" data-orig-file=\"https:\/\/i0.wp.com\/www.fetz-racing.de\/wordpress\/wp-content\/uploads\/2016\/10\/16_BSB_RC_Fetz0100.jpg?fit=3888%2C2592&amp;ssl=1\" data-orig-size=\"3888,2592\" data-comments-opened=\"1\" data-image-meta=\"{&quot;aperture&quot;:&quot;5&quot;,&quot;credit&quot;:&quot;&quot;,&quot;camera&quot;:&quot;Canon EOS-1D Mark III&quot;,&quot;caption&quot;:&quot;&quot;,&quot;created_timestamp&quot;:&quot;1475245128&quot;,&quot;copyright&quot;:&quot;&quot;,&quot;focal_length&quot;:&quot;420&quot;,&quot;iso&quot;:&quot;100&quot;,&quot;shutter_speed&quot;:&quot;0.0015625&quot;,&quot;title&quot;:&quot;&quot;,&quot;orientation&quot;:&quot;1&quot;}\" data-image-title=\"Danke f\u00fcr die Unterst\u00fctzung\" data-image-description=\"\" data-image-caption=\"&lt;p&gt;Danke f\u00fcr die Unterst\u00fctzung: Theo D\u00e4schlein, Fa. Dienst, Systemhaus Schmidt, Fahrschule Heinlein, KFZ-Schletterer !!!!!!!!!!!!!!!!!&lt;\/p&gt;\n\" data-large-file=\"https:\/\/i0.wp.com\/www.fetz-racing.de\/wordpress\/wp-content\/uploads\/2016\/10\/16_BSB_RC_Fetz0100.jpg?fit=770%2C514&amp;ssl=1\" class=\"size-medium wp-image-2327\" src=\"https:\/\/i0.wp.com\/www.fetz-racing.de\/wordpress\/wp-content\/uploads\/2016\/10\/16_BSB_RC_Fetz0100.jpg?resize=300%2C200&#038;ssl=1\" alt=\"Danke f\u00fcr die Unterst\u00fctzung: Theo D\u00e4schlein, Fa. Dienst, Systemhaus Schmidt, Fahrschule Heinlein, KFZ-Schletterer !!!!!!!!!!!!!!!!!\" height=\"200\" width=\"300\" srcset=\"https:\/\/i0.wp.com\/www.fetz-racing.de\/wordpress\/wp-content\/uploads\/2016\/10\/16_BSB_RC_Fetz0100.jpg?resize=300%2C200&amp;ssl=1 300w, https:\/\/i0.wp.com\/www.fetz-racing.de\/wordpress\/wp-content\/uploads\/2016\/10\/16_BSB_RC_Fetz0100.jpg?resize=768%2C512&amp;ssl=1 768w, https:\/\/i0.wp.com\/www.fetz-racing.de\/wordpress\/wp-content\/uploads\/2016\/10\/16_BSB_RC_Fetz0100.jpg?resize=1024%2C683&amp;ssl=1 1024w, https:\/\/i0.wp.com\/www.fetz-racing.de\/wordpress\/wp-content\/uploads\/2016\/10\/16_BSB_RC_Fetz0100.jpg?resize=225%2C150&amp;ssl=1 225w, https:\/\/i0.wp.com\/www.fetz-racing.de\/wordpress\/wp-content\/uploads\/2016\/10\/16_BSB_RC_Fetz0100.jpg?resize=150%2C100&amp;ssl=1 150w, https:\/\/i0.wp.com\/www.fetz-racing.de\/wordpress\/wp-content\/uploads\/2016\/10\/16_BSB_RC_Fetz0100.jpg?w=1540&amp;ssl=1 1540w, https:\/\/i0.wp.com\/www.fetz-racing.de\/wordpress\/wp-content\/uploads\/2016\/10\/16_BSB_RC_Fetz0100.jpg?w=2310&amp;ssl=1 2310w\" sizes=\"auto, (max-width: 300px) 100vw, 300px\" \/><\/a><p id=\"caption-attachment-2327\" class=\"wp-caption-text\">Danke f\u00fcr die Unterst\u00fctzung: Theo D\u00e4schlein, Fa. Dienst, Systemhaus Schmidt, Fahrschule Heinlein, KFZ-Schletterer !!!!!!!!!!!!!!!!!<\/p><\/div>\n<div id=\"attachment_2325\" style=\"width: 310px\" class=\"wp-caption alignnone\"><a href=\"https:\/\/i0.wp.com\/www.fetz-racing.de\/wordpress\/wp-content\/uploads\/2016\/10\/AC2J2946.jpg?ssl=1\"><img data-recalc-dims=\"1\" loading=\"lazy\" decoding=\"async\" aria-describedby=\"caption-attachment-2325\" data-attachment-id=\"2325\" data-permalink=\"https:\/\/www.fetz-racing.de\/wordpress\/?attachment_id=2325\" data-orig-file=\"https:\/\/i0.wp.com\/www.fetz-racing.de\/wordpress\/wp-content\/uploads\/2016\/10\/AC2J2946.jpg?fit=1600%2C1067&amp;ssl=1\" data-orig-size=\"1600,1067\" data-comments-opened=\"1\" data-image-meta=\"{&quot;aperture&quot;:&quot;4.5&quot;,&quot;credit&quot;:&quot;&quot;,&quot;camera&quot;:&quot;Canon EOS-1D X&quot;,&quot;caption&quot;:&quot;&quot;,&quot;created_timestamp&quot;:&quot;1475242058&quot;,&quot;copyright&quot;:&quot;&quot;,&quot;focal_length&quot;:&quot;600&quot;,&quot;iso&quot;:&quot;200&quot;,&quot;shutter_speed&quot;:&quot;0.002&quot;,&quot;title&quot;:&quot;&quot;,&quot;orientation&quot;:&quot;1&quot;}\" data-image-title=\"Danke f\u00fcr die Unterst\u00fctzung\" data-image-description=\"\" data-image-caption=\"&lt;p&gt;Danke f\u00fcr die Unterst\u00fctzung: Fliesen Neusesser, Reifen Heinrich&lt;\/p&gt;\n\" data-large-file=\"https:\/\/i0.wp.com\/www.fetz-racing.de\/wordpress\/wp-content\/uploads\/2016\/10\/AC2J2946.jpg?fit=770%2C514&amp;ssl=1\" class=\"wp-image-2325 size-medium\" src=\"https:\/\/i0.wp.com\/www.fetz-racing.de\/wordpress\/wp-content\/uploads\/2016\/10\/AC2J2946.jpg?resize=300%2C200&#038;ssl=1\" alt=\"Danke f\u00fcr die Unterst\u00fctzung: Fliesen Neusesser, Reifen Heinrich\" height=\"200\" width=\"300\" srcset=\"https:\/\/i0.wp.com\/www.fetz-racing.de\/wordpress\/wp-content\/uploads\/2016\/10\/AC2J2946.jpg?resize=300%2C200&amp;ssl=1 300w, https:\/\/i0.wp.com\/www.fetz-racing.de\/wordpress\/wp-content\/uploads\/2016\/10\/AC2J2946.jpg?resize=768%2C512&amp;ssl=1 768w, https:\/\/i0.wp.com\/www.fetz-racing.de\/wordpress\/wp-content\/uploads\/2016\/10\/AC2J2946.jpg?resize=1024%2C683&amp;ssl=1 1024w, https:\/\/i0.wp.com\/www.fetz-racing.de\/wordpress\/wp-content\/uploads\/2016\/10\/AC2J2946.jpg?resize=225%2C150&amp;ssl=1 225w, https:\/\/i0.wp.com\/www.fetz-racing.de\/wordpress\/wp-content\/uploads\/2016\/10\/AC2J2946.jpg?resize=150%2C100&amp;ssl=1 150w, https:\/\/i0.wp.com\/www.fetz-racing.de\/wordpress\/wp-content\/uploads\/2016\/10\/AC2J2946.jpg?w=1600&amp;ssl=1 1600w, https:\/\/i0.wp.com\/www.fetz-racing.de\/wordpress\/wp-content\/uploads\/2016\/10\/AC2J2946.jpg?w=1540&amp;ssl=1 1540w\" sizes=\"auto, (max-width: 300px) 100vw, 300px\" \/><\/a><p id=\"caption-attachment-2325\" class=\"wp-caption-text\">Und auch danke f\u00fcr die Unterst\u00fctzung bei Fliesen Neusesser und Reifen Heinrich !!!!<\/p><\/div>\n<div id=\"attachment_2326\" style=\"width: 310px\" class=\"wp-caption alignnone\"><a href=\"https:\/\/i0.wp.com\/www.fetz-racing.de\/wordpress\/wp-content\/uploads\/2016\/10\/16_BSB_RC_Team0920-e1477208618791.jpg?ssl=1\"><img data-recalc-dims=\"1\" loading=\"lazy\" decoding=\"async\" aria-describedby=\"caption-attachment-2326\" data-attachment-id=\"2326\" data-permalink=\"https:\/\/www.fetz-racing.de\/wordpress\/?attachment_id=2326\" data-orig-file=\"https:\/\/i0.wp.com\/www.fetz-racing.de\/wordpress\/wp-content\/uploads\/2016\/10\/16_BSB_RC_Team0920-e1477208618791.jpg?fit=2448%2C1632&amp;ssl=1\" data-orig-size=\"2448,1632\" data-comments-opened=\"1\" data-image-meta=\"{&quot;aperture&quot;:&quot;5.6&quot;,&quot;credit&quot;:&quot;&quot;,&quot;camera&quot;:&quot;Canon EOS-1D Mark IV&quot;,&quot;caption&quot;:&quot;&quot;,&quot;created_timestamp&quot;:&quot;1475243067&quot;,&quot;copyright&quot;:&quot;&quot;,&quot;focal_length&quot;:&quot;24&quot;,&quot;iso&quot;:&quot;640&quot;,&quot;shutter_speed&quot;:&quot;0.00625&quot;,&quot;title&quot;:&quot;&quot;,&quot;orientation&quot;:&quot;1&quot;}\" data-image-title=\"Team Germany: Marco, Mate, Jan-Ole, Yannik\" data-image-description=\"\" data-image-caption=\"&lt;p&gt;Team Germany: Marco, Mate, Jan-Ole, Yannik&lt;\/p&gt;\n\" data-large-file=\"https:\/\/i0.wp.com\/www.fetz-racing.de\/wordpress\/wp-content\/uploads\/2016\/10\/16_BSB_RC_Team0920-e1477208618791.jpg?fit=770%2C514&amp;ssl=1\" class=\"size-medium wp-image-2326\" src=\"https:\/\/i0.wp.com\/www.fetz-racing.de\/wordpress\/wp-content\/uploads\/2016\/10\/16_BSB_RC_Team0920.jpg?resize=300%2C200&#038;ssl=1\" alt=\"Team Germany: Marco, Mate, Jan-Ole, Yannik\" height=\"200\" width=\"300\"><\/a><p id=\"caption-attachment-2326\" class=\"wp-caption-text\">Team Germany: Marco, Mate, Jan-Ole, Yannik<\/p><\/div>\n<\/div>\n<\/div>\n","protected":false},"excerpt":{"rendered":"<p>Hallo Motorsportfreunde, hier&nbsp;eine Zusammenfassung von den KTM World Finals bei der British Super Bike in Assen: Vom 30.09.-02.10.16 fand das KTM RC CUP World Finale in Assen im Rahmen der BSB (British Superbike) statt.&nbsp;Ich&nbsp;durfte dort gegen die besten Fahrer der&nbsp;jeweiligen L\u00e4nder, in denen die KTM RC 390 als Cup Motorrad\u2026 <a class=\"continue-reading-link\" href=\"https:\/\/www.fetz-racing.de\/wordpress\/?p=2322\">Weiterlesen<\/a><\/p>\n","protected":false},"author":2,"featured_media":0,"comment_status":"open","ping_status":"open","sticky":false,"template":"","format":"standard","meta":{"ngg_post_thumbnail":0,"jetpack_post_was_ever_published":false,"_jetpack_newsletter_access":"","_jetpack_dont_email_post_to_subs":false,"_jetpack_newsletter_tier_id":0,"_jetpack_memberships_contains_paywalled_content":false,"_jetpack_memberships_contains_paid_content":false,"footnotes":"","jetpack_publicize_message":"","jetpack_publicize_feature_enabled":true,"jetpack_social_post_already_shared":false,"jetpack_social_options":{"image_generator_settings":{"template":"highway","default_image_id":0,"font":"","enabled":false},"version":2}},"categories":[22],"tags":[23],"class_list":["post-2322","post","type-post","status-publish","format-standard","hentry","category-rennen-2016","tag-assen"],"jetpack_publicize_connections":[],"jetpack_featured_media_url":"","jetpack_sharing_enabled":true,"jetpack_shortlink":"https:\/\/wp.me\/p8UkLO-Bs","jetpack-related-posts":[],"_links":{"self":[{"href":"https:\/\/www.fetz-racing.de\/wordpress\/index.php?rest_route=\/wp\/v2\/posts\/2322","targetHints":{"allow":["GET"]}}],"collection":[{"href":"https:\/\/www.fetz-racing.de\/wordpress\/index.php?rest_route=\/wp\/v2\/posts"}],"about":[{"href":"https:\/\/www.fetz-racing.de\/wordpress\/index.php?rest_route=\/wp\/v2\/types\/post"}],"author":[{"embeddable":true,"href":"https:\/\/www.fetz-racing.de\/wordpress\/index.php?rest_route=\/wp\/v2\/users\/2"}],"replies":[{"embeddable":true,"href":"https:\/\/www.fetz-racing.de\/wordpress\/index.php?rest_route=%2Fwp%2Fv2%2Fcomments&post=2322"}],"version-history":[{"count":8,"href":"https:\/\/www.fetz-racing.de\/wordpress\/index.php?rest_route=\/wp\/v2\/posts\/2322\/revisions"}],"predecessor-version":[{"id":2459,"href":"https:\/\/www.fetz-racing.de\/wordpress\/index.php?rest_route=\/wp\/v2\/posts\/2322\/revisions\/2459"}],"wp:attachment":[{"href":"https:\/\/www.fetz-racing.de\/wordpress\/index.php?rest_route=%2Fwp%2Fv2%2Fmedia&parent=2322"}],"wp:term":[{"taxonomy":"category","embeddable":true,"href":"https:\/\/www.fetz-racing.de\/wordpress\/index.php?rest_route=%2Fwp%2Fv2%2Fcategories&post=2322"},{"taxonomy":"post_tag","embeddable":true,"href":"https:\/\/www.fetz-racing.de\/wordpress\/index.php?rest_route=%2Fwp%2Fv2%2Ftags&post=2322"}],"curies":[{"name":"wp","href":"https:\/\/api.w.org\/{rel}","templated":true}]}}