{"id":2269,"date":"2016-09-04T10:40:28","date_gmt":"2016-09-04T09:40:28","guid":{"rendered":"http:\/\/www.fetz-racing.de\/wordpress\/?p=2269"},"modified":"2017-03-13T14:21:07","modified_gmt":"2017-03-13T13:21:07","slug":"p4-und-podest-bei-der-speedweek-in-oschersleben","status":"publish","type":"post","link":"https:\/\/www.fetz-racing.de\/wordpress\/?p=2269","title":{"rendered":"P4 und Podest bei der Speedweek in Oschersleben"},"content":{"rendered":"<div>\n<p>Am vergangenen Wochenende<span class=\"901242115-29082016\">,26.-28.08.2016,<\/span> waren wir zu Gast&nbsp;<span class=\"901242115-29082016\">bei der Speedweek <\/span>in Oschersleben, wo das 8-Stunden Rennen der&nbsp;<span class=\"901242115-29082016\">Langstreckenw<\/span>eltmeisterschaft stattfand. Auch unsere Holl\u00e4ndischen Freunde f<span class=\"901242115-29082016\">u<\/span>hren bei diesem Event&nbsp;<span class=\"901242115-29082016\">wieder <\/span>bei uns mit<span class=\"901242115-29082016\">, die jedoch separat gewertet wurden<\/span>. Nachdem wir am Donnerstag alles aufgebaut hatten, stand am Freitag fr\u00fch<span class=\"901242115-29082016\"> um 10:00 Uhr<\/span>&nbsp;<span class=\"901242115-29082016\">(bereits 25\u00b0C) <\/span>das freie Training auf dem Plan, bei dem ich mich wieder an die Strecke gew\u00f6hnen konnte. Mit einem 11. Platz<span class=\"901242115-29082016\"> gesamt,<\/span> 7. Platz der deutschen Wertung<span class=\"901242115-29082016\">,<\/span> beendete ich das<span class=\"text_exposed_show\"> freie Training und wartet schon auf das erste Quali am Nachmittag, bei dem die Sonne verr\u00fcckt spielte&#8230;&nbsp;<span class=\"901242115-29082016\">14:00 Uhr, <\/span>ca. 36 Grad!<span class=\"901242115-29082016\"> Bei diesen Temperaturen hat man auf der Strecke sehr schlechten Grip, da unsere (Stra\u00dfen-) Reifen<\/span><span class=\"901242115-29082016\">&nbsp;bei den Temperaturen \u00fcberfordert sind und die Rundenzeiten allgemein langsamer sind.<\/span><\/span><\/p>\n<p><span class=\"text_exposed_show\">Nachdem im ersten Quali nur Platz 13 gesamt \/ 6. Platz der Deutschen heraus sprang, nahm ich mir f\u00fcr das zweite Quali mehr vor. Samstag&nbsp;<span class=\"901242115-29082016\">morgen (10:00Uhr, 25\u00b0C)<\/span>,&nbsp;fand unser zweites Quali statt wobei ich meine Zeit vom Freitag aus dem ersten Quali nochmal um&nbsp;<span class=\"901242115-29082016\">knapp <\/span>2 Sekunden verbessern konnte und eine 1:45.582&nbsp;<span class=\"901242115-29082016\">schaffte<\/span>. Danach stand auch der Startplatz f\u00fcr die beiden Rennen am Sonntag fest, Startplatz 9 mit Holl\u00e4ndern<span class=\"901242115-29082016\">,<\/span> 5.&nbsp;<span class=\"901242115-29082016\">in <\/span><span class=\"901242115-29082016\">unserer Wertung<\/span>&nbsp;und so vorne mit im Geschehen dabei!<\/span><\/p>\n<p><span class=\"text_exposed_show\">Sonntag&nbsp;<span class=\"901242115-29082016\">morgen um 9:40 Uhr <\/span>startet Rennen 1<span class=\"901242115-29082016\">, bei optimalen sonnigen Bedingungen und ca. 22\u00b0C<\/span>, in welchem ich einen mittelm\u00e4\u00dfigen Start hatte. Es entwickelte sich gleich zu Beginn eine gro\u00dfe Gruppe, jedoch <span class=\"901242115-29082016\">f<\/span>iel<span class=\"901242115-29082016\">en Mitte und Ende des Rennens 2 <\/span>Konkurrenten aus. So lag ich am Ende auf Platz 4 der deutschen Wertung<span class=\"901242115-29082016\">,<\/span>&nbsp;<span class=\"901242115-29082016\">g<\/span>esamt 10.,da ich an einem meiner Gegner leider nicht mehr vorbei kam und mich so um 0,1<span class=\"901242115-29082016\">6<\/span> Sekunden&nbsp;<span class=\"901242115-29082016\">mit Platz 4<\/span>geschlagen geben musste. Jedoch konnte ich meine Zeit vom Quali verbessern und fuhr eine 1:44.773!<i class=\"_3kkw\" style=\"background-image: url('https:\/\/www.facebook.com\/images\/emoji.php\/v5\/u5f\/1\/16\/270a.png');\"><span class=\"accessible_elem\">\u270a<\/span><\/i> <\/span><\/p>\n<p><span class=\"text_exposed_show\">Im zweiten Rennen hatte ich einen schlechten Start und verlor 3 bis 4 Pl\u00e4tze, die ich aber gleich in der zweiten Kurve wieder gut machen konnte, da ich au\u00dfen herum wieder an&nbsp;<span class=\"901242115-29082016\">meinen Konkurrenten <\/span>vorbei gegangen bin. Es entwickelte sich wie im ersten Lauf eine interessante Gruppe, bis&nbsp;<span class=\"901242115-29082016\">ich <\/span>ein wenig aufgehalten&nbsp;<span class=\"901242115-29082016\">wurde <\/span>und so den Anschluss verloren hab. Doch dann&nbsp;<span class=\"901242115-29082016\">ging&nbsp;im<\/span> hinteren Streckenabschnitt&nbsp;<span class=\"901242115-29082016\">ein starker Regenschauer nieder<\/span><span class=\"901242115-29082016\">,&nbsp;dabei<\/span> ich konnte Platz f\u00fcr Platz gutmachen<span class=\"901242115-29082016\"> und<\/span>&nbsp;bis auf Platz 3 der deutschen Wertung<span class=\"901242115-29082016\"> vorfahren<\/span>. Nachdem dann noch die F\u00fchrungsgruppe aufgrund&nbsp;<span class=\"901242115-29082016\">der nassen Strecke <\/span>ausfiel, belegte ich am Ende Platz 2 der deutschen Wertung<span class=\"901242115-29082016\">,&nbsp;P<\/span>latz 6 gesamt<span class=\"901242115-29082016\"> und hatte somit mein 3tes Podest erreicht<\/span><span class=\"901242115-29082016\">&nbsp;\ud83d\ude42<\/span><\/span><\/p>\n<div class=\"text_exposed_show\">\n<p>So konnte ich wieder wichtige Punkte f\u00fcr die Gesamtwertung gutmachen, in welcher ich nun auf Platz&nbsp;<span class=\"901242115-29082016\">4<\/span>, Punktgleich mit Yannick Kruse<span class=\"901242115-29082016\"> (P3)<\/span>&nbsp;liege.<span class=\"901242115-29082016\"> Theoretisch k\u00f6nnen noch die ersten 4 (1. Latzko 119 Punkte,2. J\u00e4hnig 114, 3.&nbsp;Kruse und 4. meine Wenigkeit, je 96) noch den Titel holen&#8230;.<\/span><\/p>\n<p>Da ist f\u00fcr<span class=\"901242115-29082016\"> das Saisonfinale in <\/span>Hockenheim<span class=\"901242115-29082016\">,<\/span> im Rahmen der IDM vom 23.09 &#8211; 25.09.2016<span class=\"901242115-29082016\">,<\/span> wohl ordentlich f\u00fcr Spannung gesorgt!<i class=\"_3kkw\" style=\"background-image: url('https:\/\/www.facebook.com\/images\/emoji.php\/v5\/u5f\/1\/16\/270a.png');\"><span class=\"accessible_elem\">\u270a<\/span><\/i><\/p>\n<p>Auch dieses Jahr wird es wieder ein World Final f\u00fcr die besten Fahrer des&nbsp;<span class=\"901242115-29082016\">RC <\/span>Cup&#8217;s geben, welches&nbsp;<span class=\"901242115-29082016\">erneut <\/span><span class=\"901242115-29082016\">bei der&nbsp;BritishSuperBike in&nbsp;Assen <\/span>in den Niederlanden stattfinden wird, geben. Hierf\u00fcr w\u00fcrde ich mich gern qualifizieren und somit in Hockenheim alles geben.<\/p>\n<p>Gru\u00df Marco#9<\/p>\n<div align=\"left\"><span style=\"font-family: Comic Sans MS;\">Mit motorsportlichen Gr\u00fc\u00dfen !<\/span><\/div>\n<div align=\"left\">&nbsp;<\/div>\n<div align=\"left\"><span style=\"font-family: Comic Sans MS;\">Marco&nbsp; #9<\/span><\/div>\n<div align=\"left\"><span style=\"font-family: Comic Sans MS;\">&nbsp;&nbsp;&nbsp;&nbsp;&nbsp; &amp; G\u00fcnter Fetz<\/span><\/div>\n<div align=\"left\">&nbsp;<\/div>\n<div align=\"left\"><span style=\"font-family: Comic Sans MS; font-size: small;\"><a title=\"https:\/\/www.fetz-racing.de\/\" href=\"https:\/\/www.fetz-racing.de\/\">www.fetz-racing.de<\/a><\/span><\/div>\n<\/div>\n<\/div>\n<div align=\"left\">&nbsp;<\/div>\n<div>&nbsp;ngg_shortcode_0_placeholder<\/div>\n","protected":false},"excerpt":{"rendered":"<p>Am vergangenen Wochenende,26.-28.08.2016, waren wir zu Gast&nbsp;bei der Speedweek in Oschersleben, wo das 8-Stunden Rennen der&nbsp;Langstreckenweltmeisterschaft stattfand. Auch unsere Holl\u00e4ndischen Freunde fuhren bei diesem Event&nbsp;wieder bei uns mit, die jedoch separat gewertet wurden. Nachdem wir am Donnerstag alles aufgebaut hatten, stand am Freitag fr\u00fch um 10:00 Uhr&nbsp;(bereits 25\u00b0C) das freie\u2026 <a class=\"continue-reading-link\" href=\"https:\/\/www.fetz-racing.de\/wordpress\/?p=2269\">Weiterlesen<\/a><\/p>\n","protected":false},"author":2,"featured_media":0,"comment_status":"open","ping_status":"open","sticky":false,"template":"","format":"standard","meta":{"ngg_post_thumbnail":0,"jetpack_post_was_ever_published":false,"_jetpack_newsletter_access":"","_jetpack_dont_email_post_to_subs":false,"_jetpack_newsletter_tier_id":0,"_jetpack_memberships_contains_paywalled_content":false,"_jetpack_memberships_contains_paid_content":false,"footnotes":"","jetpack_publicize_message":"","jetpack_publicize_feature_enabled":true,"jetpack_social_post_already_shared":false,"jetpack_social_options":{"image_generator_settings":{"template":"highway","default_image_id":0,"font":"","enabled":false},"version":2}},"categories":[22],"tags":[27],"class_list":["post-2269","post","type-post","status-publish","format-standard","hentry","category-rennen-2016","tag-oschersleben"],"jetpack_publicize_connections":[],"jetpack_featured_media_url":"","jetpack_sharing_enabled":true,"jetpack_shortlink":"https:\/\/wp.me\/p8UkLO-AB","jetpack-related-posts":[],"_links":{"self":[{"href":"https:\/\/www.fetz-racing.de\/wordpress\/index.php?rest_route=\/wp\/v2\/posts\/2269","targetHints":{"allow":["GET"]}}],"collection":[{"href":"https:\/\/www.fetz-racing.de\/wordpress\/index.php?rest_route=\/wp\/v2\/posts"}],"about":[{"href":"https:\/\/www.fetz-racing.de\/wordpress\/index.php?rest_route=\/wp\/v2\/types\/post"}],"author":[{"embeddable":true,"href":"https:\/\/www.fetz-racing.de\/wordpress\/index.php?rest_route=\/wp\/v2\/users\/2"}],"replies":[{"embeddable":true,"href":"https:\/\/www.fetz-racing.de\/wordpress\/index.php?rest_route=%2Fwp%2Fv2%2Fcomments&post=2269"}],"version-history":[{"count":8,"href":"https:\/\/www.fetz-racing.de\/wordpress\/index.php?rest_route=\/wp\/v2\/posts\/2269\/revisions"}],"predecessor-version":[{"id":2405,"href":"https:\/\/www.fetz-racing.de\/wordpress\/index.php?rest_route=\/wp\/v2\/posts\/2269\/revisions\/2405"}],"wp:attachment":[{"href":"https:\/\/www.fetz-racing.de\/wordpress\/index.php?rest_route=%2Fwp%2Fv2%2Fmedia&parent=2269"}],"wp:term":[{"taxonomy":"category","embeddable":true,"href":"https:\/\/www.fetz-racing.de\/wordpress\/index.php?rest_route=%2Fwp%2Fv2%2Fcategories&post=2269"},{"taxonomy":"post_tag","embeddable":true,"href":"https:\/\/www.fetz-racing.de\/wordpress\/index.php?rest_route=%2Fwp%2Fv2%2Ftags&post=2269"}],"curies":[{"name":"wp","href":"https:\/\/api.w.org\/{rel}","templated":true}]}}