{"id":1569,"date":"2015-08-12T10:50:28","date_gmt":"2015-08-12T09:50:28","guid":{"rendered":"http:\/\/www.fetz-racing.de\/wordpress\/?p=1569"},"modified":"2016-05-11T07:10:00","modified_gmt":"2016-05-11T06:10:00","slug":"p6-in-assen-auf-der-motogp-strecke","status":"publish","type":"post","link":"https:\/\/www.fetz-racing.de\/wordpress\/?p=1569","title":{"rendered":"P6 in Assen auf der MotoGP Strecke"},"content":{"rendered":"<p>Hallo Motorsportfreunde,<\/p>\n<p>vom 07.-09.08.2015 wurde auf der\u00a04555m langen\u00a0MotoGP Strecke in Assen in den Niederlanden der der 5. Lauf des ADAC Junior Cup powered by KTM\u00a0ausgetragen.<\/p>\n<p>In Assen wurde, wie bereits am N\u00fcrburgring, zusammen mit dem Niederl\u00e4ndischen KTM-Cup gefahren. Jedoch jede Klasse f\u00fcr sich gewertet.<\/p>\n<p>Der Freitagnachmittag startete bei angenehmen und nicht zu heissen 25\u00b0 mit einem 30 min\u00fctigen freien Training. F\u00fcr Marco und viele andere Fahrer war die Strecke neu\u00a0und eine der sch\u00f6nsten im Kalender.<\/p>\n<p>Marco sortierte sich mit einer Zeit von\u00a0\u00a02:03,006 auf P14 (deutsche Wertung P7) ein.<\/p>\n<p>Samstag um 10:00 Uhr ging\u2019s zum ersten Quali. Marco konnte sich noch verbessern und hatte eine 2:02,188 als er kurz vor Ende leider abgeflogen ist. Um eine Kollision zu vermeiden hatte er in Schr\u00e4glage vorne etwas \u00fcberbremst und dann ging\u2019s dahin \u2026. Er blieb, au\u00dfer einer\u00a0 kleinen Prellung an der Schulter, unverletzt. Und so hatten wir auch keine Langeweile bis zum 2ten Quali, denn die KTM musste \u201eauch\u201c wieder fit gemacht werden. Mit seiner Zeit war er auf P11 (D-P7).<\/p>\n<p>Um 13:55 Uhr folgte das zweite Quali, die Temperaturen lagen bei ca. 27\u00a0\u00b0. Marco war wieder ziemlich fit und versuchte seine Zeit noch zu verbessern, was ihm aber leider nicht gelang. Durch das volle Starterfeld hatte er keine freie Runde ohne behindert zu werden bzw. als er in der letzten Runde noch ca. 1 Sec. rausholte wurde dies wieder durch sturzbedingte gelbe Flaggen zunichte gemacht. So rutschte er mit seiner 2:02,188 aus dem Q1 leider auf den 19ten Startplatz zur\u00fcck (D- P11).<\/p>\n<p>Am Sonntagnachmittag um 15:05 Uhr gingen die Lichter der Startampel aus. In dem riesigen Pulk von 46 Startern konnte Marco\u00a0seinen Platz halten.<\/p>\n<p>Nach der ersten Runde\u00a0fuhr er als 19ter (D-P10) an Start-Ziel vorbei.\u00a0Von Beginn an war die Spitzengruppe davongezogen. Marco lieferte sich in einem Pulk von 6 Fahrern st\u00e4ndig \u00dcberholman\u00f6ver und Windschattenduelle. Er lag im Verlauf des Rennen\u2019s immer zwischen P20 (D-P10) und P14 (D-P7). Die Gruppe rutschte um 3 Pl\u00e4tze nach vorne, da 3 Fahrer in den Runden 5, 10 und 11 vor ihnen gest\u00fcrzt sind.<\/p>\n<p>In der letzten Runde hat sich Marco in der Schikane vor Start-Ziel an J\u00e4hnig vorbeigebremst und fuhr auf die Tausendstel Sekunde gleich mit ihm \u00fcber den Zielstrich! Da dessen Transponder an anderer Stelle montiert war kam es zum Fotofinish, in dem man deutlich Marco\u2018s Vorsprung von ca. 30cm erkennen kann !!<\/p>\n<p>So waren wir trotz schlechten Trainingsergebnissen mit P6 \u00fcbergl\u00fccklich !!<\/p>\n<p>Vom 21.-23.08.2015, findet das\u00a0\u00a05. und 6. Rennen des ADAC Junior Cup powered by KTM im Rahmen der \u201eGerman Speed Week\u201c in Oschersleben statt, dessen Hauptrennen ein 8h Rennen\u00a0der Langstrecken WM\u00a0ist!!!<\/p>\n<p>Dort werden 2 Rennl\u00e4ufe des Junior Cups ausgetragen, Samstag- und Sonntagvormittag.<\/p>\n<p>Vielleicht schafft\u2019s ja der\/die Ein oder Andere \u2026\u2026, w\u00fcrde uns freuen und gebt uns Bescheid, wenn ihr Karten braucht !!<\/p>\n<p>Stehen\u00a0Euch f\u00fcr R\u00fcckfragen gerne zur Verf\u00fcgung!<\/p>\n<p>Bis bald \u2026&#8230;<\/p>\n<p>Mit motorsportlichen Gr\u00fc\u00dfen !<\/p>\n<p>Marco\u00a0 #6<\/p>\n<p>&amp; G\u00fcnter Fetz<\/p>\n<p><strong><!-- default-view.php -->\n<div\n\tclass=\"ngg-galleryoverview default-view\n\t ngg-ajax-pagination-none\t\"\n\tid=\"ngg-gallery-b2b08637a8674b451ea263257ca531fd-1\"\n\tdata-gallery-id=\"55\">\n\n\t\t<!-- Thumbnails -->\n\t\t\t\t<div id=\"ngg-image-0\" class=\"ngg-gallery-thumbnail-box\n\t\t\t\t\t\t\t\t\t\t\t\"\n\t\t\t>\n\t\t\t\t\t\t<div class=\"ngg-gallery-thumbnail\">\n\t\t\t<a href=\"https:\/\/www.fetz-racing.de\/wordpress\/wp-content\/gallery\/assen-07-09-08-2015\/P8076476Y.JPG\"\n\t\t\t\ttitle=\"Super Truppe: mit Finkl #9 und Sohnius #7\"\n\t\t\t\tdata-src=\"https:\/\/www.fetz-racing.de\/wordpress\/wp-content\/gallery\/assen-07-09-08-2015\/P8076476Y.JPG\"\n\t\t\t\tdata-thumbnail=\"https:\/\/www.fetz-racing.de\/wordpress\/wp-content\/gallery\/assen-07-09-08-2015\/thumbs\/thumbs_P8076476Y.JPG\"\n\t\t\t\tdata-image-id=\"485\"\n\t\t\t\tdata-title=\"Super Truppe: mit Finkl #9 und Sohnius #7\"\n\t\t\t\tdata-description=\"Super Truppe: mit Finkl #9 und Sohnius #7\"\n\t\t\t\tdata-image-slug=\"p8076476y\"\n\t\t\t\t\t\t\t\t\t\t\t\t\t\t\t\t\t\t\t\tclass=\"ngg-fancybox\" rel=\"b2b08637a8674b451ea263257ca531fd\">\n\t\t\t\t\t\t\t\t<img\n\t\t\t\t\ttitle=\"Super Truppe: mit Finkl #9 und Sohnius #7\"\n\t\t\t\t\talt=\"Super Truppe: mit Finkl #9 und Sohnius #7\"\n\t\t\t\t\tsrc=\"https:\/\/www.fetz-racing.de\/wordpress\/wp-content\/gallery\/assen-07-09-08-2015\/cache\/P8076476Y.JPG-nggid03485-ngg0dyn-100x100x100-00f0w010c011r110f110r010t010.JPG\"\n\t\t\t\t\twidth=\"100\"\n\t\t\t\t\theight=\"100\"\n\t\t\t\t\tstyle=\"max-width:100%;\"\n\t\t\t\t\/>\n\t\t\t<\/a>\n\t\t<\/div>\n\t\t\t\t\t\t\t<\/div>\n\t\t\t\n\t\t\t\t<div id=\"ngg-image-1\" class=\"ngg-gallery-thumbnail-box\n\t\t\t\t\t\t\t\t\t\t\t\"\n\t\t\t>\n\t\t\t\t\t\t<div class=\"ngg-gallery-thumbnail\">\n\t\t\t<a href=\"https:\/\/www.fetz-racing.de\/wordpress\/wp-content\/gallery\/assen-07-09-08-2015\/P8096484Y.JPG\"\n\t\t\t\ttitle=\"Assen, .......klasse Strecke und Anlage\"\n\t\t\t\tdata-src=\"https:\/\/www.fetz-racing.de\/wordpress\/wp-content\/gallery\/assen-07-09-08-2015\/P8096484Y.JPG\"\n\t\t\t\tdata-thumbnail=\"https:\/\/www.fetz-racing.de\/wordpress\/wp-content\/gallery\/assen-07-09-08-2015\/thumbs\/thumbs_P8096484Y.JPG\"\n\t\t\t\tdata-image-id=\"486\"\n\t\t\t\tdata-title=\"Assen, .......klasse Strecke und Anlage\"\n\t\t\t\tdata-description=\"Assen, .......klasse Strecke und Anlage\"\n\t\t\t\tdata-image-slug=\"p8096484y\"\n\t\t\t\t\t\t\t\t\t\t\t\t\t\t\t\t\t\t\t\tclass=\"ngg-fancybox\" rel=\"b2b08637a8674b451ea263257ca531fd\">\n\t\t\t\t\t\t\t\t<img\n\t\t\t\t\ttitle=\"Assen, .......klasse Strecke und Anlage\"\n\t\t\t\t\talt=\"Assen, .......klasse Strecke und Anlage\"\n\t\t\t\t\tsrc=\"https:\/\/www.fetz-racing.de\/wordpress\/wp-content\/gallery\/assen-07-09-08-2015\/cache\/P8096484Y.JPG-nggid03486-ngg0dyn-100x100x100-00f0w010c011r110f110r010t010.JPG\"\n\t\t\t\t\twidth=\"100\"\n\t\t\t\t\theight=\"100\"\n\t\t\t\t\tstyle=\"max-width:100%;\"\n\t\t\t\t\/>\n\t\t\t<\/a>\n\t\t<\/div>\n\t\t\t\t\t\t\t<\/div>\n\t\t\t\n\t\t\t\t<div id=\"ngg-image-2\" class=\"ngg-gallery-thumbnail-box\n\t\t\t\t\t\t\t\t\t\t\t\"\n\t\t\t>\n\t\t\t\t\t\t<div class=\"ngg-gallery-thumbnail\">\n\t\t\t<a href=\"https:\/\/www.fetz-racing.de\/wordpress\/wp-content\/gallery\/assen-07-09-08-2015\/P8096483Y.JPG\"\n\t\t\t\ttitle=\"...... die Ruhe vor dem &quot;Sturm&quot; :-)\"\n\t\t\t\tdata-src=\"https:\/\/www.fetz-racing.de\/wordpress\/wp-content\/gallery\/assen-07-09-08-2015\/P8096483Y.JPG\"\n\t\t\t\tdata-thumbnail=\"https:\/\/www.fetz-racing.de\/wordpress\/wp-content\/gallery\/assen-07-09-08-2015\/thumbs\/thumbs_P8096483Y.JPG\"\n\t\t\t\tdata-image-id=\"487\"\n\t\t\t\tdata-title=\"...... die Ruhe vor dem &quot;Sturm&quot; :-)\"\n\t\t\t\tdata-description=\"...... die Ruhe vor dem &quot;Sturm&quot; :-)\"\n\t\t\t\tdata-image-slug=\"p8096483y\"\n\t\t\t\t\t\t\t\t\t\t\t\t\t\t\t\t\t\t\t\tclass=\"ngg-fancybox\" rel=\"b2b08637a8674b451ea263257ca531fd\">\n\t\t\t\t\t\t\t\t<img\n\t\t\t\t\ttitle=\"...... die Ruhe vor dem &quot;Sturm&quot; :-)\"\n\t\t\t\t\talt=\"...... die Ruhe vor dem &quot;Sturm&quot; :-)\"\n\t\t\t\t\tsrc=\"https:\/\/www.fetz-racing.de\/wordpress\/wp-content\/gallery\/assen-07-09-08-2015\/cache\/P8096483Y.JPG-nggid03487-ngg0dyn-100x100x100-00f0w010c011r110f110r010t010.JPG\"\n\t\t\t\t\twidth=\"100\"\n\t\t\t\t\theight=\"100\"\n\t\t\t\t\tstyle=\"max-width:100%;\"\n\t\t\t\t\/>\n\t\t\t<\/a>\n\t\t<\/div>\n\t\t\t\t\t\t\t<\/div>\n\t\t\t\n\t\t\t\t<div id=\"ngg-image-3\" class=\"ngg-gallery-thumbnail-box\n\t\t\t\t\t\t\t\t\t\t\t\"\n\t\t\t>\n\t\t\t\t\t\t<div class=\"ngg-gallery-thumbnail\">\n\t\t\t<a href=\"https:\/\/www.fetz-racing.de\/wordpress\/wp-content\/gallery\/assen-07-09-08-2015\/P8096482Y.JPG\"\n\t\t\t\ttitle=\"Startnummer ist wieder mal Programm ...... P6\"\n\t\t\t\tdata-src=\"https:\/\/www.fetz-racing.de\/wordpress\/wp-content\/gallery\/assen-07-09-08-2015\/P8096482Y.JPG\"\n\t\t\t\tdata-thumbnail=\"https:\/\/www.fetz-racing.de\/wordpress\/wp-content\/gallery\/assen-07-09-08-2015\/thumbs\/thumbs_P8096482Y.JPG\"\n\t\t\t\tdata-image-id=\"488\"\n\t\t\t\tdata-title=\"Startnummer ist wieder mal Programm ...... P6\"\n\t\t\t\tdata-description=\"Startnummer ist wieder mal Programm ...... P6\"\n\t\t\t\tdata-image-slug=\"p8096482y\"\n\t\t\t\t\t\t\t\t\t\t\t\t\t\t\t\t\t\t\t\tclass=\"ngg-fancybox\" rel=\"b2b08637a8674b451ea263257ca531fd\">\n\t\t\t\t\t\t\t\t<img\n\t\t\t\t\ttitle=\"Startnummer ist wieder mal Programm ...... P6\"\n\t\t\t\t\talt=\"Startnummer ist wieder mal Programm ...... P6\"\n\t\t\t\t\tsrc=\"https:\/\/www.fetz-racing.de\/wordpress\/wp-content\/gallery\/assen-07-09-08-2015\/cache\/P8096482Y.JPG-nggid03488-ngg0dyn-100x100x100-00f0w010c011r110f110r010t010.JPG\"\n\t\t\t\t\twidth=\"100\"\n\t\t\t\t\theight=\"100\"\n\t\t\t\t\tstyle=\"max-width:100%;\"\n\t\t\t\t\/>\n\t\t\t<\/a>\n\t\t<\/div>\n\t\t\t\t\t\t\t<\/div>\n\t\t\t\n\t\t\t\t<div id=\"ngg-image-4\" class=\"ngg-gallery-thumbnail-box\n\t\t\t\t\t\t\t\t\t\t\t\"\n\t\t\t>\n\t\t\t\t\t\t<div class=\"ngg-gallery-thumbnail\">\n\t\t\t<a href=\"https:\/\/www.fetz-racing.de\/wordpress\/wp-content\/gallery\/assen-07-09-08-2015\/P8076479Y.JPG\"\n\t\t\t\ttitle=\"Alles soweit fertig.....\"\n\t\t\t\tdata-src=\"https:\/\/www.fetz-racing.de\/wordpress\/wp-content\/gallery\/assen-07-09-08-2015\/P8076479Y.JPG\"\n\t\t\t\tdata-thumbnail=\"https:\/\/www.fetz-racing.de\/wordpress\/wp-content\/gallery\/assen-07-09-08-2015\/thumbs\/thumbs_P8076479Y.JPG\"\n\t\t\t\tdata-image-id=\"489\"\n\t\t\t\tdata-title=\"Alles soweit fertig.....\"\n\t\t\t\tdata-description=\"Alles soweit fertig.....\"\n\t\t\t\tdata-image-slug=\"p8076479y\"\n\t\t\t\t\t\t\t\t\t\t\t\t\t\t\t\t\t\t\t\tclass=\"ngg-fancybox\" rel=\"b2b08637a8674b451ea263257ca531fd\">\n\t\t\t\t\t\t\t\t<img\n\t\t\t\t\ttitle=\"Alles soweit fertig.....\"\n\t\t\t\t\talt=\"Alles soweit fertig.....\"\n\t\t\t\t\tsrc=\"https:\/\/www.fetz-racing.de\/wordpress\/wp-content\/gallery\/assen-07-09-08-2015\/cache\/P8076479Y.JPG-nggid03489-ngg0dyn-100x100x100-00f0w010c011r110f110r010t010.JPG\"\n\t\t\t\t\twidth=\"100\"\n\t\t\t\t\theight=\"100\"\n\t\t\t\t\tstyle=\"max-width:100%;\"\n\t\t\t\t\/>\n\t\t\t<\/a>\n\t\t<\/div>\n\t\t\t\t\t\t\t<\/div>\n\t\t\t\n\t\n\t<br style=\"clear: both\" \/>\n\n\t\t<div class=\"slideshowlink\">\n\t\t<a href='https:\/\/www.fetz-racing.de\/wordpress\/index.php\/nggallery\/slideshow?p=1569'>[Zeige eine Slideshow]<\/a>\n\n\t<\/div>\n\t\n\t\t<!-- Pagination -->\n\t\t<div class='ngg-clear'><\/div>\t<\/div>\n<\/strong><\/p>\n","protected":false},"excerpt":{"rendered":"<p>Hallo Motorsportfreunde, vom 07.-09.08.2015 wurde auf der\u00a04555m langen\u00a0MotoGP Strecke in Assen in den Niederlanden der der 5. Lauf des ADAC Junior Cup powered by KTM\u00a0ausgetragen. In Assen wurde, wie bereits am N\u00fcrburgring, zusammen mit dem Niederl\u00e4ndischen KTM-Cup gefahren. Jedoch jede Klasse f\u00fcr sich gewertet. Der Freitagnachmittag startete bei angenehmen und\u2026 <a class=\"continue-reading-link\" href=\"https:\/\/www.fetz-racing.de\/wordpress\/?p=1569\">Weiterlesen<\/a><\/p>\n","protected":false},"author":2,"featured_media":0,"comment_status":"open","ping_status":"open","sticky":false,"template":"","format":"standard","meta":{"ngg_post_thumbnail":0,"jetpack_post_was_ever_published":false,"_jetpack_newsletter_access":"","_jetpack_dont_email_post_to_subs":false,"_jetpack_newsletter_tier_id":0,"_jetpack_memberships_contains_paywalled_content":false,"_jetpack_memberships_contains_paid_content":false,"footnotes":"","jetpack_publicize_message":"","jetpack_publicize_feature_enabled":true,"jetpack_social_post_already_shared":false,"jetpack_social_options":{"image_generator_settings":{"template":"highway","default_image_id":0,"font":"","enabled":false},"version":2}},"categories":[20],"tags":[23],"class_list":["post-1569","post","type-post","status-publish","format-standard","hentry","category-rennen-2015","tag-assen"],"jetpack_publicize_connections":[],"jetpack_featured_media_url":"","jetpack_sharing_enabled":true,"jetpack_shortlink":"https:\/\/wp.me\/p8UkLO-pj","jetpack-related-posts":[],"_links":{"self":[{"href":"https:\/\/www.fetz-racing.de\/wordpress\/index.php?rest_route=\/wp\/v2\/posts\/1569","targetHints":{"allow":["GET"]}}],"collection":[{"href":"https:\/\/www.fetz-racing.de\/wordpress\/index.php?rest_route=\/wp\/v2\/posts"}],"about":[{"href":"https:\/\/www.fetz-racing.de\/wordpress\/index.php?rest_route=\/wp\/v2\/types\/post"}],"author":[{"embeddable":true,"href":"https:\/\/www.fetz-racing.de\/wordpress\/index.php?rest_route=\/wp\/v2\/users\/2"}],"replies":[{"embeddable":true,"href":"https:\/\/www.fetz-racing.de\/wordpress\/index.php?rest_route=%2Fwp%2Fv2%2Fcomments&post=1569"}],"version-history":[{"count":2,"href":"https:\/\/www.fetz-racing.de\/wordpress\/index.php?rest_route=\/wp\/v2\/posts\/1569\/revisions"}],"predecessor-version":[{"id":2171,"href":"https:\/\/www.fetz-racing.de\/wordpress\/index.php?rest_route=\/wp\/v2\/posts\/1569\/revisions\/2171"}],"wp:attachment":[{"href":"https:\/\/www.fetz-racing.de\/wordpress\/index.php?rest_route=%2Fwp%2Fv2%2Fmedia&parent=1569"}],"wp:term":[{"taxonomy":"category","embeddable":true,"href":"https:\/\/www.fetz-racing.de\/wordpress\/index.php?rest_route=%2Fwp%2Fv2%2Fcategories&post=1569"},{"taxonomy":"post_tag","embeddable":true,"href":"https:\/\/www.fetz-racing.de\/wordpress\/index.php?rest_route=%2Fwp%2Fv2%2Ftags&post=1569"}],"curies":[{"name":"wp","href":"https:\/\/api.w.org\/{rel}","templated":true}]}}