{"id":1468,"date":"2015-06-24T20:17:02","date_gmt":"2015-06-24T19:17:02","guid":{"rendered":"http:\/\/www.fetz-racing.de\/wordpress\/?p=1468"},"modified":"2016-05-09T06:58:14","modified_gmt":"2016-05-09T05:58:14","slug":"am-nuerburgring-auf-p6","status":"publish","type":"post","link":"https:\/\/www.fetz-racing.de\/wordpress\/?p=1468","title":{"rendered":"Am N\u00fcrburgring auf P6 &#8230;&#8230;"},"content":{"rendered":"<div dir=\"ltr\" align=\"left\">\n<div>&#8230;&#8230;&#8230; vom<span style=\"font-family: Arial;\"><span style=\"font-size: small;\"><span class=\"063503319-15062015\"> 12.-14.06.2015, <\/span>\u00a0fand der 2. Lauf des ADAC Junior Cup\u00a0<span class=\"063503319-15062015\">am N\u00fcrburgring <\/span>statt.\u00a0<span class=\"063503319-15062015\">Bei dieser Veranstaltung wurde auch ein Meisterschaftslauf des niederl\u00e4ndischen Junior Cups ausgetragen, denn das Reglement und die Motorr\u00e4der sind gleich aufgebaut. Die Trainings und Rennen wurden zusammen gefahren aber getrennt gewertet.<\/span><\/span><\/span><\/div>\n<p><span style=\"font-family: Arial;\"><span style=\"font-size: small;\"><span class=\"063503319-15062015\">&#8222;<\/span>Am Freitag im freien Training ko<span class=\"063503319-15062015\">n<\/span>nte ich mich\u00a0<span class=\"063503319-15062015\">w<\/span>ieder an die Strecke gew\u00f6hnen. Nach dem Training lag ich\u00a0<span class=\"063503319-15062015\">mit einer 1:48,851 <\/span>auf Platz 23 von insgesamt\u00a047\u00a0Startern<span class=\"063503319-15062015\">,\u00a0incl. d<\/span>en<span class=\"063503319-15062015\"> 21<\/span>\u00a0Gaststartern aus Holland. <\/span><\/span><\/p>\n<p><span style=\"font-family: Arial; font-size: small;\">Das erste Quali am S<span class=\"063503319-15062015\">amstag um 11:15 Uhr<\/span>\u00a0war halb trocken<span class=\"063503319-15062015\">, denn von ca. 8:00 bis 10:00 Uhr \u00f6ffnete der Himmel seine Schleusen<\/span>. Am Ende landete ich auf auf Platz 12, in unserer Wertung 7. <\/span><\/p>\n<p><span style=\"font-family: Arial;\"><span style=\"font-size: small;\"><span class=\"063503319-15062015\">Am Nachmittag beim zweiten <\/span>Quali\u00a0<span class=\"063503319-15062015\">waren die Bedingungen <\/span>bei sch\u00f6nen trockenen<span class=\"063503319-15062015\"> Wetter super <\/span>und es verbesserten sich die Zeiten von\u00a0<span class=\"063503319-15062015\">allen <\/span>Fahrer<span class=\"063503319-15062015\">n<\/span>.<span class=\"text_exposed_show\"> Auch ich konnte mich nochmal verbessern und startete mit einer Zeit von 1:47,307 von der Gesamtposition 1<span class=\"063503319-15062015\">4<\/span>, in unserer\u00a0<span class=\"063503319-15062015\">W<\/span>ertung von Platz 9. <\/span><\/span><\/span><\/p>\n<p><span class=\"text_exposed_show\"><span style=\"font-family: Arial;\"><span style=\"font-size: small;\"><span class=\"063503319-15062015\">Beim Start des <\/span>Rennen<span class=\"063503319-15062015\">s kam ich prima weg, fand einen guten Rythmus und konnte m<\/span>eine Quali Zeit nochmal um knapp 2 Sekunden verbessern<span class=\"063503319-15062015\"> (meine schnellste Runde mit 1:45,463, ca. 0,3 sec. schneller als die Polezeit von 2014)<\/span> und landete am Ende auf dem 10. Gesamtplatz. In der\u00a0<span class=\"063503319-15062015\">unserer <\/span><span class=\"063503319-15062015\">W<\/span>ertung\u00a0<span class=\"063503319-15062015\">erreichte <\/span>ich\u00a0<span class=\"063503319-15062015\">somit <\/span>P6 und konnte damit meinen 10. Platz vom Lausitzring nochmal verbessern.\u00a0<\/span><\/span><\/span><\/p>\n<p><span class=\"text_exposed_show\"><span style=\"font-family: Arial;\"><span style=\"font-size: small;\">+10 Punkte und Platz 8 in der Tabelle !!! \ud83d\ude0e <\/span><\/span><\/span><\/p>\n<p><span class=\"text_exposed_show\"><span style=\"font-family: Arial;\"><span style=\"font-size: small;\"><span class=\"063503319-15062015\">Ich (und nat\u00fcrlich mein Team)\u00a0bin mit dem Wochenende sehr zufrieden und freue mich nun schon auf das n\u00e4chste Rennen am Hungaroring (03.-05.07.2015).<\/span><\/span><\/span><\/span><\/p>\n<p><span class=\"text_exposed_show\"><span style=\"font-family: Arial;\"><span style=\"font-size: small;\">Ich\u00a0<span class=\"063503319-15062015\">und mein Team <\/span>w\u00fcnsche<span class=\"063503319-15062015\">n<\/span> meinem\u00a0<span class=\"063503319-15062015\">Race-<\/span>Paten Colin Rossi<span class=\"063503319-15062015\">, der bei seinem Rennen im R6 Cup von einem anderen Fahrer abger\u00e4umt wurde, gute\u00a0<\/span>Besserung, damit er in 3 Wochen in Ungarn wieder voll angreifen kann.<span class=\"063503319-15062015\">&#8222;<\/span><\/span><\/span><\/span><\/p>\n<p><span style=\"font-family: Arial; font-size: small;\">Gru\u00df Marco#6<\/span><\/p>\n<p>&nbsp;<\/p>\n<p><span class=\"063503319-15062015\"><span style=\"font-family: Arial; font-size: small;\">Das Fetz-Racing Team schliesst sich Marco&#8217;s Worten an&#8230;&#8230;.. und Gl\u00fcckwunsch auch von uns an Marco !! Er\u00a0hat im Rennen eine super Leistung gezeigt und seine Zeiten waren fast durchweg 1 bis 1,5 sec. schneller als seine schnellste im Quali &#8230;. !!! <\/span><\/span><\/p>\n<p><span class=\"063503319-15062015\"><span style=\"font-family: Arial; font-size: small;\">Au\u00dferdem m\u00f6chten wir\u00a0uns bei den mitgereisten Fan&#8217;s bedanken !! -&gt; bis zum n\u00e4chsten mal \ud83d\ude09<\/span><\/span><\/p>\n<\/div>\n<div>\n<div align=\"left\"><span style=\"font-family: Comic Sans MS;\">Mit motorsportlichen Gr\u00fc\u00dfen !<\/span><\/div>\n<div align=\"left\"><\/div>\n<div align=\"left\"><span style=\"font-family: Comic Sans MS;\">Marco\u00a0 #6<\/span><\/div>\n<div align=\"left\"><span style=\"font-family: Comic Sans MS;\">\u00a0\u00a0\u00a0\u00a0\u00a0 &amp; G\u00fcnter Fetz<\/span><\/div>\n<div align=\"left\"><\/div>\n<div align=\"left\"><span style=\"font-family: Comic Sans MS; font-size: small;\"><a title=\"https:\/\/www.fetz-racing.de\/\" href=\"https:\/\/www.fetz-racing.de\">www.fetz-racing.de<\/a><\/span><\/div>\n<\/div>\n<div><span class=\"340545406-02062015\"><span style=\"font-family: Arial;\"><span style=\"font-size: small;\"><span class=\"340545406-02062015\"><span class=\"063503319-15062015\">\u00a0<\/span><\/span><\/span><\/span><\/span><\/div>\n<div><span class=\"340545406-02062015\"><span style=\"font-family: Arial;\"><span style=\"font-size: small;\"><span class=\"340545406-02062015\"><span class=\"063503319-15062015\">\u00a0<\/span>Stehen Euch f\u00fcr evtl. R\u00fcckfragen nat\u00fcrlich jederzeit zur Verf\u00fcgung !!<\/span><\/span><\/span><\/span><\/div>\n<div><strong>ngg_shortcode_0_placeholder<\/strong><\/div>\n","protected":false},"excerpt":{"rendered":"<p>&#8230;&#8230;&#8230; vom 12.-14.06.2015, \u00a0fand der 2. Lauf des ADAC Junior Cup\u00a0am N\u00fcrburgring statt.\u00a0Bei dieser Veranstaltung wurde auch ein Meisterschaftslauf des niederl\u00e4ndischen Junior Cups ausgetragen, denn das Reglement und die Motorr\u00e4der sind gleich aufgebaut. Die Trainings und Rennen wurden zusammen gefahren aber getrennt gewertet. &#8222;Am Freitag im freien Training konnte ich\u2026 <a class=\"continue-reading-link\" href=\"https:\/\/www.fetz-racing.de\/wordpress\/?p=1468\">Weiterlesen<\/a><\/p>\n","protected":false},"author":2,"featured_media":0,"comment_status":"open","ping_status":"open","sticky":false,"template":"","format":"standard","meta":{"ngg_post_thumbnail":0,"jetpack_post_was_ever_published":false,"_jetpack_newsletter_access":"","_jetpack_dont_email_post_to_subs":false,"_jetpack_newsletter_tier_id":0,"_jetpack_memberships_contains_paywalled_content":false,"_jetpack_memberships_contains_paid_content":false,"footnotes":"","jetpack_publicize_message":"","jetpack_publicize_feature_enabled":true,"jetpack_social_post_already_shared":false,"jetpack_social_options":{"image_generator_settings":{"template":"highway","default_image_id":0,"font":"","enabled":false},"version":2}},"categories":[20],"tags":[24],"class_list":["post-1468","post","type-post","status-publish","format-standard","hentry","category-rennen-2015","tag-nuerburgring"],"jetpack_publicize_connections":[],"jetpack_featured_media_url":"","jetpack_sharing_enabled":true,"jetpack_shortlink":"https:\/\/wp.me\/p8UkLO-nG","jetpack-related-posts":[],"_links":{"self":[{"href":"https:\/\/www.fetz-racing.de\/wordpress\/index.php?rest_route=\/wp\/v2\/posts\/1468","targetHints":{"allow":["GET"]}}],"collection":[{"href":"https:\/\/www.fetz-racing.de\/wordpress\/index.php?rest_route=\/wp\/v2\/posts"}],"about":[{"href":"https:\/\/www.fetz-racing.de\/wordpress\/index.php?rest_route=\/wp\/v2\/types\/post"}],"author":[{"embeddable":true,"href":"https:\/\/www.fetz-racing.de\/wordpress\/index.php?rest_route=\/wp\/v2\/users\/2"}],"replies":[{"embeddable":true,"href":"https:\/\/www.fetz-racing.de\/wordpress\/index.php?rest_route=%2Fwp%2Fv2%2Fcomments&post=1468"}],"version-history":[{"count":1,"href":"https:\/\/www.fetz-racing.de\/wordpress\/index.php?rest_route=\/wp\/v2\/posts\/1468\/revisions"}],"predecessor-version":[{"id":2012,"href":"https:\/\/www.fetz-racing.de\/wordpress\/index.php?rest_route=\/wp\/v2\/posts\/1468\/revisions\/2012"}],"wp:attachment":[{"href":"https:\/\/www.fetz-racing.de\/wordpress\/index.php?rest_route=%2Fwp%2Fv2%2Fmedia&parent=1468"}],"wp:term":[{"taxonomy":"category","embeddable":true,"href":"https:\/\/www.fetz-racing.de\/wordpress\/index.php?rest_route=%2Fwp%2Fv2%2Fcategories&post=1468"},{"taxonomy":"post_tag","embeddable":true,"href":"https:\/\/www.fetz-racing.de\/wordpress\/index.php?rest_route=%2Fwp%2Fv2%2Ftags&post=1468"}],"curies":[{"name":"wp","href":"https:\/\/api.w.org\/{rel}","templated":true}]}}