{"id":1438,"date":"2015-05-05T19:46:52","date_gmt":"2015-05-05T18:46:52","guid":{"rendered":"http:\/\/www.fetz-racing.de\/wordpress\/?p=1438"},"modified":"2016-05-09T06:57:35","modified_gmt":"2016-05-09T05:57:35","slug":"top-ten-platz-bei-der-junior-cup-premiere-am-eurospeedway-lausitz","status":"publish","type":"post","link":"https:\/\/www.fetz-racing.de\/wordpress\/?p=1438","title":{"rendered":"Top Ten Platz bei der Junior Cup Premiere am Eurospeedway Lausitz !"},"content":{"rendered":"<p>Hallo Motorsportfreunde,<\/p>\n<p>am Wochenende vom 01.-03.05.2015 war es soweit: die Premiere im ADAC Junior Cup stand auf dem Programm!<br \/>\nDas erste Rennen wurde im Rahmen der IDM (Internationale Deutsche Motorradmeisterschaft) ausgetragen.<br \/>\nBereits am  Donnerstag Abend, machten wir uns mit gro\u00dfer Vorfreude auf den Weg zum Eurospeedway Lausitz.<br \/>\nBei unserer Anreise hatte es aus Eimern gesch\u00fcttet, doch war ab Freitag bis Sonntag trockenes und sonniges Wetter mit Temperaturen von 15 bis 18\u00b0C angesagt \ud83d\ude42<\/p>\n<p>Am Freitagnachmittag hatten die Junior Cupler ein freies Training, das f\u00fcr die meisten das erste Rollout auf dem Eurospeedway war. Einige waren schon am Wochenende zuvor und unter der Woche zum trainieren angereist.<br \/>\nMarco musste sich erst an die neue Strecke gew\u00f6hnen und stand im freien Training auf P18 mit einer Zeit von 2:07.229.<\/p>\n<p>Samstagvormittag in Q1 konnte er seine Zeit auf eine 2:05,674 und P14 verbessern. In Q2 ging es erneut ein St\u00fcckchen vorw\u00e4rts, er schaffte mit einer 2:04,517 Startplatz 10.<\/p>\n<p>Am Sonntag um 10:10 Uhr gingen die Lichter der Startampel aus und 27 Motorr\u00e4der starteten ins erste Rennen.<br \/>\nMarco kam gut weg und bog als 8er in die erste Kurve ein. Er lag auf P8  bis Dupasquier (Schweiz) und Leibold von hinten aufholten. Er wurde vom Schweizer \u00fcberholt und konnte dessen Rundenzeiten nicht mitgehen. Aber bis zur Ziellinie k\u00e4mpfte Marco mit Leibold um den 9. Platz. In der letzten Kurve startete Leibold noch ein riskantes Man\u00f6ver, bremste innen rein und beide hatten Gl\u00fcck im Sattel zu bleiben. Beim Rausbeschleunigen hat er sich dann verschalten und Marco musste in die Bremse greifen um ihm nicht ins Heck zu knallen. Beim Beschleunigen bis zur Ziellinie fehlten Marco dann 0,069 Sekunden und er \u00fcberquerte als 10ter die Ziellinie.<br \/>\nWir sind auf jeden Fall zufrieden mit P10, auch wenn&#8217;s knapp war \ud83d\ude42<\/p>\n<p>Vom 12.-14.06.2015 findet am N\u00fcrburgring die zweite Veranstaltung des ADAC Junior Cup statt. <\/p>\n<p>Weitere Infos und Bilder auch auf <\/p>\n<p><a href=\"http:\/\/www.adac-motorsport.de\/adac-junior-cup\/de\/\">http:\/\/www.adac-motorsport.de\/adac-junior-cup\/de\/<\/a><\/p>\n<div>\n<div align=\"left\"><span style=\"font-family: Comic Sans MS;\">Mit motorsportlichen Gr\u00fc\u00dfen !<\/span><\/div>\n<div align=\"left\"><\/div>\n<div align=\"left\"><span style=\"font-family: Comic Sans MS;\">Marco\u00a0 #6<\/span><\/div>\n<div align=\"left\"><span style=\"font-family: Comic Sans MS;\">\u00a0\u00a0\u00a0\u00a0\u00a0 &amp; G\u00fcnter Fetz<\/span><\/div>\n<div align=\"left\"><\/div>\n<div align=\"left\"><span style=\"font-family: Comic Sans MS; font-size: small;\"><a title=\"https:\/\/www.fetz-racing.de\/\" href=\"https:\/\/www.fetz-racing.de\/\">www.fetz-racing.de<\/a><\/span><\/div>\n<\/div>\n<p>&nbsp;<\/p>\n<p><strong>ngg_shortcode_0_placeholder<\/strong><\/p>\n","protected":false},"excerpt":{"rendered":"<p>Hallo Motorsportfreunde, am Wochenende vom 01.-03.05.2015 war es soweit: die Premiere im ADAC Junior Cup stand auf dem Programm! Das erste Rennen wurde im Rahmen der IDM (Internationale Deutsche Motorradmeisterschaft) ausgetragen. Bereits am Donnerstag Abend, machten wir uns mit gro\u00dfer Vorfreude auf den Weg zum Eurospeedway Lausitz. Bei unserer Anreise\u2026 <a class=\"continue-reading-link\" href=\"https:\/\/www.fetz-racing.de\/wordpress\/?p=1438\">Weiterlesen<\/a><\/p>\n","protected":false},"author":2,"featured_media":0,"comment_status":"open","ping_status":"open","sticky":false,"template":"","format":"standard","meta":{"ngg_post_thumbnail":0,"jetpack_post_was_ever_published":false,"_jetpack_newsletter_access":"","_jetpack_dont_email_post_to_subs":false,"_jetpack_newsletter_tier_id":0,"_jetpack_memberships_contains_paywalled_content":false,"_jetpack_memberships_contains_paid_content":false,"footnotes":"","jetpack_publicize_message":"","jetpack_publicize_feature_enabled":true,"jetpack_social_post_already_shared":false,"jetpack_social_options":{"image_generator_settings":{"template":"highway","default_image_id":0,"font":"","enabled":false},"version":2}},"categories":[20],"tags":[21],"class_list":["post-1438","post","type-post","status-publish","format-standard","hentry","category-rennen-2015","tag-lausitzring"],"jetpack_publicize_connections":[],"jetpack_featured_media_url":"","jetpack_sharing_enabled":true,"jetpack_shortlink":"https:\/\/wp.me\/p8UkLO-nc","jetpack-related-posts":[],"_links":{"self":[{"href":"https:\/\/www.fetz-racing.de\/wordpress\/index.php?rest_route=\/wp\/v2\/posts\/1438","targetHints":{"allow":["GET"]}}],"collection":[{"href":"https:\/\/www.fetz-racing.de\/wordpress\/index.php?rest_route=\/wp\/v2\/posts"}],"about":[{"href":"https:\/\/www.fetz-racing.de\/wordpress\/index.php?rest_route=\/wp\/v2\/types\/post"}],"author":[{"embeddable":true,"href":"https:\/\/www.fetz-racing.de\/wordpress\/index.php?rest_route=\/wp\/v2\/users\/2"}],"replies":[{"embeddable":true,"href":"https:\/\/www.fetz-racing.de\/wordpress\/index.php?rest_route=%2Fwp%2Fv2%2Fcomments&post=1438"}],"version-history":[{"count":1,"href":"https:\/\/www.fetz-racing.de\/wordpress\/index.php?rest_route=\/wp\/v2\/posts\/1438\/revisions"}],"predecessor-version":[{"id":2013,"href":"https:\/\/www.fetz-racing.de\/wordpress\/index.php?rest_route=\/wp\/v2\/posts\/1438\/revisions\/2013"}],"wp:attachment":[{"href":"https:\/\/www.fetz-racing.de\/wordpress\/index.php?rest_route=%2Fwp%2Fv2%2Fmedia&parent=1438"}],"wp:term":[{"taxonomy":"category","embeddable":true,"href":"https:\/\/www.fetz-racing.de\/wordpress\/index.php?rest_route=%2Fwp%2Fv2%2Fcategories&post=1438"},{"taxonomy":"post_tag","embeddable":true,"href":"https:\/\/www.fetz-racing.de\/wordpress\/index.php?rest_route=%2Fwp%2Fv2%2Ftags&post=1438"}],"curies":[{"name":"wp","href":"https:\/\/api.w.org\/{rel}","templated":true}]}}