{"id":1392,"date":"2015-04-13T20:53:08","date_gmt":"2015-04-13T19:53:08","guid":{"rendered":"http:\/\/www.fetz-racing.de\/wordpress\/?p=1392"},"modified":"2016-05-09T07:01:25","modified_gmt":"2016-05-09T06:01:25","slug":"los-gehts-einfuehrungslehrgang-in-magione-italien-vom-29-03-01-04-15","status":"publish","type":"post","link":"https:\/\/www.fetz-racing.de\/wordpress\/?p=1392","title":{"rendered":"Los geht&#8217;s: Einf\u00fchrungslehrgang in Magione, Italien, vom 29.03.-01.04.15"},"content":{"rendered":"<p>Hallo Motorsportfreunde,<\/p>\n<p>bereits am 29.03.15, Freitag Abend, machten wir uns mit gro\u00dfer Vorfreude auf den Weg nach Italien zum Einf\u00fchrungslehrgang des ADAC Junior Cup in Magione.<\/p>\n<p>Sonntag stand den ganzen Tag \u201cTheorie\u201d auf dem Plan: ADAC JC-Teamvorstellung, Verhalten auf der Strecke, Flaggenzeichen, Fitness\/Sport\/Gesundheit, usw.! Fahrerbesprechungen und Fototermine stand an allen Tagen auf der Tagesordnung.<\/p>\n<p>Auch die Eltern\/Mechaniker bekamen t\u00e4glich Einweisungen \/ Briefing in Technik, Reglement, Ablauf der Serie usw.<br \/>\nZudem bekam jeder Fahrer\/-in einen Helm von unserem Cup-Sponsor X-lite!<\/p>\n<p>Montag morgen schien die Sonne und es war super Wetter, alle freuten sich schon aufs Fahren! Jedoch war morgens, wie an den beiden weiteren Tagen auch, Fr\u00fchsport angesagt.<br \/>\nDanach folgte noch eine kurze Fahrerbesprechung und dann ging es schon auf die Strecke. Die Instruktoren Luca Gr\u00fcnwald (Moto3 WM 2014) und Dario Giusepetti (Superbike IDM 2014) waren mit uns in 2 kleinen Gruppen unterwegs und es machte es schon nach den ersten Runden m\u00e4chtig Spa\u00df!<\/p>\n<p>Dienstag durften wir dann alleine, aber jedoch zusammen mit den Instruktoren auf der Strecke fahren und jeder kam sofort super allein zurecht.<\/p>\n<p>Auch am Mittwoch war vorerst noch fahren mit den Instruktoren angesagt, danach folgten zuletzt noch ein paar Start\u00fcbungen.<br \/>\nNachmittags gab es noch eine Abschlussbesprechung und damit war der Einf\u00fchrungslehrgang beendet.<\/p>\n<p>Noch am Mittwoch machten wir uns mit dem Wohnmobil auf den Weg zum Autodromo Franciacorta, n\u00e4he Brescia.<br \/>\nAuf Einladung von Theo D\u00e4schlein, Bechhofen, (Danke nochmal an Theo und sein Team !) konnte ich dort an der Veranstaltung von Klassik-Motor, von Freitag bis Sonntag, teilnehmen.<\/p>\n<p>Auch dort war super Wetter! Ich konnte mich in den drei Tagen weiter an die KTM gew\u00f6hnen und kam sofort wieder super zurecht! Im Qualifying startete ich in meiner Klasse von der Position 3, jedoch waren nur f\u00fcnf weitere KTM Fahrer da. Am Sonntag-Morgen fand dann das erste Rennen unter nassen Bedingungen statt und ich konnte den 2. Platz belegen. Im zweiten Rennen war die Strecke schon teilweise abgetrocknet und nach einem harten Kampf mit Geiger und Erhard und einem \u201cfast Abflug\u201c, belegte ich den 4. Platz. Es hat mir wie immer sehr viel Spa\u00df gemacht und ich freue mich schon aufs erste Rennen!<\/p>\n<p>In drei Wochen, 01.-03.05.2015, findet am Lausitzring im Rahmen der IDM (Internationale Deutsche Motorradmeisterschaft) die erste Veranstaltung des ADAC Junior Cup statt.<br \/>\nFalls ihr Interesse habt eine Veranstaltung zu besuchen, stehen wir gerne f\u00fcr Fragen zur Verf\u00fcgung und wir w\u00fcrden uns freuen, Euch an der Strecke und im Fahrerlager begr\u00fc\u00dfen zu k\u00f6nnen!<\/p>\n<p>Weitere Infos und Bilder auch auf <a href=\"http:\/\/www.adac-motorsport.de\/adac-junior-cup\/de\/\">http:\/\/www.adac-motorsport.de\/adac-junior-cup\/de\/<\/a><\/p>\n<p>Mit motorsportlichen Gr\u00fc\u00dfen !<\/p>\n<p>Marco #6<br \/>\n&amp; G\u00fcnter Fetz<br \/>\nwww.fetz-racing.de<\/p>\n<div align=\"left\">ngg_shortcode_0_placeholder<\/div>\n","protected":false},"excerpt":{"rendered":"<p>Hallo Motorsportfreunde, bereits am 29.03.15, Freitag Abend, machten wir uns mit gro\u00dfer Vorfreude auf den Weg nach Italien zum Einf\u00fchrungslehrgang des ADAC Junior Cup in Magione. Sonntag stand den ganzen Tag \u201cTheorie\u201d auf dem Plan: ADAC JC-Teamvorstellung, Verhalten auf der Strecke, Flaggenzeichen, Fitness\/Sport\/Gesundheit, usw.! Fahrerbesprechungen und Fototermine stand an allen\u2026 <a class=\"continue-reading-link\" href=\"https:\/\/www.fetz-racing.de\/wordpress\/?p=1392\">Weiterlesen<\/a><\/p>\n","protected":false},"author":2,"featured_media":0,"comment_status":"open","ping_status":"open","sticky":false,"template":"","format":"standard","meta":{"ngg_post_thumbnail":0,"jetpack_post_was_ever_published":false,"_jetpack_newsletter_access":"","_jetpack_dont_email_post_to_subs":false,"_jetpack_newsletter_tier_id":0,"_jetpack_memberships_contains_paywalled_content":false,"_jetpack_memberships_contains_paid_content":false,"footnotes":"","jetpack_publicize_message":"","jetpack_publicize_feature_enabled":true,"jetpack_social_post_already_shared":false,"jetpack_social_options":{"image_generator_settings":{"template":"highway","default_image_id":0,"font":"","enabled":false},"version":2}},"categories":[20],"tags":[],"class_list":["post-1392","post","type-post","status-publish","format-standard","hentry","category-rennen-2015"],"jetpack_publicize_connections":[],"jetpack_featured_media_url":"","jetpack_sharing_enabled":true,"jetpack_shortlink":"https:\/\/wp.me\/p8UkLO-ms","jetpack-related-posts":[],"_links":{"self":[{"href":"https:\/\/www.fetz-racing.de\/wordpress\/index.php?rest_route=\/wp\/v2\/posts\/1392","targetHints":{"allow":["GET"]}}],"collection":[{"href":"https:\/\/www.fetz-racing.de\/wordpress\/index.php?rest_route=\/wp\/v2\/posts"}],"about":[{"href":"https:\/\/www.fetz-racing.de\/wordpress\/index.php?rest_route=\/wp\/v2\/types\/post"}],"author":[{"embeddable":true,"href":"https:\/\/www.fetz-racing.de\/wordpress\/index.php?rest_route=\/wp\/v2\/users\/2"}],"replies":[{"embeddable":true,"href":"https:\/\/www.fetz-racing.de\/wordpress\/index.php?rest_route=%2Fwp%2Fv2%2Fcomments&post=1392"}],"version-history":[{"count":1,"href":"https:\/\/www.fetz-racing.de\/wordpress\/index.php?rest_route=\/wp\/v2\/posts\/1392\/revisions"}],"predecessor-version":[{"id":2014,"href":"https:\/\/www.fetz-racing.de\/wordpress\/index.php?rest_route=\/wp\/v2\/posts\/1392\/revisions\/2014"}],"wp:attachment":[{"href":"https:\/\/www.fetz-racing.de\/wordpress\/index.php?rest_route=%2Fwp%2Fv2%2Fmedia&parent=1392"}],"wp:term":[{"taxonomy":"category","embeddable":true,"href":"https:\/\/www.fetz-racing.de\/wordpress\/index.php?rest_route=%2Fwp%2Fv2%2Fcategories&post=1392"},{"taxonomy":"post_tag","embeddable":true,"href":"https:\/\/www.fetz-racing.de\/wordpress\/index.php?rest_route=%2Fwp%2Fv2%2Ftags&post=1392"}],"curies":[{"name":"wp","href":"https:\/\/api.w.org\/{rel}","templated":true}]}}